{"id":155421,"date":"2025-03-10T10:38:51","date_gmt":"2025-03-10T09:38:51","guid":{"rendered":"https:\/\/die-webzeitung.de\/stuttgart\/2025\/03\/10\/schwaebisch-fraenkischer-wald-naturpark-aktiv\/"},"modified":"2025-03-10T10:38:51","modified_gmt":"2025-03-10T09:38:51","slug":"schwaebisch-fraenkischer-wald-naturpark-aktiv","status":"publish","type":"post","link":"https:\/\/die-webzeitung.de\/stuttgart\/2025\/03\/10\/schwaebisch-fraenkischer-wald-naturpark-aktiv\/","title":{"rendered":"Schw\u00e4bisch-Fr\u00e4nkischer Wald: Naturpark aktiv"},"content":{"rendered":"<header class=\"frame-space-after-small\n\"><\/p>\n<h3 style=\"text-align: justify;\"><strong>Unterwegs mit den Naturparkf\u00fchrern und Naturparkf\u00fchrerinnen<\/strong><\/h3>\n<\/header>\n<div id=\"c1311\" class=\"frame frame-default frame-type-text frame-layout-0\n\n             frame-space-after-small\"><\/p>\n<p style=\"text-align: justify;\">An nahezu allen Sonn- und Feiertagen k\u00f6nnen Sie sich auf geheimnisvolle und abwechslungsreiche Wanderungen in den 48 Mitgliedskommunen des Schw\u00e4bisch-Fr\u00e4nkischen Waldes begeben. Die <a href=\"https:\/\/www.naturpark-sfw.de\/erleben\/naturparkfuehrer\" target=\"_blank\" rel=\"noopener\">Naturparkf\u00fchrerinnen und Naturparkf\u00fchrer<\/a> nehmen Sie mit allerlei Geschichten\u00a0im Gep\u00e4ck mit auf ihren Weg zu Land und Leuten.<\/p>\n<p style=\"text-align: justify;\">Die gef\u00fchrten Wanderungen finden bei nahezu jedem Wetter statt und gehen meist \u00fcber Stock und Stein. Feste Schuhe mit griffigen Sohlen sind grunds\u00e4tzlich Voraussetzung f\u00fcr die Teilnahme, einige Wanderungen sind barrierefrei und kinderwagentauglich.<\/p>\n<p style=\"text-align: justify;\">Sie k\u00f6nnen sich entweder direkt \u00fcber unseren <a href=\"https:\/\/www.naturpark-sfw.de\/aktuelles\/veranstaltungskalender\" target=\"_blank\" rel=\"noopener\">Veranstaltungskalender<\/a> zu den Touren anmelden oder Sie schm\u00f6kern zun\u00e4chst in der Brosch\u00fcre Naturpark aktiv\u00a0in alle Veranstaltungen aufgef\u00fchrt sind.<\/p>\n<p style=\"text-align: justify;\">Dieses Projekt wurde gef\u00f6rdert durch den Naturpark Schw\u00e4bisch-Fr\u00e4nkischer Wald mit Mitteln des Landes Baden-W\u00fcrttemberg und der Lotterie Gl\u00fccksspirale.<\/p>\n<hr \/>\n<p style=\"text-align: justify;\">\n<\/div>\n","protected":false},"excerpt":{"rendered":"<p>Unterwegs mit den Naturparkf\u00fchrern und Naturparkf\u00fchrerinnen An nahezu allen Sonn- und Feiertagen k\u00f6nnen Sie sich auf geheimnisvolle und abwechslungsreiche Wanderungen in den 48 Mitgliedskommunen des Schw\u00e4bisch-Fr\u00e4nkischen Waldes begeben. Die Naturparkf\u00fchrerinnen und Naturparkf\u00fchrer nehmen Sie mit allerlei Geschichten\u00a0im Gep\u00e4ck mit auf ihren Weg zu Land und Leuten. Die gef\u00fchrten Wanderungen finden bei nahezu jedem Wetter statt [&hellip;]<\/p>\n","protected":false},"author":4,"featured_media":155422,"comment_status":"closed","ping_status":"open","sticky":false,"template":"","format":"standard","meta":{"inline_featured_image":false,"_exactmetrics_skip_tracking":false,"_exactmetrics_sitenote_active":false,"_exactmetrics_sitenote_note":"","_exactmetrics_sitenote_category":0,"footnotes":""},"categories":[89],"tags":[14857,18005,68,9,924,1335],"class_list":{"0":"post-155421","1":"post","2":"type-post","3":"status-publish","4":"format-standard","5":"has-post-thumbnail","7":"category-reisezeit","8":"tag-die-webzeitung","9":"tag-franken","10":"tag-online-zeitung","11":"tag-schaumedia","12":"tag-schwabisch","13":"tag-wald"},"image_feature":"https:\/\/die-webzeitung.de\/stuttgart\/wp-content\/uploads\/sites\/4\/2025\/03\/funnel-cake-5092098_1280-scaled.jpg","author_name":"Redaktion","pure_taxonomies":{"categories":[{"term_id":89,"name":"Freizeit &amp; Reise","slug":"reisezeit","term_group":0,"term_taxonomy_id":90,"taxonomy":"category","description":"","parent":482,"count":34,"filter":"raw","image":""}],"tags":[{"term_id":14857,"name":"Die-Webzeitung","slug":"die-webzeitung","term_group":0,"term_taxonomy_id":14876,"taxonomy":"post_tag","description":"","parent":0,"count":3625,"filter":"raw","image":""},{"term_id":18005,"name":"Franken","slug":"franken","term_group":0,"term_taxonomy_id":18024,"taxonomy":"post_tag","description":"","parent":0,"count":1,"filter":"raw","image":""},{"term_id":68,"name":"Online-Zeitung","slug":"online-zeitung","term_group":0,"term_taxonomy_id":69,"taxonomy":"post_tag","description":"","parent":0,"count":3595,"filter":"raw","image":""},{"term_id":9,"name":"SchauMedia","slug":"schaumedia","term_group":0,"term_taxonomy_id":9,"taxonomy":"post_tag","description":"","parent":0,"count":1607,"filter":"raw","image":""},{"term_id":924,"name":"Schw\u00e4bisch","slug":"schwabisch","term_group":0,"term_taxonomy_id":933,"taxonomy":"post_tag","description":"","parent":0,"count":1,"filter":"raw","image":""},{"term_id":1335,"name":"Wald","slug":"wald","term_group":0,"term_taxonomy_id":1344,"taxonomy":"post_tag","description":"","parent":0,"count":12,"filter":"raw","image":""}]},"_links":{"self":[{"href":"https:\/\/die-webzeitung.de\/stuttgart\/wp-json\/wp\/v2\/posts\/155421","targetHints":{"allow":["GET"]}}],"collection":[{"href":"https:\/\/die-webzeitung.de\/stuttgart\/wp-json\/wp\/v2\/posts"}],"about":[{"href":"https:\/\/die-webzeitung.de\/stuttgart\/wp-json\/wp\/v2\/types\/post"}],"author":[{"embeddable":true,"href":"https:\/\/die-webzeitung.de\/stuttgart\/wp-json\/wp\/v2\/users\/4"}],"replies":[{"embeddable":true,"href":"https:\/\/die-webzeitung.de\/stuttgart\/wp-json\/wp\/v2\/comments?post=155421"}],"version-history":[{"count":0,"href":"https:\/\/die-webzeitung.de\/stuttgart\/wp-json\/wp\/v2\/posts\/155421\/revisions"}],"wp:featuredmedia":[{"embeddable":true,"href":"https:\/\/die-webzeitung.de\/stuttgart\/wp-json\/wp\/v2\/media\/155422"}],"wp:attachment":[{"href":"https:\/\/die-webzeitung.de\/stuttgart\/wp-json\/wp\/v2\/media?parent=155421"}],"wp:term":[{"taxonomy":"category","embeddable":true,"href":"https:\/\/die-webzeitung.de\/stuttgart\/wp-json\/wp\/v2\/categories?post=155421"},{"taxonomy":"post_tag","embeddable":true,"href":"https:\/\/die-webzeitung.de\/stuttgart\/wp-json\/wp\/v2\/tags?post=155421"}],"curies":[{"name":"wp","href":"https:\/\/api.w.org\/{rel}","templated":true}]}}