{"id":155409,"date":"2025-03-10T10:28:02","date_gmt":"2025-03-10T09:28:02","guid":{"rendered":"https:\/\/die-webzeitung.de\/stuttgart\/?p=155409"},"modified":"2025-03-15T13:56:00","modified_gmt":"2025-03-15T12:56:00","slug":"polizei-report-kreis-esslingen-woche-11-4","status":"publish","type":"post","link":"https:\/\/die-webzeitung.de\/stuttgart\/2025\/03\/10\/polizei-report-kreis-esslingen-woche-11-4\/","title":{"rendered":"Polizei-Report Kreis Esslingen | Woche 11"},"content":{"rendered":"<p><em>Quelle: ots<\/em><\/p>\n<p style=\"text-align: justify;\"><strong>Esslingen am Neckar: Verkehrsunfall mit Verletzten<br \/>\n<\/strong>Zwei leicht verletzte Personen und Sachschaden in H\u00f6he von circa 22.000 Euro sind die Folgen eines Verkehrsunfalls, welcher sich am Freitagabend auf der Sirnauer Br\u00fccke in Esslingen ereignet hat. Gegen 23.15 Uhr bog der 55-j\u00e4hrige Fahrer eines VW Passat von der Sirnauer Br\u00fccke kommend nach links auf die Bundesstra\u00dfe 10 in Fahrtrichtung G\u00f6ppingen ab und \u00fcbersah hierbei eine entgegenkommende Mercedes-Benz C-Klasse, welche von einem 50-J\u00e4hrigen gelenkt wurde. Im Einm\u00fcndungsbereich kam es zur Kollision beider Pkw. Durch den Zusammensto\u00df zogen sich sowohl die Beifahrerin des Unfallverursachers als auch der Fahrzeugf\u00fchrer des Mercedes-Benz leichte Verletzungen zu. Beide Verletzten wurden durch den Rettungsdienst in ein Krankenhaus gebracht. Die beteiligten Fahrzeuge waren nicht mehr fahrbereit und mussten abgeschleppt werden.<\/p>\n<p style=\"text-align: justify;\"><strong>Filderstadt: K\u00f6rperliche Auseinandersetzung<br \/>\n<\/strong>Zu einem K\u00f6rperverletzungsdelikt mit drei leicht verletzten Personen ist es am fr\u00fchen Samstagmorgen im Stadtteil Bernhausen gekommen. Gegen 05.00 Uhr teilten Zeugen \u00fcber Notruf mit, dass sich eine Schl\u00e4gerei zwischen mehreren Personen vor einem Restaurant in der Karlstra\u00dfe ereignete. Beim Eintreffen der Polizei konnten vor Ort zwei leicht verletzte M\u00e4nner festgestellt werden, die \u00e4u\u00dferten, dass sie von einer bislang unbekannten Personengruppe angegriffen wurden. Ein weiterer Beteiligter konnte nach einem Hinweis in einer nahegelegenen Stra\u00dfe durch eine Streifenwagenbesatzung festgestellt werden. Auch er wies leichte Verletzungen auf, die nicht vom Rettungsdienst behandelt werden mussten. Nach Durchf\u00fchrung der erforderlichen Ma\u00dfnahmen wurden alle Beteiligten vor Ort entlassen. Das Polizeirevier Filderstadt hat die weiteren Ermittlungen aufgenommen.<\/p>\n<p style=\"text-align: justify;\"><strong>Wendlingen am Neckar: Betrunken Unfall verursacht<br \/>\n<\/strong>Ein beschlagnahmter F\u00fchrerschein sowie Sachschaden in H\u00f6he von sch\u00e4tzungsweise 15.000 Euro sind die Folgen eines Verkehrsunfalls, der sich am Samstagmorgen gegen 0.20 Uhr ereignet hat. Ein 21-J\u00e4hriger fuhr mit seinem BMW 1er auf der H\u00f6henstra\u00dfe und kollidierte hierbei aus bislang ungekl\u00e4rter Ursache mit einem geparkten Toyota Aygo. W\u00e4hrend der Unfallaufnahme konnten durch die Polizeibeamten bei dem 21-J\u00e4hrigen neben einem vorl\u00e4ufigen Atemalkoholwert von fast zwei Promille auch Anzeichen f\u00fcr eine Bet\u00e4ubungsmittelbeeinflussung festgestellt werden. Der unverletzt gebliebene Fahrer musste in der Folge neben seinem F\u00fchrerschein auch eine Blutprobe abgeben.<\/p>\n<p style=\"text-align: justify;\"><strong>Kirchheim\/Teck: Mit Messer verletzt (Zeugenaufruf)<br \/>\n<\/strong>Mit zahlreichen Einsatzkr\u00e4ften, Polizeihundef\u00fchrern und einem Polizeihubschrauber war die Polizei am Freitagnachmittag im Bereich der Senefelder Stra\u00dfe unterwegs. Dort soll gegen 15.45 Uhr ein noch Unbekannter eine 27 Jahre alte Frau, die dort zu Fu\u00df unterwegs war, angegriffen, mit einem Messer verletzt haben und anschlie\u00dfend in Richtung Boschstra\u00dfe gefl\u00fcchtet sein. Die Frau wurde vom Rettungsdienst ins Krankenhaus gebracht und aktuell behandelt. Lebensgefahr besteht nach derzeitigem Kenntnisstand nicht. Die Hintergr\u00fcnde und der Ablauf Auseinandersetzung sind noch nicht bekannt. Der Tatverd\u00e4chtige wird als etwa 170 Zentimeter gro\u00df und normaler Statur beschrieben. Er war mit einer schwarzen Jacke und einer schwarzen Kapuze bekleidet. Er hatte dunkle Haare und soll einen dunklen Teint gehabt haben. Die Kriminalpolizei hat noch vor Ort die Ermittlungen aufgenommen. Hinweise zu dem Unbekannten nimmt die Kriminalpolizeidirektion Esslingen, Telefon 0711\/3990-0 oder das Polizeirevier Kirchheim, Telefon 07021\/501-0 entgegen.<\/p>\n<p style=\"text-align: justify;\"><strong>Frickenhausen: Bekanntem mit Messer gedroht und Geld gefordert (Zeugenaufruf)<br \/>\n<\/strong>Gegen einen 22-J\u00e4hrigen ermittelt die Polizei nach einem Vorfall, der sich nach derzeitigem Kenntnisstand am Donnerstagnachmittag am Bahnhof in Frickenhausen ereignet hat. Kurz vor 15.30 Uhr soll ein 22-J\u00e4hriger von einem 21 Jahre alten Bekannten Geld gefordert und ihm mit einem Messer gedroht haben. Zu einer \u00dcbergabe des geforderten Geldes kam es nicht. Verletzt wurde niemand. Die Kriminalpolizeidirektion Esslingen hat die Ermittlungen aufgenommen und bittet Zeugen, die die Tat beobachtet haben, sich unter der Telefonnummer 07022\/9224-0 beim Polizeirevier N\u00fcrtingen zu melden.<\/p>\n<p style=\"text-align: justify;\"><strong>Owen: Mit Pkw \u00fcberschlagen und verletzt<br \/>\n<\/strong>Bei einem Verkehrsunfall am Freitagmittag auf der K1243 ist eine 49-J\u00e4hrige leicht verletzt worden. Die Frau war kurz nach 13 Uhr mit ihrem Fiat 500 auf der Kreisstra\u00dfe von N\u00fcrtingen in Richtung Owen unterwegs, als sie aus noch ungekl\u00e4rter Ursache mit ihrem Pkw nach rechts in das Stra\u00dfenbankett geriet. Beim Gegenlenken kam das Fahrzeug auf die Gegenfahrbahn und hierbei in eine Schleuderbewegung. Im weiteren Verlauf fuhr die Frau nach rechts von der Fahrbahn ab, wo sich ihr Wagen in der angrenzenden Wiese \u00fcberschlug und dort zum Stillstand kam. Die 49-J\u00e4hrige wurde an der Unfallstelle erstversorgt und durch den Rettungsdienst in eine Klinik gebracht. An ihrem Pkw d\u00fcrfte wirtschaftlicher Totalschaden in H\u00f6he von mindestens 5.000 Euro entstanden sein. Der Fiat musste von einem Abschleppdienst geborgen und abtransportiert werden.<\/p>\n<p style=\"text-align: justify;\"><strong>Kirchheim: Mehrere Verletzte und hoher Sachschaden nach Busunfall<\/strong><br \/>\nNach ersten Erkenntnissen f\u00fcnf Leichtverletzte und Sachschaden in H\u00f6he von etwa 500.000 Euro sind die Bilanz eines Verkehrsunfalls am Freitagmorgen in der Alleenstra\u00dfe. Ein 60-J\u00e4hriger befuhr gegen 8.40 Uhr mit einem Linienbus der Marke MAN die Alleenstra\u00dfe in Richtung Plochinger Stra\u00dfe. Den ersten verkehrspolizeilichen Ermittlungen zufolge \u00fcberfuhr er offenbar infolge eines Sekundenschlafs eine Rot zeigende Ampel im Bereich der Stra\u00dfenteilung und prallte anschlie\u00dfend gegen die Hausw\u00e4nde zweier Geb\u00e4ude auf der rechten Seite und gegen das Heck eines zwischen den H\u00e4usern geparkten VW. Dabei wurden auch eine Stra\u00dfenlaterne umgeworfen sowie die Fensterscheibe eines in einem der H\u00e4user befindlichen Caf\u00e9s besch\u00e4digt. Dadurch wurde eine darin aufh\u00e4ltige Personen leicht verletzt. Auch der Busfahrer sowie zwei Kinder und ein erwachsender Fahrgast aus dem mit insgesamt zehn Personen besetzten Bus erlitten leichte Verletzungen. Der Rettungsdienst brachte sie zur weiteren Untersuchung und Behandlung ins Krankenhaus. Beide beteiligten Fahrzeuge mussten abgeschleppt werden. Aufgrund des Tr\u00fcmmerfelds und auslaufender Betriebsmittel waren auch die Feuerwehr sowie der Bauhof mit einer Kehrmaschine zur Unfallstelle ausger\u00fcckt. Zur \u00dcberpr\u00fcfung der Statik eines der betroffenen Geb\u00e4ude waren auch das Technische Hilfswerk, Statiker sowie Vertreter der Stadt vor Ort. Bis zum Abschluss der Bergungs- und Aufr\u00e4umarbeiten musste die Alleenstra\u00dfe gesperrt werden.<\/p>\n<p style=\"text-align: justify;\"><strong>Kirchheim: Pkw blockiert Bundesstra\u00dfe<br \/>\n<\/strong>Ein liegengebliebenes Pannenfahrzeug hat am Donnerstagnachmittag zu erheblichen Verkehrsbehinderungen auf der B465 \/ B297 zwischen Kirchheim und Dettingen\/Teck gef\u00fchrt. Am Fiat eines 35-J\u00e4hrigen war kurz nach 17 Uhr ein Defekt aufgetreten, woraufhin sein Wagen auf der Bundesstra\u00dfe liegenblieb. Der nicht mehr fahrbereite Pkw blockierte infolgedessen den kompletten linken Fahrstreifen. Aufgrund der gef\u00e4hrlichen Situation f\u00fcr das zu diesem Zeitpunkt bestehende hohe Verkehrsaufkommen wurde das Pannenfahrzeug durch Beamte des Polizeireviers Kirchheim bis zur Bergung durch einen Abschlepper abgesichert. Nach rund 45 Minuten konnte die Gefahr beseitigt werden.<\/p>\n<p style=\"text-align: justify;\"><strong>Esslingen: Brand auf Herd<br \/>\n<\/strong>In die Stra\u00dfe Am Kronenhof sind die Einsatzkr\u00e4fte am Freitagmorgen, gegen 7.50 Uhr, ausger\u00fcckt. Zuvor war der Rettungsleitstelle ein dortiger K\u00fcchenbrand gemeldet worden. Wie sich vor Ort herausstellte, waren wohl durch eine versehentlich eingeschaltete Herdplatte darauf befindliche Gegenst\u00e4nde in Brand geraten, die vom Bewohner jedoch eigenst\u00e4ndig gel\u00f6scht werden konnten. Auch eine Bel\u00fcftung durch die Feuerwehr war nicht notwendig. Der Sachschaden wird auf wenige hundert Euro gesch\u00e4tzt. Verletzt wurde nach derzeitigem Kenntnisstand niemand.<\/p>\n<p style=\"text-align: justify;\"><strong>Ostfildern: Verletzte bei Verkehrsunfall in Ruit<br \/>\n<\/strong>Zu einem Verkehrsunfall mit Verletzten ist es am Donnerstagmorgen in Ruit gekommen. Gegen 8.20 Uhr war ein 58 Jahre alter Mann mit einem MAN-Laster auf der Verl\u00e4ngerung des Stockh\u00e4user Wegs unterwegs. An der Kreuzung mit der Stra\u00dfe Rossert kollidierte er mit dem von rechts kommenden und vorfahrtsberechtigten Peugeot eines 51-J\u00e4hrigen. Dabei verletzten sich der Pkw-Lenker sowie seine zwei Mitfahrer im Alter von 54 und 42 Jahren ersten Erkenntnissen zufolge leicht. Vom Rettungsdienst wurden die M\u00e4nner zur weiteren Untersuchung und Behandlung ins Krankenhaus gebracht. Der Gesamtschaden an den Fahrzeugen d\u00fcrfte sich auf circa 30.000 Euro belaufen. Sie wurden abgeschleppt. Neben Rettungsdienst und Polizei war auch die Feuerwehr an die Unfallstelle ausger\u00fcckt.<\/p>\n<p style=\"text-align: justify;\"><strong>Leinfelden-Echterdingen: Nach Kollision ins Krankenhaus gebracht<br \/>\n<\/strong>Vermutlich aufgrund einer medizinischen Ursache hat sich am Donnerstagnachmittag ein Verkehrsunfall ereignet. Gegen 14.20 Uhr war ein 27-J\u00e4hriger mit einem Mercedes Sprinter auf der Maybachstra\u00dfe in Richtung Max-Lang-Stra\u00dfe unterwegs und scherte nach links aus, um eine Fahrzeugschlange zu \u00fcberholen, die vor der Rot zeigenden Ampel wartete. Ersten Erkenntnissen nach infolge gesundheitlicher Probleme lenkte der Mann pl\u00f6tzlich nach rechts, worauf es zur Kollision mit dem in der Fahrzeugschlange wartenden VW Golf eines 50 Jahre alten Mannes kam. Der hinzugerufene Rettungsdienst k\u00fcmmerte sich in der Folge um den 27-J\u00e4hrigen und brachte ihn zur weiteren Untersuchung und Behandlung in eine Klinik. Der Sprinter sowie der VW, an denen sich der Gesamtschaden auf circa 15.000 Euro summieren d\u00fcrfte, mussten abgeschleppt werden. Aufgrund des starken Verkehrsaufkommens an der Unfallstelle war eine Regelung durch die Polizei erforderlich.<\/p>\n<p style=\"text-align: justify;\"><strong>Esslingen: Brand eines Zweifamilienhauses<br \/>\n<\/strong>Zum Brand eines Wohnhauses sind die Einsatzkr\u00e4fte am Donnerstagabend in den Kimmichsweilerweg ausger\u00fcckt. Kurz nach 18 Uhr hatte eine Streifenwagenbesatzung des Polizeireviers Esslingen eine gro\u00dfe, schwarze Rauchwolke \u00fcber dem Stadtteil Oberhof bemerkt und sofort die Rettungskette in Gang gesetzt. Zeitgleich gingen mehrere Notrufe bei den Einsatzleitstellen von Feuerwehr und Polizei ein. Beim Eintreffen der Einsatzkr\u00e4fte hatten die Hausbewohner das Zweifamilienhaus bereits verlassen. Die Dachterrasse und der Dachstuhl standen bereits lichterloh in Flammen. Die Feuerwehr, die mit 19 Fahrzeugen und 80 Feuerwehrleuten im Einsatz war, begann sofort mit den L\u00f6scharbeiten, die sich bis etwa 22 Uhr hinzogen. Durch den raschen und professionellen Einsatz der Feuerwehr gelang es zwar, eine weitere Ausbreitung der Flammen auf das Geb\u00e4ude zu verhindern, dennoch d\u00fcrfte das Haus nach derzeitigem Stand nicht mehr bewohnbar sein. Verletzt wurde niemand, sodass der Rettungsdienst, der mit drei Fahrzeugen und sieben Rettungskr\u00e4ften angefahren war, nicht eingesetzt werden musste. Der entstandene Sachschaden d\u00fcrfte sich ersten Sch\u00e4tzungen zufolge im siebenstelligen Bereich bewegen. Der Polizeiposten Oberesslingen hat mit Unterst\u00fctzung von Spurensicherungsexperten der Kriminalpolizei die Ermittlungen zur Brandursache aufgenommen und geht ersten Hinweisen nach, die m\u00f6glicherweise auf einen Zusammenhang mit am gleichen Tag stattgefundenen Bitumenarbeiten auf der mit einer Photovoltaikanlage ausgestatten Dachterrasse hindeuten k\u00f6nnten.<\/p>\n<p style=\"text-align: justify;\"><strong>Ostfildern-Nellingen: Versuchtes T\u00f6tungsdelikt &#8211; Tatverd\u00e4chtiger in Haft<\/strong><br \/>\nNach einer t\u00e4tlichen Auseinandersetzung, bei der am Montag (10.03.2025) in einer Fl\u00fcchtlingsunterkunft in Ostfildern-Nellingen ein 21-J\u00e4hriger eine Schnittverletzung davongetragen hatte, ist der Kriminalpolizeidirektion Esslingen mit der Festnahme des fl\u00fcchtigen 22-j\u00e4hrigen Tatverd\u00e4chtigen ein schneller Ermittlungs- und Fahndungserfolg gelungen. Der Mann befindet sich mittlerweile in Untersuchungshaft.<br \/>\nWie bereits berichtet, war es zwischen einem 22-J\u00e4hrigen und seinem 21 Jahre alten Mitbewohner am Montagnachmittag (10.03.2025) zu einer Auseinandersetzung gekommen, in deren Verlauf der \u00c4ltere seinem Kontrahenten mit einem Messer eine Schnittverletzung im Gesicht zugef\u00fcgt haben soll. Der Verletzte wurde durch den Rettungsdienst vor Ort versorgt und zur Behandlung seiner erlittenen Verletzung in eine Klinik gebracht. Diese konnte er am folgenden Tag wieder verlassen. Die Fahndung nach dem fl\u00fcchtigen, namentlich bekannten Mann war zun\u00e4chst erfolglos verlaufen.<br \/>\nDie mit Hochdruck get\u00e4tigten Ermittlungen f\u00fchrten zeitnah auf die Spur des 22-j\u00e4hrigen, syrischen Staatsangeh\u00f6rigen, der vor\u00fcbergehend untergetaucht war. Am Mittwoch (12.03.2025) konnte dieser in einer Wohnung in Ludwigshafen lokalisiert und festgenommen werden.<br \/>\nDer Mann wurde am Donnerstag dem zust\u00e4ndigen Haftrichter am Amtsgericht Esslingen vorgef\u00fchrt, der den bereits im Vorfeld von der Staatsanwaltschaft Stuttgart erwirkten Haftbefehl in Vollzug setzte.<br \/>\nIm Anschluss wurde der 22-J\u00e4hrige, gegen den wegen des Verdachts eines T\u00f6tungsdeliktes ermittelt wird, in eine Justizvollzugsanstalt eingeliefert.<\/p>\n<p style=\"text-align: justify;\"><strong>Filderstadt: Feuerwerksk\u00f6rper vor Einkaufsmarkt gez\u00fcndet<br \/>\n<\/strong>Wegen des Verdachts der Sachbesch\u00e4digung ermittelt das Polizeirevier Filderstadt, nachdem drei M\u00e4nner am Mittwochabend im Eingangsbereich eines Einkaufsmarkts in der Metzinger Stra\u00dfe zwei Feuerwerksbatterien gez\u00fcndet haben sollen. Zeugenangaben zufolge war bereits gegen 21 Uhr die erste Batterie abgefeuert worden, wodurch die \u00dcberdachung des Eingangsbereichs besch\u00e4digt wurde. Als gegen 21.45 Uhr erneut eine Batterie gez\u00fcndet wurde und diese kippte, sodass das Feuerwerk auch ins Innere der Filiale gelangte, verst\u00e4ndigte ein Mitarbeiter des Marktes die Polizei. Verletzt wurde niemand. Die H\u00f6he des entstandenen Sachschadens am Vordach kann noch nicht beziffert werden. Im Zuge einer eingeleiteten Fahndung nach den drei Unbekannten, die gefl\u00fcchtet waren, konnte ein 18-J\u00e4hriger im Bereich des Festplatzes angetroffen und kontrolliert werden. Bei seiner Befragung ergaben sich weitere Ermittlungsans\u00e4tze, denen das Polizeirevier Filderstadt nun nachgeht.<\/p>\n<p style=\"text-align: justify;\"><strong>N\u00fcrtingen: Brand eines Baucontainers<br \/>\n<\/strong>Zum Brand in einem Baucontainer mussten am Mittwochnachmittag Feuerwehr und Polizei in die Stra\u00dfe Rothweilerin in Oberensingen ausr\u00fccken. Einer aufmerksamen Zeugin war Rauch aus dem zum Aufenthalt der Bauarbeiter dienenden Container aufgefallen, worauf sie gegen 16.19 Uhr einen Notruf absetzte. Als die kurz darauf eintreffende Feuerwehr den Container \u00f6ffnete, schlugen den Einsatzkr\u00e4ften Flammen entgegen. Der Brand konnte im Anschluss rasch gel\u00f6scht werden. Ersten Erkenntnissen nach k\u00f6nnte ein Heizger\u00e4t samt der dazugeh\u00f6rigen Gasflasche brandurs\u00e4chlich gewesen sein. Das Polizeirevier N\u00fcrtingen hat die entsprechenden Ermittlungen hierzu aufgenommen. Der Schaden bel\u00e4uft sich einer ersten Sch\u00e4tzung nach auf zirka 8.000 Euro.<\/p>\n<p style=\"text-align: justify;\"><strong>Deizisau: Verletzte bei Auffahrunfall<br \/>\n<\/strong>Ein Auffahrunfall mit Personenschaden hat sich am Mittwochmittag in Deizisau ereignet. Gegen 13 Uhr war eine 49 Jahre alte Taxi-Lenkerin auf der Neckarstra\u00dfe in Richtung Altbach unterwegs. An der Kreuzung mit der Esslinger Stra\u00dfe krachte sie offenbar ungebremst ins Heck eines Opel, dessen 53-j\u00e4hriger Lenker an der Rot zeigenden Ampel angehalten hatte. Bei der Kollision zogen sich die Unfallverursacherin sowie ihre 88-j\u00e4hrige Mitfahrerin ersten Erkenntnissen zufolge leichte Verletzungen zu. Der Rettungsdienst brachte sie zur weiteren Untersuchung und Behandlung ins Krankenhaus. An den beiden Autos d\u00fcrfte jeweils wirtschaftlicher Totalschaden in einer Gesamth\u00f6he von sch\u00e4tzungsweise 50.000 Euro entstanden sein. Sie mussten abgeschleppt werden. Neben Rettungsdienst und Polizei war auch die Feuerwehr an die Unfallstelle ausger\u00fcckt.<\/p>\n<p style=\"text-align: justify;\"><strong>Aichtal: Seniorin in Linienbus bei Bremsung verletzt<br \/>\n<\/strong>Nach ersten Erkenntnissen leichte Verletzungen hat eine 75 Jahre alte Frau bei einem Verkehrsunfall am Mittwochvormittag erlitten. Die Frau sa\u00df gegen 9.10 Uhr als Fahrgast in einem Linienbus, der die L1185 von N\u00fcrtingen in Richtung Aichtal befuhr. Derzeitigen Erkenntnissen zufolge bremste der Busfahrer dabei offenbar stark ab, sodass die Seniorin gegen den Vordersitz stie\u00df. Sie begab sich anschlie\u00dfend selbstst\u00e4ndig in \u00e4rztliche Behandlung. Die anderen Fahrg\u00e4ste blieben nach derzeitigem Kenntnisstand unverletzt.<\/p>\n<p style=\"text-align: justify;\"><strong>Ostfildern: Bekannten angegriffen<br \/>\n<\/strong>Wegen des Verdachts der gef\u00e4hrlichen K\u00f6rperverletzung ermittelt das Polizeirevier Filderstadt gegen eine 37 Jahre alte Frau, die am Dienstagabend einen Bekannten verletzt haben soll. Zeugenangaben zufolge war es gegen 19.30 Uhr im Bereich einer U-Bahn-Haltestelle in der Hedelfinger Stra\u00dfe zu einem Streit zwischen der alkoholisierten 37-J\u00e4hrigen und einem ebenfalls unter Alkoholeinfluss stehenden 45 Jahre alten Bekannten gekommen. In der Folge soll die Frau mit einem Ast auf ihren Kontrahenten eingeschlagen und diesen mit einem Messer leicht verletzt haben. Eine sofortige \u00e4rztliche Versorgung war nicht erforderlich. Das Messer wurde sichergestellt. Die 37-J\u00e4hrige wurde anschlie\u00dfend in Gewahrsam genommen und musste die Nacht beim Polizeirevier verbringen.<\/p>\n<p style=\"text-align: justify;\"><strong>Ostfildern-Nellingen: Versuchtes T\u00f6tungsdelikt in Ostfildern-Nellingen<\/strong><br \/>\nDie Staatsanwaltschaft Stuttgart und die Kriminalpolizeidirektion Esslingen ermitteln seit dem sp\u00e4ten Montagnachmittag (10.03.2025) gegen einen 22-J\u00e4hrigen wegen des Verdachts eines versuchten T\u00f6tungsdelikts. Nach dem derzeitigen Ermittlungsstand kam es kurz vor 18 Uhr in einer Unterkunft f\u00fcr Gefl\u00fcchtete in Ostfildern-Nellingen zwischen dem syrischen Staatsangeh\u00f6rigen und einem 21 Jahre alten Landsmann zu einer Auseinandersetzung. Hierbei soll der 22-J\u00e4hrige seinem j\u00fcngeren Kontrahenten mit einem Messer eine Schnittverletzung im Gesicht zugef\u00fcgt haben. W\u00e4hrend Zeugen daraufhin den Notruf t\u00e4tigten, fl\u00fcchtete der Tatverd\u00e4chtige aus der Unterkunft. Sofortige Fahndungsma\u00dfnahmen nach ihm verliefen bislang ohne Erfolg. Der Verletzte wurde durch den Rettungsdienst erstversorgt und im Anschluss zur weiteren Behandlung in eine Klinik gebracht. Aus dieser konnte er zwischenzeitlich wieder entlassen werden.<br \/>\nDie Kriminalpolizeidirektion Esslingen hat die Ermittlungen zu den Hintergr\u00fcnden und dem Ablauf der Ereignisse \u00fcbernommen. Nach dem derzeit fl\u00fcchtigen, namentlich bekannten T\u00e4ter, wird mit Hochdruck gefahndet.<\/p>\n<p style=\"text-align: justify;\"><strong>Leinfelden-Echterdingen: Gasgeruch l\u00f6st Rettungseinsatz aus<br \/>\n<\/strong>Zu einem gemeldeten Gasaustritt sind am sp\u00e4ten Montagabend Feuerwehr, Rettungsdienst und Polizei nach Echterdingen ausger\u00fcckt. Ein Passant hatte gegen 22.30 Uhr den Notruf gew\u00e4hlt, nachdem er in der Lilientalstra\u00dfe einen starken, gas\u00e4hnlichen Geruch wahrgenommen hatte. Durch die Feuerwehr, die mit insgesamt neun Fahrzeugen und 37 Einsatzkr\u00e4ften vor Ort kam, konnte keine Gasquelle festgestellt werden. Daraufhin durchgef\u00fchrte Messungen verliefen ebenfalls unauff\u00e4llig. Vorsorglich war auch der Rettungsdienst mit 9 Einsatzkr\u00e4ften und drei Einsatzfahrzeugen hinzugezogen worden.<\/p>\n<p style=\"text-align: justify;\"><strong>Leinfelden-Echterdingen: Unfall unter Drogen verursacht und gefl\u00fcchtet<br \/>\n<\/strong>Auf rund 5.000 Euro wird der Sachschaden gesch\u00e4tzt, den ein 19-J\u00e4hriger bei einem Verkehrsunfall am Montagabend auf der L 1192 verursacht hat. Den polizeilichen Ermittlungen zufolge war der Mann gegen 20.45 Uhr mit seinem Mercedes Sprinter auf der Landesstra\u00dfe aus Richtung Echterdingen kommend unterwegs. An der Einm\u00fcndung zur B 27 \/ Flughafenstra\u00dfe bog er nach rechts ab und kollidierte hierbei mit einem bevorrechtigten, ebenfalls in Richtung Flughafenstra\u00dfe abbiegenden BMW Gran Tourer, den ein 42 Jahre alter Mann lenkte. Der BMW-Fahrer hielt seinen Pkw daraufhin an, wogegen der 19-j\u00e4hrige Unfallverursacher weiterfuhr. Im Zuge von polizeilichen Ermittlungen konnte kurze Zeit sp\u00e4ter eine Polizeistreife den Mann an seiner Wohnanschrift antreffen. Bei diesem stellten die Beamten deutliche Hinweise auf den Konsum von Bet\u00e4ubungsmitteln fest. Ein Vortest best\u00e4tigte den Verdacht. Der 19-J\u00e4hrige musste im Anschluss neben einer Blutprobe auf Anordnung der Staatsanwaltschaft auch seinen F\u00fchrerschein abgeben.<\/p>\n<p style=\"text-align: justify;\"><strong>Esslingen: Brand auf Flurst\u00fcck<br \/>\n<\/strong>Zu einem Brand auf einem Flurst\u00fcck in der Stra\u00dfe Kuhsteige sind Feuerwehr und Polizei in der Nacht zum Dienstag ausger\u00fcckt. Mehrere Zeugen hatten gegen 0.45 Uhr den Notruf gew\u00e4hlt, weil sie ein Feuer im Bereich des Waldes bemerkt hatten. Die Einsatzkr\u00e4fte stie\u00dfen daraufhin auf eine in Vollbrand stehende Gartenh\u00fctte sowie einen in der N\u00e4he befindlichen, brennenden Holzstapel sowie B\u00e4ume auf dem Flurst\u00fcck in der Kuhsteige. Die Feuerwehr begann unverz\u00fcglich mit den L\u00f6scharbeiten. Dadurch konnte ein weiteres \u00dcbergreifen der Flammen auf B\u00e4ume und das benachbarte Flurst\u00fcck verhindert werden. Ersten Sch\u00e4tzungen zufolge d\u00fcrfte sich der entstandene Sachschaden auf rund 20.000 Euro belaufen. Die Ermittlungen zur derzeit noch unbekannten Brandursache dauern an.<\/p>\n<p style=\"text-align: justify;\"><strong>N\u00fcrtingen: Zeugen zu m\u00f6glichem Verkehrsunfall gesucht<br \/>\n<\/strong>Die Verkehrspolizei Esslingen sucht Zeugen zu einem Vorfall am Montagabend am Rotenbergplatz. Ein 61-J\u00e4hriger bog gegen 22.10 Uhr von der Bushaltestelle in der Rotenbergstra\u00dfe kommend nach rechts auf den Rotenbergplatz ein. Zeitgleich querte eine 18-j\u00e4hrige Fu\u00dfg\u00e4ngerin die Stra\u00dfe von rechts nach links. Dabei kam es m\u00f6glicherweise zum Kontakt zwischen dem Bus und der Frau. Diese st\u00fcrzte daraufhin zu Boden. Eine Rettungswagenbesatzung untersuchte die nach ersten Erkenntnissen unverletzt gebliebene 18-J\u00e4hrige vor Ort. Zeugen, die sachdienliche Angaben machen k\u00f6nnen und der Polizei bislang noch nicht bekannt sind, werden gebeten, sich unter Telefon 0711\/3990-420 zu melden.<\/p>\n<p style=\"text-align: justify;\"><strong>Filderstadt: Von der Stra\u00dfe abgekommen<br \/>\n<\/strong>Sachschaden in H\u00f6he von etwa 33.000 Euro ist bei einem Verkehrsunfall am Montag in der Rita-Maiburg-Stra\u00dfe entstanden. Ein 20-J\u00e4hriger befuhr gegen 23.20 Uhr mit einem Mercedes GLE die Stra\u00dfe in Richtung Rosenstra\u00dfe. In einer leichten Linkskurve kam er ersten Ermittlungen zufolge aufgrund nicht angepasster Geschwindigkeit mit seinem Wagen nach links von der Fahrbahn ab. Auf den dortigen Parkplatzreihen prallte der Mercedes gegen den Bordstein eines Baumbeets und einen dort geparkten Nissan. Der 20-J\u00e4hrige blieb nach ersten Erkenntnissen unverletzt. Eine \u00e4rztliche Behandlung lehnte er ab. Beide beteiligten Fahrzeuge mussten abgeschleppt werden.<\/p>\n<p style=\"text-align: justify;\"><strong>Esslingen: Rollstuhl im Bus umgekippt<br \/>\n<\/strong>Eine Rollstuhlfahrerin hat sich am Sonntagnachmittag bei einem Unfall in einem Linienbus leicht verletzt. Der Bus befuhr gegen 14.15 Uhr die L1199 in Richtung Esslingen. Zu diesem Zeitpunkt befand sich eine 49-J\u00e4hrige mit ihrem Rollstuhl im Mittelbereich des Busses. In einer Linkskurve kippte der Rollstuhl trotz Sicherung aus noch ungekl\u00e4rter Ursache um. Infolgedessen verletzte sich die 49 Jahre alte Frau leicht. Ein Rettungswagen brachte sie in eine Klinik.<\/p>\n<p style=\"text-align: justify;\"><strong>Ostfildern: Hoher Sachschaden bei Fahrzeugbrand<br \/>\n<\/strong>Ein technischer Defekt k\u00f6nnte ersten polizeilichen Ermittlungen zufolge die Ursache f\u00fcr den Brand eines Autos mit hohem Sachschaden am Sonntagnachmittag in Scharnhausen gewesen sein. Gegen 16.40 Uhr waren die Einsatzkr\u00e4fte von Feuerwehr und Polizei alarmiert worden, dass vor einer Garage in der Ruiter Stra\u00dfe ein Pkw brennen w\u00fcrde. Beim Eintreffen der Feuerwehr, die mit vier Fahrzeugen und 19 Einsatzkr\u00e4ften vor Ort kam, stand der VW Polo bereits in Vollbrand. Durch den professionellen Einsatz der Feuerwehr gelang es, den Brand zu l\u00f6schen und ein weiteres \u00dcbergreifen der Flammen auf das benachbarte Geb\u00e4ude zu verhindern. Das Fahrzeug brannte jedoch komplett aus. Zudem wurden die Fassade des Geb\u00e4udes, die Garagentore sowie zwei daneben geparkte Fahrzeuge durch die enorme Hitzeentwicklung teils erheblich in Mittleidenschaft gezogen. Der Sachschaden am Geb\u00e4ude und den Fahrzeugen d\u00fcrfte sich ersten Sch\u00e4tzungen zufolge auf mindestens 70.000 Euro belaufen. Das Polizeirevier Filderstadt hat die Ermittlungen aufgenommen.<\/p>\n<p style=\"text-align: justify;\"><strong>Filderstadt: Rotlicht missachtet und kollidiert<br \/>\n<\/strong>Bei einem Verkehrsunfall am Sonntagabend an der Kreuzung Ausfahrt Filderstadt-Ost B27 und Filderstadt-Bonlanden K1224 ist eine Person leicht verletzt worden. Zudem entstand ein Schaden von rund 20.000 Euro. Kurz vor 18.45 Uhr fuhr ein 79-J\u00e4hriger mit einem Nissan Micra von der Bundesstra\u00dfe kommend \u00fcber den Kreuzungsbereich. Nach bisherigen Erkenntnissen missachtete er hierbei das Rotlicht der Ampel und kollidierte im weiteren Verlauf mit einem die Kreuzung in Richtung B312 querenden Audi A7, den ein 53 Jahre alter Mann lenkte. Infolge der Kollision zog sich die Beifahrerin des Nissan leichte Verletzungen zu und wurde anschlie\u00dfend durch den Rettungsdienst in eine Klinik gebracht. Beide Pkw wurden so schwer besch\u00e4digt, dass sie abgeschleppt werden mussten.<\/p>\n<p style=\"text-align: justify;\"><strong>Esslingen: Mittels Messenger Dienst betrogen (Warnhinweis)<br \/>\n<\/strong>Um einen vierstelligen Geldbetrag ist ein Mann aus Esslingen am Sonntagmorgen betrogen worden. Der Gesch\u00e4digte hatte eine SMS-Nachricht von einer unbekannten Handynummer erhalten. Hierbei gab die Absenderin vor, seine Tochter zu sein und eine neue Nummer zu haben. Im weiteren Verlauf erfolge die Kommunikation in Form von WhatsApp-Nachrichten \u00fcber diese angeblich neue Nummer. Die Betr\u00fcgerin verlangte von dem Mann, zwei wichtige \u00dcberweisung f\u00fcr sie zu t\u00e4tigen und forderte ihn auf, das Geld zu \u00fcberweisen. Im Glauben, mit seiner Tochter zu kommunizieren, t\u00e4tigte die Gesch\u00e4digte die Transaktionen. Erst sp\u00e4ter erkannte der Mann den Betrug. Ob die \u00dcberweisungen noch gestoppt werden k\u00f6nnen, steht noch nicht fest.<\/p>\n<p style=\"text-align: justify;\"><strong>Kirchheim: Ring gesucht und Granate gefunden<br \/>\n<\/strong>Ein Radfahrer hat am Sonntagmittag in einem Waldst\u00fcck zwischen Kirchheim und Schlierbach eine Granate gefunden. Der 29-J\u00e4hrige hatte tags zuvor beim Radfahren im Wald seinen Ring verloren. Am Sonntag machte er sich dann zu Fu\u00df auf die Suche nach seinem Ring und fand kurz vor 14 Uhr in der N\u00e4he des B297 statt seines vermissten Schmucks einen Gegenstand, der einer Granate \u00e4hnelte. Ermittlungen des Polizeirevier Kirchheim und des Kampfmittelbeseitigungsdienstes best\u00e4tigten, dass es sich bei dem Fund um eine Weltkriegsgranate handelte. Die Spezialisten des Kampfmittelbeseitigungsdienstes stuften diese als einen sogenannten Blindg\u00e4nger ein, bargen daraufhin die Munition und transportieren diese ab.<\/p>\n<p style=\"text-align: justify;\"><strong>Kirchheim: Mann ausgeraubt (Zeugenaufruf)<br \/>\n<\/strong>Die Kriminalpolizeidirektion Esslingen fahndet nach vier m\u00e4nnlichen T\u00e4tern, die am Sonntagabend gegen 20.45 Uhr in der Jesinger Stra\u00dfe einen 31-J\u00e4hrigen beraubten. Der Mann hatte sich auf dem Freibadparkplatz zu einer Verabredung treffen wollen, jedoch warteten dort vier M\u00e4nner auf ihn, wovon einer mit einer Sturmhaube maskiert war. Unter Vorhalt einer Schusswaffe wurde der Gesch\u00e4digte aufgefordert Geld und sein Mobiltelefon herauszugeben. Hierauf h\u00e4ndigte der Mann sein Bargeld aus, behielt jedoch sein Handy. Daraufhin schlugen und traten die vier Kriminellen auf den noch in seinem Pkw sitzenden 31-J\u00e4hrigen ein. Gleichzeitig schoss einer der R\u00e4uber mit der bereits vorgehaltenen Waffe, bei der es sich um eine Schreckschusswaffe handelte, mindestens zwei Mal in Richtung des Gesch\u00e4digten. Im Anschluss fl\u00fcchteten die Angreifer. Der Gesch\u00e4digte erlitt gl\u00fccklicherweise nur leichte Verletzungen. Er begab sich selbstst\u00e4ndig in medizinische Behandlung und verst\u00e4ndigte die Polizei. Eine sofort nach der Alarmierung eingeleitete Fahndung verlief bislang ohne Ergebnis. Zu den T\u00e4tern liegt folgende Beschreibung vor: circa 20 Jahre alt, dunkler Teint, dunkel gekleidet, sprachen deutsch ohne Akzent. Die Tatwaffe wird als schwarze Pistole beschrieben. Zeugen, die zur betreffenden Zeit verd\u00e4chtige Personen oder Fahrzeuge beobachtet haben, werden gebeten, sich unter der Telefonnummer 0711\/3990-330 zu melden.<\/p>\n<p style=\"text-align: justify;\"><strong>Wernau: Kollision im Kreuzungsbereich<br \/>\n<\/strong>Ein Verkehrsunfall mit einer verletzten Person, zwei nicht mehr fahrtauglichen Autos und einem Gesamtschaden in H\u00f6he von sch\u00e4tzungsweise 40.000 Euro hat sich am Samstagmittag bei Wernau ereignet. Gegen 13.40 Uhr war ein 51 Jahre alter Mann mit einem Mercedes auf der B 313 von der A 8 herkommend unterwegs und fuhr an der Abfahrt Wernau von der Bundesstra\u00dfe ab. Die folgende Kreuzung mit der L 1207 (Kirchheimer Stra\u00dfe) querte er verbotswidrig geradeaus, um wieder auf die B 313 aufzufahren. Dabei kam es zur Kollision mit dem von rechts kommenden Mercedes einer 45-J\u00e4hrigen. Die Frau erlitt dabei ersten Erkenntnissen zufolge leichte Verletzungen. Sie wurde vom Rettungsdienst zur weiteren Untersuchung und Behandlung ins Krankenhaus gebracht. Die beiden Autos mussten abgeschleppt werden. F\u00fcr die Dauer der Unfallaufnahme war eine zeitweise Vollsperrung der L 1207 erforderlich. Aufgrund ausgelaufener Betriebsfl\u00fcssigkeiten musste die Fahrbahn durch die Stra\u00dfenmeisterei gereinigt werden. Auch die Feuerwehr war mit mehreren Fahrzeugen und Einsatzkr\u00e4ften zur Unfallstelle ausger\u00fcckt.<\/p>\n<p style=\"text-align: justify;\"><strong>Stuttgart\/Esslingen: Mutma\u00dflich betrunkener Autofahrer beleidigt Polizeibeamte &#8211; Zeugen und m\u00f6gliche Gesch\u00e4digte gesucht<\/strong><br \/>\nPolizeibeamte haben am Samstag (08.03.2025) einen 30 Jahre alten Autofahrer gestoppt, der mutma\u00dflich betrunken auf der Bundesstra\u00dfe 10 von Esslingen nach Stuttgart gefahren ist und dabei m\u00f6glicherweise andere Verkehrsteilnehmer gef\u00e4hrdet hat. Ein Zeuge meldete den 30-J\u00e4hrigen, der mit einem VW Golf 5 gegen 11.40 Uhr mit \u00fcberh\u00f6hter Geschwindigkeit unterwegs war und auf seiner Fahrt andere Fahrzeuge auf dem Standstreifen \u00fcberholt und gef\u00e4hrdet haben soll. Alarmierte Polizeibeamte stoppten den 30-J\u00e4hrigen vor dem Leuzetunnel und stellten bei der Kontrolle fest, dass er unter Alkoholeinwirkung steht. Auf dem Polizeirevier beleidigte er die Beamten. Er musste eine Blutprobe abgeben und die Polizisten beschlagnahmten seinen F\u00fchrerschein. Zeugen, insbesondere Verkehrsteilnehmer, die der 30-J\u00e4hrige bei seiner Fahrt gef\u00e4hrdet hat, werden gebeten, sich unter der Rufnummer +4971189903500 beim Polizeirevier 5 Ostendstra\u00dfe zu melden.<\/p>\n<hr \/>\n<p>&nbsp;<\/p>\n","protected":false},"excerpt":{"rendered":"<p>Quelle: ots Esslingen am Neckar: Verkehrsunfall mit Verletzten Zwei leicht verletzte Personen und Sachschaden in H\u00f6he von circa 22.000 Euro sind die Folgen eines Verkehrsunfalls, welcher sich am Freitagabend auf der Sirnauer Br\u00fccke in Esslingen ereignet hat. Gegen 23.15 Uhr bog der 55-j\u00e4hrige Fahrer eines VW Passat von der Sirnauer Br\u00fccke kommend nach links auf [&hellip;]<\/p>\n","protected":false},"author":4,"featured_media":152245,"comment_status":"closed","ping_status":"open","sticky":false,"template":"","format":"standard","meta":{"inline_featured_image":false,"_exactmetrics_skip_tracking":false,"_exactmetrics_sitenote_active":false,"_exactmetrics_sitenote_note":"","_exactmetrics_sitenote_category":0,"footnotes":""},"categories":[11240],"tags":[14857,14440,68,205,1625,9],"class_list":{"0":"post-155409","1":"post","2":"type-post","3":"status-publish","4":"format-standard","5":"has-post-thumbnail","7":"category-region-esslingen","8":"tag-die-webzeitung","9":"tag-esslingen","10":"tag-online-zeitung","11":"tag-polizei","12":"tag-report","13":"tag-schaumedia"},"image_feature":"https:\/\/die-webzeitung.de\/stuttgart\/wp-content\/uploads\/sites\/4\/2024\/02\/Polizei-Pix-scaled.jpg","author_name":"Redaktion","pure_taxonomies":{"categories":[{"term_id":11240,"name":"Polizei-Report Esslingen","slug":"region-esslingen","term_group":0,"term_taxonomy_id":11278,"taxonomy":"category","description":"Polizeiberichte aus der Region des Landkreises Esslingen","parent":1619,"count":69,"filter":"raw","image":""}],"tags":[{"term_id":14857,"name":"Die-Webzeitung","slug":"die-webzeitung","term_group":0,"term_taxonomy_id":14876,"taxonomy":"post_tag","description":"","parent":0,"count":3625,"filter":"raw","image":""},{"term_id":14440,"name":"Esslingen","slug":"esslingen","term_group":0,"term_taxonomy_id":3885,"taxonomy":"post_tag","description":"","parent":0,"count":202,"filter":"raw","image":""},{"term_id":68,"name":"Online-Zeitung","slug":"online-zeitung","term_group":0,"term_taxonomy_id":69,"taxonomy":"post_tag","description":"","parent":0,"count":3595,"filter":"raw","image":""},{"term_id":205,"name":"Polizei","slug":"polizei","term_group":0,"term_taxonomy_id":208,"taxonomy":"post_tag","description":"","parent":0,"count":277,"filter":"raw","image":""},{"term_id":1625,"name":"Report","slug":"report","term_group":0,"term_taxonomy_id":1634,"taxonomy":"post_tag","description":"","parent":0,"count":210,"filter":"raw","image":""},{"term_id":9,"name":"SchauMedia","slug":"schaumedia","term_group":0,"term_taxonomy_id":9,"taxonomy":"post_tag","description":"","parent":0,"count":1607,"filter":"raw","image":""}]},"_links":{"self":[{"href":"https:\/\/die-webzeitung.de\/stuttgart\/wp-json\/wp\/v2\/posts\/155409","targetHints":{"allow":["GET"]}}],"collection":[{"href":"https:\/\/die-webzeitung.de\/stuttgart\/wp-json\/wp\/v2\/posts"}],"about":[{"href":"https:\/\/die-webzeitung.de\/stuttgart\/wp-json\/wp\/v2\/types\/post"}],"author":[{"embeddable":true,"href":"https:\/\/die-webzeitung.de\/stuttgart\/wp-json\/wp\/v2\/users\/4"}],"replies":[{"embeddable":true,"href":"https:\/\/die-webzeitung.de\/stuttgart\/wp-json\/wp\/v2\/comments?post=155409"}],"version-history":[{"count":16,"href":"https:\/\/die-webzeitung.de\/stuttgart\/wp-json\/wp\/v2\/posts\/155409\/revisions"}],"predecessor-version":[{"id":155496,"href":"https:\/\/die-webzeitung.de\/stuttgart\/wp-json\/wp\/v2\/posts\/155409\/revisions\/155496"}],"wp:featuredmedia":[{"embeddable":true,"href":"https:\/\/die-webzeitung.de\/stuttgart\/wp-json\/wp\/v2\/media\/152245"}],"wp:attachment":[{"href":"https:\/\/die-webzeitung.de\/stuttgart\/wp-json\/wp\/v2\/media?parent=155409"}],"wp:term":[{"taxonomy":"category","embeddable":true,"href":"https:\/\/die-webzeitung.de\/stuttgart\/wp-json\/wp\/v2\/categories?post=155409"},{"taxonomy":"post_tag","embeddable":true,"href":"https:\/\/die-webzeitung.de\/stuttgart\/wp-json\/wp\/v2\/tags?post=155409"}],"curies":[{"name":"wp","href":"https:\/\/api.w.org\/{rel}","templated":true}]}}