{"id":155407,"date":"2025-03-10T10:27:48","date_gmt":"2025-03-10T09:27:48","guid":{"rendered":"https:\/\/die-webzeitung.de\/stuttgart\/?p=155407"},"modified":"2025-03-14T13:46:54","modified_gmt":"2025-03-14T12:46:54","slug":"polizei-report-kreis-boeblingen-woche-11-4","status":"publish","type":"post","link":"https:\/\/die-webzeitung.de\/stuttgart\/2025\/03\/10\/polizei-report-kreis-boeblingen-woche-11-4\/","title":{"rendered":"Polizei-Report Kreis B\u00f6blingen | Woche 11"},"content":{"rendered":"<p><em>Quelle: ots<\/em><\/p>\n<p style=\"text-align: justify;\"><strong>Renningen: Fu\u00dfg\u00e4nger gef\u00e4hrdet &#8211; Fahrt eines Rasers endet im Gr\u00fcnstreifen<\/strong><br \/>\nZu einer Gef\u00e4hrdung des Stra\u00dfenverkehrs kam es am Mittwoch (12.03.2025) gegen 22:50 Uhr in der Alten Bahnhofstra\u00dfe in Renningen durch einen 24-j\u00e4hrigen Audi A6-Lenker. Nachdem der junge Mann mit seiner rasanten und riskanten Fahrweise zun\u00e4chst mehrere Fu\u00dfg\u00e4nger gef\u00e4hrdet hatte, endete seine Fahrt letztendlich mit einem Unfall im Gr\u00fcnstreifen neben der Fahrbahn.<br \/>\nZun\u00e4chst wurden einige Zeugen aufgrund seines Fahrstils auf den 24-J\u00e4hrigen aufmerksam. Dieser fuhr auf der Bahnhofstra\u00dfe in Richtung Bahnhof, driftete an der Kreuzung nach links um die Kurve in die Stra\u00dfe &#8220;Bahnhof&#8221; und fuhr weiter auf den Parkplatz eines Supermarktes. Hier lie\u00df er den Motor aufheulen und raste im Anschluss zur\u00fcck in Richtung Rutesheimer Stra\u00dfe. Im Bereich der Einm\u00fcndung Bahnhofstra\u00dfe\/ Alte Bahnhofstra\u00dfe verlor der 24-J\u00e4hrige die Kontrolle \u00fcber seinen Audi. Das Fahrzeug kam leicht ins Schleudern, geriet auf den B\u00fcrgersteig der Alten Bahnhofstra\u00dfe und kam schlie\u00dflich nach links von der Fahrbahn ab. Der 24-J\u00e4hrige geriet dort in den Gr\u00fcnstreifen, durchbrach einen Busch und konnte den Audi knapp vor einem Baum stoppen. Ein 31-J\u00e4hriger, der sich auf dem B\u00fcrgersteig der Alten Bahnhofstra\u00dfe befand, musste sich mit einem Sprung in den Gr\u00fcnstreifen retten, um nicht von dem Audi erfasst zu werden. Ein 25-j\u00e4hriger Fu\u00dfg\u00e4nger, der einige Meter von dem 31-J\u00e4hrigen entfernt auf dem B\u00fcrgersteig unterwegs war, musste ebenfalls vor dem ins Schlingern geratenen Audi ausweichen.<br \/>\nBei dem Unfall zog sich der Lenker des Audi A6 Verletzungen zu und wurde vom Rettungsdienst in ein Krankenhaus gebracht. Die beiden 31 und 25 Jahre alten Fu\u00dfg\u00e4nger wurden gl\u00fccklicherweise nicht verletzt. Am Audi des 20-J\u00e4hrigen entstand ein Sachschaden von etwa 8.000 Euro. Der Pkw war nicht mehr fahrbereit und musste abgeschleppt werden. Am umgefahrenen Busch und im Gr\u00fcnstreifen fallen Sachsch\u00e4den von etwa 1.200 Euro an.<br \/>\nDas Polizeirevier Leonberg hat die Ermittlungen aufgenommen und bittet Zeugen, sich unter Tel. 07152 605-0 oder per E-Mail: <a href=\"mailto:leonberg.prev@polizei.bwl.de\" target=\"_blank\" rel=\"noopener\">leonberg.prev@polizei.bwl.de<\/a> zu melden.<\/p>\n<p style=\"text-align: justify;\"><strong>Renningen: Polizei ermittelt wegen Stra\u00dfenverkehrsgef\u00e4hrdung &#8211; Zeugen gesucht<\/strong><br \/>\nDas Polizeirevier Leonberg ermittelt gegen einen noch unbekannten VW-Lenker, der in Renningen in der Nelkenstra\u00dfe auf H\u00f6he einer dortigen Kinderkrippe eine 42-j\u00e4hrige Smart-Fahrerin bedr\u00e4ngt und gef\u00e4hrdet haben soll. So habe der VW-Lenker zun\u00e4chst auf einem Parkplatz der Kinderbetreuungsst\u00e4tte mehrere Fahrzeuge zugeparkt. Die 42-J\u00e4hrige musste mehrfach rangieren, um aus ihrer Parkl\u00fccke herausfahren zu k\u00f6nnen. Nachdem sie anschlie\u00dfend ausgestiegen war, um sich den schwarzen VW mit Leonberger Kennzeichen (LEO-) n\u00e4her anzuschauen, sei der Fahrer zu seinem Pkw gekommen und habe die 42-J\u00e4hrige aggressiv angesprochen. Beide Beteiligte fuhren anschlie\u00dfend r\u00fcckw\u00e4rts von dem Parkplatz in die Nelkenstra\u00dfe ein. Zu diesem Zeitpunkt standen im Kreuzungsbereich der Strohg\u00e4ustra\u00dfe und der Nelkenstra\u00dfe ein wei\u00dfer Mercedes sowie ein weiteres noch unbekanntes Fahrzeug und warteten verkehrsbedingt. Der VW-Lenker soll schlie\u00dflich mit \u00fcberh\u00f6hter Geschwindigkeit den Smart der 42-J\u00e4hrigen \u00fcberholt haben und zwischen den an der Einm\u00fcndung wartenden Fahrzeugen hindurch gefahren sein. Anschlie\u00dfend habe er im Kreisverkehr der Nord-S\u00fcd-Stra\u00dfe gewendet, sei zur\u00fcckgefahren und habe den Vorrang der 42-J\u00e4hrigen im Bereich einer Fahrbahnverengung missachtet. Um einen Unfall zu verhindern, habe diese eine Gefahrenbremsung durchf\u00fchren m\u00fcssen. Der unbekannte VW-Lenker fuhr hierauf davon.<br \/>\nZeugen, die die Fahrweise des VW-Lenkers beobachtet haben und insbesondere die Personen, die im wei\u00dfen Mercedes und im noch unbekannten Fahrzeug sa\u00dfen, werden gebeten sich beim Polizeirevier Leonberg unter Tel 07152 605-0 oder per E-Mail an <a href=\"mailto:leonberg.prev@polizei.bwl.de\" target=\"_blank\" rel=\"noopener\">leonberg.prev@polizei.bwl.de<\/a> zu melden.<\/p>\n<p style=\"text-align: justify;\"><strong>A81 Gemarkung B\u00f6blingen: Sattelzug prallt gegen LKW-Anh\u00e4nger-Gespann<\/strong><br \/>\nGl\u00fcck im Ungl\u00fcck hatten die Beteiligten eines Verkehrsunfalls, der sich am Dienstag (11.03.2025) gegen 10:30 Uhr auf der Bundesautobahn 81 (BAB 81) zwischen den Anschlussstellen Ehningen und B\u00f6blingen-Hulb ereignete. Die Autobahnmeisterei f\u00fchrte zu dieser Zeit Streckenkontrollen auf der Fahrbahn in Richtung Stuttgart durch. Mittels Beschilderung wurde aufgrund dessen die Sperrung des rechten Fahrstreifens sowie die Reduzierung der H\u00f6chstgeschwindigkeit auf 60 km\/h mittels Schilder vorangek\u00fcndigt. Ein Lkw der Autobahnmeisterei mit einer angeh\u00e4ngten Absperrwand sicherte schlie\u00dflich auf dem rechten Fahrstreifen den Beginn der Arbeiten ab. Aus bislang unbekannter Ursache \u00fcbersah ein 51-j\u00e4hriger Lkw-Lenker diese Verkehrssituation und prallte nahezu ungebremst auf den Anh\u00e4nger mit der Absperrwand. Bei dem Aufprall wurde gl\u00fccklicherweise niemand der Beteiligten verletzt. Sowohl der Lkw des 51-J\u00e4hrigen als auch der Sicherungs-Lkw samt Anh\u00e4nger wurden bei dem Aufprall erheblich besch\u00e4digt und mussten abgeschleppt werden. Der Gesamtsachschaden bel\u00e4uft sich auf knapp 95.000 Euro. Im Zuge der Unfallaufnahme und anschlie\u00dfenden Aufr\u00e4umarbeiten, die bis knapp 13:00 Uhr andauerten, mussten der rechte und der mittlere Fahrstreifen gesperrt werden. Hierdurch kam es zu Behinderungen aufgrund des R\u00fcckstaus.<\/p>\n<p style=\"text-align: justify;\"><strong>B\u00f6blingen: Fiat ger\u00e4t mehrfach in den Gegenverkehr &#8211; Zeugen und Gesch\u00e4digte gesucht<\/strong><br \/>\nWegen des Verdachts der Gef\u00e4hrdung des Stra\u00dfenverkehrs ermittelt das Polizeirevier B\u00f6blingen gegen einen 28-j\u00e4hrigen Fiat-Fahrer, der am Dienstag (11.03.2025) gegen 21:45 Uhr im Bereich der Herrenberger Stra\u00dfe bzw. der Kreisstra\u00dfe 1077 in B\u00f6blingen unterwegs war. Nach derzeitigen Erkenntnissen soll der 28-J\u00e4hrige auf seiner Fahrt in Richtung der Autobahnanschlussstelle Ehningen durch seine unsichere und sehr langsame Fahrweise aufgefallen sein. Dabei geriet er auch mehrfach auf die Gegenspur. Laut einer Zeugin, die sich hinter ihm befunden hat, habe er aufgrund dessen ruckartig zur\u00fcck auf seine Spur lenken m\u00fcssen. Im weiteren Verlauf fuhr er auf die Bundesautobahn 81 (BAB 81) in Richtung Singen auf. Wie sich seine Fahrweise auf der Autobahn fortsetzte, ist bislang nicht bekannt. Im Rahmen der Fahndungsma\u00dfnahmen traf eine alarmierte Streifenwagenbesatzung den Fiat in G\u00e4rtingen an. Der 28-J\u00e4hrige wurde im weiteren Verlauf einer Verkehrskontrolle unterzogen. Die Ursache f\u00fcr die auff\u00e4llige Fahrweise ist derzeit Gegenstand der Ermittlungen. Das Polizeirevier B\u00f6blingen sucht in diesem Zusammenhang Zeugen und insbesondere auch Gesch\u00e4digte, die von der Fahrweise des Fiat-Lenkers gef\u00e4hrdet wurden. Diese werden gebeten, sich unter Tel. 07031 13-2500 oder per E-Mail an <a href=\"mailto:boeblingen.prev@polizei.bwl.de\" target=\"_blank\" rel=\"noopener\">boeblingen.prev@polizei.bwl.de<\/a> zu melden.<\/p>\n<p style=\"text-align: justify;\"><strong>Sindelfingen-Maichingen: Senioren werden Opfer eines Trickdiebstahls<\/strong><br \/>\nAm Montag (10.03.2025) wurde ein Ehepaar in der Guttenbrunnstra\u00dfe in Maichingen Opfer eines dreisten Trickdiebstahls. Gegen 11:00 Uhr klingelte ein bislang unbekannter T\u00e4ter an der Haust\u00fcr und erlangte unter einem Vorwand Einlass in die Wohnr\u00e4ume. Der 86-J\u00e4hrige ging davon aus, dass der Unbekannte die Rauchmelder kontrolliere, da dieser immer wieder zur Decke schaute. Der T\u00e4ter lief durch alle R\u00e4ume, auch durch ein Zimmer, in dem die ebenfalls 86-j\u00e4hrige Ehefrau schlief. Nach kurzer Zeit verlie\u00df der Mann das Haus. Einige Zeit sp\u00e4ter stellte der Senior das Fehlen einer dreistelligen Bargeldsumme fest. Der Unbekannte war zwischen 40 und 50 Jahre alt, knapp 170 Zentimter gro\u00df und hatte eine normale Figur. Er trug eine dunkle Hose, eine graue Jacke und eine Stoff-Schirmm\u00fctze. Zeugen, die sachdienliche Hinweise geben k\u00f6nnen werden gebeten, sich mit dem Polizeiposten Maichingen unter Tel. 07031 20405-0 oder per E-Mail an <a href=\"mailto:sindelfingen.prev@polizei.bwl.de\" target=\"_blank\" rel=\"noopener\">sindelfingen.prev@polizei.bwl.de<\/a> in Verbindung zu setzen.<\/p>\n<p style=\"text-align: justify;\"><strong>Magstadt: Pkw auf Wanderparkplatz zerkratzt<\/strong><br \/>\nZwischen Sonntag (09.03.2025) 20:30 Uhr und Montag (10.03.2025) 08:45 Uhr zerkratze eine noch unbekannte Person mit einem spitzen Gegenstand einen auf dem Wanderparkplatz &#8220;H\u00f6lzersee&#8221; in Magstadt geparkten Chevrolet. Der Sachschaden bel\u00e4uft sich auf etwa 6.000 Euro. Sachdienliche Hinweise nimmt der Polizeiposten Maichingen unter Tel. 07031 20405-0 oder per Mail an <a href=\"mailto:sindelfingen.prev@polizei.bwl.de\" target=\"_blank\" rel=\"noopener\">sindelfingen.prev@polizei.bwl.de<\/a> entgegen.<\/p>\n<p style=\"text-align: justify;\"><strong>Aidlingen-Dachtel: Mehrere Brandstiftungen in Wohngebiet<\/strong><br \/>\nNachdem es zwischen Donnerstag (06.03.2025) und Samstag (08.03.2025) zu mehreren Br\u00e4nden in einem Wohngebiet in Dachtel kam, ermittelt die Kriminalpolizei des Polizeipr\u00e4sidiums Ludwigsburg nun wegen Brandstiftung. Zun\u00e4chst entdeckten Anwohner des Wacholderwegs am Donnerstag (06.03.2025) gegen 04:15 Uhr einen auf einem Grundst\u00fcck stehenden und brennenden Nadelbaum. Die Anwohner l\u00f6schten den Brand mit Gartenschl\u00e4uchen, noch bevor die Feuerwehr eintraf. Die Sachschadensh\u00f6he kann bislang nicht beziffert werden. Im Zeitraum zwischen Donnerstag (06.03.2025) 18:00 Uhr und Freitag (07.03.2025) 12:20 Uhr legte ein noch unbekannter T\u00e4ter einen brennenden Gegenstand vor eine Wohnungst\u00fcr in der M\u00f6rikestra\u00dfe. An der h\u00f6lzernen T\u00fcr entstand ein Sachschaden von knapp 3.000 Euro. Ein dritter Fall ereignete sich am Freitag (07.03.2025) zwischen 01:00 Uhr und 01:30 Uhr ebenfalls in der M\u00f6rikestra\u00dfe. Anwohner wurden auf eine Rauchentwicklung aufmerksam und stellten fest, dass ein unbekannter T\u00e4ter einen brennenden Gegenstand in den Briefkastenschlitz geworfen hatte. Der entstandene Sachschaden wird in diesem Fall auf mehrere Tausend Euro gesch\u00e4tzt. Am Samstag (08.03.2025) gegen 01:30 Uhr schreckte ein akustischer Brandalarm Anwohner des Erlenwegs auf. Sie stellten ebenfalls Feuer und Rauch hinter einem Briefkastenschlitz fest. Die Anwohner warfen die brennenden Gegenst\u00e4nde ins Freie. Auch hier entstand ein Sachschaden von mehreren Tausend Euro. In allen F\u00e4llen blieben die Anwohner unverletzt. Im Rahmen der polizeilichen Ermittlungen vor Ort stellten Beamte der Kriminalpolizei des Polizeipr\u00e4sidiums Ludwigsburg dar\u00fcber hinaus eine durch Brandzehrung besch\u00e4digte Sitzbank an einem unmittelbar an das Wohngebiet angrenzenden Waldweg fest. Neben der Bank wies auch der Waldboden sowie ein Baumstamm Brandflecken auf. Derzeit geht die Polizei davon aus, dass die Taten von ein und demselben T\u00e4ter begangen wurden. Zeugen, die im betreffenden Zeitraum verd\u00e4chtige Personen wahrgenommen haben werden gebeten, Hinweise an die Kriminalpolizei des Polizeipr\u00e4sidiums Ludwigsburg unter Tel. 0800 1100225 oder per Mail an <a href=\"mailto:hinweise.kripo.boeblingen@polizei.bwl.de\" target=\"_blank\" rel=\"noopener\">hinweise.kripo.boeblingen@polizei.bwl.de<\/a> zu richten.<\/p>\n<p style=\"text-align: justify;\"><strong>Waldenbuch: Diebstahl von mehreren Tonnen Blumenerde<\/strong><br \/>\nZwischen Samstag (08.03.2025,) 17:00 Uhr und Sonntag (09.03.2025), 11:00 Uhr entwendeten bislang unbekannte T\u00e4ter vom Friedhof in Waldenbuch mehrere Tonnen Blumenerde. Die Blumenerde war auf H\u00f6he des Friedhofparkplatzes, im umz\u00e4unten Bereich, in 48 S\u00e4cken auf einer Palette verschwei\u00dft gelagert. Der Wert bel\u00e4uft sich auf mehrere hundert Euro. Der Polizeiposten Waldenbuch hat die Ermittlungen \u00fcbernommen und sucht Zeugen, die unter Tel. 07157 52699-0 oder per E-Mail <a href=\"mailto:boeblingen.prev@polizei.bwl.de\" target=\"_blank\" rel=\"noopener\">boeblingen.prev@polizei.bwl.de<\/a> sachdienliche Hinweise geben k\u00f6nnen.<\/p>\n<hr \/>\n<p>&nbsp;<\/p>\n","protected":false},"excerpt":{"rendered":"<p>Quelle: ots Renningen: Fu\u00dfg\u00e4nger gef\u00e4hrdet &#8211; Fahrt eines Rasers endet im Gr\u00fcnstreifen Zu einer Gef\u00e4hrdung des Stra\u00dfenverkehrs kam es am Mittwoch (12.03.2025) gegen 22:50 Uhr in der Alten Bahnhofstra\u00dfe in Renningen durch einen 24-j\u00e4hrigen Audi A6-Lenker. Nachdem der junge Mann mit seiner rasanten und riskanten Fahrweise zun\u00e4chst mehrere Fu\u00dfg\u00e4nger gef\u00e4hrdet hatte, endete seine Fahrt letztendlich [&hellip;]<\/p>\n","protected":false},"author":4,"featured_media":152245,"comment_status":"closed","ping_status":"open","sticky":false,"template":"","format":"standard","meta":{"inline_featured_image":false,"_exactmetrics_skip_tracking":false,"_exactmetrics_sitenote_active":false,"_exactmetrics_sitenote_note":"","_exactmetrics_sitenote_category":0,"footnotes":""},"categories":[11239],"tags":[3061,14857,68,205,1625,9],"class_list":{"0":"post-155407","1":"post","2":"type-post","3":"status-publish","4":"format-standard","5":"has-post-thumbnail","7":"category-region-boblingen-leonberg","8":"tag-boblingen","9":"tag-die-webzeitung","10":"tag-online-zeitung","11":"tag-polizei","12":"tag-report","13":"tag-schaumedia"},"image_feature":"https:\/\/die-webzeitung.de\/stuttgart\/wp-content\/uploads\/sites\/4\/2024\/02\/Polizei-Pix-scaled.jpg","author_name":"Redaktion","pure_taxonomies":{"categories":[{"term_id":11239,"name":"Polizei-Report B\u00f6blingen","slug":"region-boblingen-leonberg","term_group":0,"term_taxonomy_id":11277,"taxonomy":"category","description":"Polizeiberichte aus der Region des Landkreises B\u00f6blingen","parent":1619,"count":68,"filter":"raw","image":""}],"tags":[{"term_id":3061,"name":"B\u00f6blingen","slug":"boblingen","term_group":0,"term_taxonomy_id":3075,"taxonomy":"post_tag","description":"","parent":0,"count":260,"filter":"raw","image":""},{"term_id":14857,"name":"Die-Webzeitung","slug":"die-webzeitung","term_group":0,"term_taxonomy_id":14876,"taxonomy":"post_tag","description":"","parent":0,"count":3625,"filter":"raw","image":""},{"term_id":68,"name":"Online-Zeitung","slug":"online-zeitung","term_group":0,"term_taxonomy_id":69,"taxonomy":"post_tag","description":"","parent":0,"count":3595,"filter":"raw","image":""},{"term_id":205,"name":"Polizei","slug":"polizei","term_group":0,"term_taxonomy_id":208,"taxonomy":"post_tag","description":"","parent":0,"count":277,"filter":"raw","image":""},{"term_id":1625,"name":"Report","slug":"report","term_group":0,"term_taxonomy_id":1634,"taxonomy":"post_tag","description":"","parent":0,"count":210,"filter":"raw","image":""},{"term_id":9,"name":"SchauMedia","slug":"schaumedia","term_group":0,"term_taxonomy_id":9,"taxonomy":"post_tag","description":"","parent":0,"count":1607,"filter":"raw","image":""}]},"_links":{"self":[{"href":"https:\/\/die-webzeitung.de\/stuttgart\/wp-json\/wp\/v2\/posts\/155407","targetHints":{"allow":["GET"]}}],"collection":[{"href":"https:\/\/die-webzeitung.de\/stuttgart\/wp-json\/wp\/v2\/posts"}],"about":[{"href":"https:\/\/die-webzeitung.de\/stuttgart\/wp-json\/wp\/v2\/types\/post"}],"author":[{"embeddable":true,"href":"https:\/\/die-webzeitung.de\/stuttgart\/wp-json\/wp\/v2\/users\/4"}],"replies":[{"embeddable":true,"href":"https:\/\/die-webzeitung.de\/stuttgart\/wp-json\/wp\/v2\/comments?post=155407"}],"version-history":[{"count":7,"href":"https:\/\/die-webzeitung.de\/stuttgart\/wp-json\/wp\/v2\/posts\/155407\/revisions"}],"predecessor-version":[{"id":155491,"href":"https:\/\/die-webzeitung.de\/stuttgart\/wp-json\/wp\/v2\/posts\/155407\/revisions\/155491"}],"wp:featuredmedia":[{"embeddable":true,"href":"https:\/\/die-webzeitung.de\/stuttgart\/wp-json\/wp\/v2\/media\/152245"}],"wp:attachment":[{"href":"https:\/\/die-webzeitung.de\/stuttgart\/wp-json\/wp\/v2\/media?parent=155407"}],"wp:term":[{"taxonomy":"category","embeddable":true,"href":"https:\/\/die-webzeitung.de\/stuttgart\/wp-json\/wp\/v2\/categories?post=155407"},{"taxonomy":"post_tag","embeddable":true,"href":"https:\/\/die-webzeitung.de\/stuttgart\/wp-json\/wp\/v2\/tags?post=155407"}],"curies":[{"name":"wp","href":"https:\/\/api.w.org\/{rel}","templated":true}]}}