{"id":155380,"date":"2025-03-05T17:33:14","date_gmt":"2025-03-05T16:33:14","guid":{"rendered":"https:\/\/die-webzeitung.de\/stuttgart\/2025\/03\/05\/bei-waldarbeiten-verletzt\/"},"modified":"2025-03-05T17:33:39","modified_gmt":"2025-03-05T16:33:39","slug":"bei-waldarbeiten-verletzt","status":"publish","type":"post","link":"https:\/\/die-webzeitung.de\/stuttgart\/2025\/03\/05\/bei-waldarbeiten-verletzt\/","title":{"rendered":"Bei Waldarbeiten verletzt"},"content":{"rendered":"<p style=\"text-align: justify;\">Eine 73-j\u00e4hrige Frau zog sich am Mittwoch (05.03.2025) um die Mittagszeit bei Arbeiten im Oberholz bei G\u00f6ppingen eine Knieverletzung zu. Da die Unfallstelle vom Rettungsdienst wegen der Bodenbeschaffenheit nicht angefahren werden konnte, wurde die Bergwachten im Kreis G\u00f6ppingen zur Unterst\u00fctzung angefordert. Die Einsatzkr\u00e4fte der Bergwacht G\u00f6ppingen konnten mit ihrem gel\u00e4ndeg\u00e4ngigen Einsatzfahrzeug in die N\u00e4he der Einsatzstelle fahren. Nach der medizinischen Versorgung transportierten die Bergretter die Patientin in der Gebirgstrage mit dem Laufrad durch das unwegsame Gel\u00e4nde zum bereitstehenden Rettungswagen. Der Rettungsdienst brachte die Patientin in die Klinik. Sechs Einsatzkr\u00e4fte der Bergwacht waren eine Stunde im Einsatz.<\/p>\n<hr \/>\n<p style=\"text-align: justify;\">\n","protected":false},"excerpt":{"rendered":"<p>Eine 73-j\u00e4hrige Frau zog sich am Mittwoch (05.03.2025) um die Mittagszeit bei Arbeiten im Oberholz bei G\u00f6ppingen eine Knieverletzung zu. Da die Unfallstelle vom Rettungsdienst wegen der Bodenbeschaffenheit nicht angefahren werden konnte, wurde die Bergwachten im Kreis G\u00f6ppingen zur Unterst\u00fctzung angefordert. Die Einsatzkr\u00e4fte der Bergwacht G\u00f6ppingen konnten mit ihrem gel\u00e4ndeg\u00e4ngigen Einsatzfahrzeug in die N\u00e4he der [&hellip;]<\/p>\n","protected":false},"author":4,"featured_media":155381,"comment_status":"closed","ping_status":"open","sticky":false,"template":"","format":"standard","meta":{"inline_featured_image":false,"_exactmetrics_skip_tracking":false,"_exactmetrics_sitenote_active":false,"_exactmetrics_sitenote_note":"","_exactmetrics_sitenote_category":0,"footnotes":""},"categories":[59,9098],"tags":[4,16038,15668,14857,68,9],"class_list":{"0":"post-155380","1":"post","2":"type-post","3":"status-publish","4":"format-standard","5":"has-post-thumbnail","7":"category-aktuell","8":"category-baden-wuerttemberg","9":"tag-baden-wurttemberg","10":"tag-bergrettung","11":"tag-bergwacht","12":"tag-die-webzeitung","13":"tag-online-zeitung","14":"tag-schaumedia"},"image_feature":"https:\/\/die-webzeitung.de\/stuttgart\/wp-content\/uploads\/sites\/4\/2025\/03\/mountain-rescue-57252_1280-scaled.jpg","author_name":"Redaktion","pure_taxonomies":{"categories":[{"term_id":59,"name":"Aktuell","slug":"aktuell","term_group":0,"term_taxonomy_id":60,"taxonomy":"category","description":"","parent":0,"count":1017,"filter":"raw","image":""},{"term_id":9098,"name":"Baden-W\u00fcrttemberg","slug":"baden-wuerttemberg","term_group":0,"term_taxonomy_id":9124,"taxonomy":"category","description":"","parent":171,"count":238,"filter":"raw","image":""}],"tags":[{"term_id":4,"name":"Baden-W\u00fcrttemberg","slug":"baden-wurttemberg","term_group":0,"term_taxonomy_id":4,"taxonomy":"post_tag","description":"","parent":0,"count":136,"filter":"raw","image":""},{"term_id":16038,"name":"Bergrettung","slug":"bergrettung","term_group":0,"term_taxonomy_id":16057,"taxonomy":"post_tag","description":"","parent":0,"count":2,"filter":"raw","image":""},{"term_id":15668,"name":"Bergwacht","slug":"bergwacht","term_group":0,"term_taxonomy_id":15687,"taxonomy":"post_tag","description":"","parent":0,"count":14,"filter":"raw","image":""},{"term_id":14857,"name":"Die-Webzeitung","slug":"die-webzeitung","term_group":0,"term_taxonomy_id":14876,"taxonomy":"post_tag","description":"","parent":0,"count":3625,"filter":"raw","image":""},{"term_id":68,"name":"Online-Zeitung","slug":"online-zeitung","term_group":0,"term_taxonomy_id":69,"taxonomy":"post_tag","description":"","parent":0,"count":3595,"filter":"raw","image":""},{"term_id":9,"name":"SchauMedia","slug":"schaumedia","term_group":0,"term_taxonomy_id":9,"taxonomy":"post_tag","description":"","parent":0,"count":1607,"filter":"raw","image":""}]},"_links":{"self":[{"href":"https:\/\/die-webzeitung.de\/stuttgart\/wp-json\/wp\/v2\/posts\/155380","targetHints":{"allow":["GET"]}}],"collection":[{"href":"https:\/\/die-webzeitung.de\/stuttgart\/wp-json\/wp\/v2\/posts"}],"about":[{"href":"https:\/\/die-webzeitung.de\/stuttgart\/wp-json\/wp\/v2\/types\/post"}],"author":[{"embeddable":true,"href":"https:\/\/die-webzeitung.de\/stuttgart\/wp-json\/wp\/v2\/users\/4"}],"replies":[{"embeddable":true,"href":"https:\/\/die-webzeitung.de\/stuttgart\/wp-json\/wp\/v2\/comments?post=155380"}],"version-history":[{"count":1,"href":"https:\/\/die-webzeitung.de\/stuttgart\/wp-json\/wp\/v2\/posts\/155380\/revisions"}],"predecessor-version":[{"id":155382,"href":"https:\/\/die-webzeitung.de\/stuttgart\/wp-json\/wp\/v2\/posts\/155380\/revisions\/155382"}],"wp:featuredmedia":[{"embeddable":true,"href":"https:\/\/die-webzeitung.de\/stuttgart\/wp-json\/wp\/v2\/media\/155381"}],"wp:attachment":[{"href":"https:\/\/die-webzeitung.de\/stuttgart\/wp-json\/wp\/v2\/media?parent=155380"}],"wp:term":[{"taxonomy":"category","embeddable":true,"href":"https:\/\/die-webzeitung.de\/stuttgart\/wp-json\/wp\/v2\/categories?post=155380"},{"taxonomy":"post_tag","embeddable":true,"href":"https:\/\/die-webzeitung.de\/stuttgart\/wp-json\/wp\/v2\/tags?post=155380"}],"curies":[{"name":"wp","href":"https:\/\/api.w.org\/{rel}","templated":true}]}}