{"id":155321,"date":"2025-02-26T17:57:06","date_gmt":"2025-02-26T16:57:06","guid":{"rendered":"https:\/\/die-webzeitung.de\/stuttgart\/2025\/02\/26\/porsche-ag-leitet-geplanten-wechsel-im-vorstand-ein\/"},"modified":"2025-02-26T17:57:06","modified_gmt":"2025-02-26T16:57:06","slug":"porsche-ag-leitet-geplanten-wechsel-im-vorstand-ein","status":"publish","type":"post","link":"https:\/\/die-webzeitung.de\/stuttgart\/2025\/02\/26\/porsche-ag-leitet-geplanten-wechsel-im-vorstand-ein\/","title":{"rendered":"Porsche AG leitet geplanten Wechsel im Vorstand ein"},"content":{"rendered":"<ul>\n<li style=\"text-align: justify;\"><strong>Jochen Breckner \u00fcbernimmt Staffelstab von Lutz Meschke und folgt ihm zum 26. Februar 2025 als Vorstand f\u00fcr Finanzen und IT<\/strong><\/li>\n<li style=\"text-align: justify;\"><strong>Matthias Becker \u00fcbernimmt Staffelstab von Detlev von Platen und folgt ihm zum 26. Februar 2025 als Vorstand f\u00fcr Vertrieb und Marketing<\/strong><\/li>\n<\/ul>\n<p style=\"text-align: justify;\">Stuttgart.| Die Porsche AG leitet einen l\u00e4nger geplanten Wechsel im Vorstand ein: Zum 26. Februar 2025 \u00fcbernimmt Jochen Breckner (47) die Verantwortung f\u00fcr das Ressort Finanzen und IT und Matthias Becker (54) f\u00fcr das Ressort Vertrieb und Marketing. Sie folgen damit auf Lutz Meschke (58) und Detlev von Platen (61), die das Unternehmen im gegenseitigen Einvernehmen verlassen. Breckner leitete zuvor das Generalsekretariat und die Unternehmensentwicklung von Porsche. Becker war zuletzt Leiter der Region \u00dcbersee- und Wachstumsm\u00e4rkte der Porsche AG und hat diese erfolgreich zu einer der starken Porsche-Vertriebss\u00e4ulen entwickelt.<\/p>\n<p style=\"text-align: justify;\">\u201eWir freuen uns sehr, mit Jochen Breckner und Matthias Becker zwei ausgezeichnete Nachfolger aus den Reihen von Porsche gefunden zu haben. Wir werden gemeinsam mit ihnen die einzigartige Erfolgsgeschichte unseres Unternehmens fortschreiben\u201c, sagt Dr. Wolfgang Porsche, Vorsitzender des Aufsichtsrats. \u201eWir bedanken uns bei Lutz Meschke f\u00fcr sein gro\u00dfes Engagement und seine jahrelange erfolgreiche Arbeit f\u00fcr die Porsche AG. Er hat die positive Entwicklung dieses Unternehmens mit hohem Einsatz und strategischem Weitblick entscheidend gepr\u00e4gt und den B\u00f6rsengang entschlossen vorangetrieben. Ebenso m\u00f6chte ich mich im Namen des Aufsichtsrats bei Detlev von Platen bedanken. Sein langj\u00e4hriger starker Einsatz hat Porsche gepr\u00e4gt. Besonders hervorzuheben ist sein Engagement bei der Entwicklung der weltweiten M\u00e4rkte\u201c, sagt Dr. Wolfgang Porsche.<\/p>\n<p style=\"text-align: justify;\">Lutz Meschke verl\u00e4sst das Unternehmen nach 24 Jahren Betriebszugeh\u00f6rigkeit. Er wechselte im Jahr 2001 von Hugo Boss zur Porsche AG, wo er zun\u00e4chst den Bereich Accounting und sp\u00e4ter das Controlling verantwortete. 2009 wurde Meschke zum Vorstand f\u00fcr Finanzen und IT ernannt, ab 2015 fungierte er zus\u00e4tzlich als stellvertretender Vorsitzender des Vorstands. In Meschkes Wirkungsperiode fallen zahlreiche Meilensteine der Unternehmensentwicklung. Historischen Stellenwert nimmt der B\u00f6rsengang der Porsche AG im Jahr 2022 ein. Seit Juli 2020 ist Lutz Meschke zudem Mitglied des Vorstands der Porsche Automobil Holding SE.<\/p>\n<p style=\"text-align: justify;\">Detlev von Platen ist seit 1997 f\u00fcr die Porsche AG t\u00e4tig. Er startete seine Karriere als CEO von Porsche Frankreich, bevor er 2008 zum Pr\u00e4sidenten und CEO der Porsche Cars North America und 2015 zum Mitglied des Vorstands f\u00fcr Vertrieb und Marketing ernannt wurde. Von Platen gestaltete aktiv die Transformation des Vertriebs von Porsche. Der Ausbau des Amerika-Gesch\u00e4fts mit der Porsche-Zentrale in Atlanta sowie die Markteinf\u00fchrung von vollelektrischem Taycan und Macan sind besondere Leistungen. Zudem machte er sich um die enge und vertrauensvolle Zusammenarbeit mit dem weltweiten H\u00e4ndlernetz verdient.<\/p>\n<p style=\"text-align: justify;\">Die neuen Vorstandsmitglieder der Porsche AG sind dem Sportwagenhersteller aus Zuffenhausen bereits seit vielen Jahren verbunden: Jochen Breckner ist seit 2000 f\u00fcr Porsche t\u00e4tig \u2013 erst als Praktikant und Diplomand, sp\u00e4ter als Doktorand. Der promovierte Betriebswirt und geb\u00fcrtige Stuttgarter wurde 2008 Assistent des Vorstandsvorsitzenden. Von 2010 bis 2012 leitete er das Controlling der Bereiche Vertrieb, Marketing und Financial Services. Ab 2012 war er als Leiter Produkt-Controlling und sp\u00e4ter als Leiter Controlling direkt an den Vorstand berichtend. Seit September 2018 leitet Breckner das Generalsekretariat und die Unternehmensentwicklung von Porsche. In dieser Funktion verantwortete der ausgewiesene Finanz- und Strategieexperte mehrere, breit aufgestellte Projekte. So leitete er zum Beispiel die Steuerung des Porsche-B\u00f6rsengangs sowie das langj\u00e4hrige Effizienz-Programm, mit dem das Unternehmen systematisch seine finanzielle Resilienz optimiert. Breckners Nachfolger wird Christian Pantel, der in seiner aktuellen Aufgabe bei Porsche die Verantwortung f\u00fcr eine Baureihe tr\u00e4gt.<\/p>\n<p style=\"text-align: justify;\">Matthias Becker ist seit 2015 f\u00fcr die Porsche AG im Einsatz. Als Leiter der Region \u00dcbersee- und Wachstumsm\u00e4rkte hat er Vertriebsregionen wie S\u00fcdostasien, Australien, den Mittleren Osten, Afrika sowie Mittel- und S\u00fcdamerika mit mehr als 70 M\u00e4rkten zu einer zentralen S\u00e4ule des Porsche-Vertriebsnetzes entwickelt. Zuvor war Becker in mehreren F\u00fchrungspositionen im Volkswagen Konzern t\u00e4tig. So bewies er sich f\u00fcr Audi in diversen leitenden Vertriebsfunktionen in Europa und China, bei der Konzerntochter \u0160koda und im Volkswagen Marketing Deutschland.<\/p>\n<p style=\"text-align: justify;\">\u201eMit Jochen Breckner und Matthias Becker gewinnt das Vorstandsteam zwei erfahrene Profis, die Porsche seit vielen Jahren leben und einen breiten Erfahrungsschatz mitbringen \u2013 Jochen Breckner aus seinen verschiedenen Rollen bei Porsche und Matthias Becker aus seinen Rollen bei Porsche, Audi, \u0160koda und Volkswagen. Beide Kollegen haben die Qualit\u00e4t, unser Unternehmen vom ersten Tag an zukunftsorientiert weiterzuentwickeln. Wir profitieren hier von einer strukturierten Nachfolgeplanung und einer langfristig ausgerichteten Personalentwicklung\u201c, sagt Oliver Blume, Vorstandsvorsitzender der Porsche AG.<\/p>\n<hr \/>\n<p style=\"text-align: justify;\">\n","protected":false},"excerpt":{"rendered":"<p>Jochen Breckner \u00fcbernimmt Staffelstab von Lutz Meschke und folgt ihm zum 26. Februar 2025 als Vorstand f\u00fcr Finanzen und IT Matthias Becker \u00fcbernimmt Staffelstab von Detlev von Platen und folgt ihm zum 26. Februar 2025 als Vorstand f\u00fcr Vertrieb und Marketing Stuttgart.| Die Porsche AG leitet einen l\u00e4nger geplanten Wechsel im Vorstand ein: Zum 26. [&hellip;]<\/p>\n","protected":false},"author":4,"featured_media":155322,"comment_status":"closed","ping_status":"open","sticky":false,"template":"","format":"standard","meta":{"inline_featured_image":false,"_exactmetrics_skip_tracking":false,"_exactmetrics_sitenote_active":false,"_exactmetrics_sitenote_note":"","_exactmetrics_sitenote_category":0,"footnotes":""},"categories":[479],"tags":[14857,68,17998,275,9258],"class_list":{"0":"post-155321","1":"post","2":"type-post","3":"status-publish","4":"format-standard","5":"has-post-thumbnail","7":"category-wirtschaft","8":"tag-die-webzeitung","9":"tag-online-zeitung","10":"tag-poprsche","11":"tag-stuttgart","12":"tag-vorstand"},"image_feature":"https:\/\/die-webzeitung.de\/stuttgart\/wp-content\/uploads\/sites\/4\/2025\/02\/Bildschirmfoto-2025-02-26-um-17.53.09.png","author_name":"Redaktion","pure_taxonomies":{"categories":[{"term_id":479,"name":"Wirtschaft","slug":"wirtschaft","term_group":0,"term_taxonomy_id":1941,"taxonomy":"category","description":"","parent":0,"count":282,"filter":"raw","image":""}],"tags":[{"term_id":14857,"name":"Die-Webzeitung","slug":"die-webzeitung","term_group":0,"term_taxonomy_id":14876,"taxonomy":"post_tag","description":"","parent":0,"count":3625,"filter":"raw","image":""},{"term_id":68,"name":"Online-Zeitung","slug":"online-zeitung","term_group":0,"term_taxonomy_id":69,"taxonomy":"post_tag","description":"","parent":0,"count":3595,"filter":"raw","image":""},{"term_id":17998,"name":"Poprsche","slug":"poprsche","term_group":0,"term_taxonomy_id":18017,"taxonomy":"post_tag","description":"","parent":0,"count":1,"filter":"raw","image":""},{"term_id":275,"name":"Stuttgart","slug":"stuttgart","term_group":0,"term_taxonomy_id":281,"taxonomy":"post_tag","description":"","parent":0,"count":1195,"filter":"raw","image":""},{"term_id":9258,"name":"Vorstand","slug":"vorstand","term_group":0,"term_taxonomy_id":9286,"taxonomy":"post_tag","description":"","parent":0,"count":8,"filter":"raw","image":""}]},"_links":{"self":[{"href":"https:\/\/die-webzeitung.de\/stuttgart\/wp-json\/wp\/v2\/posts\/155321","targetHints":{"allow":["GET"]}}],"collection":[{"href":"https:\/\/die-webzeitung.de\/stuttgart\/wp-json\/wp\/v2\/posts"}],"about":[{"href":"https:\/\/die-webzeitung.de\/stuttgart\/wp-json\/wp\/v2\/types\/post"}],"author":[{"embeddable":true,"href":"https:\/\/die-webzeitung.de\/stuttgart\/wp-json\/wp\/v2\/users\/4"}],"replies":[{"embeddable":true,"href":"https:\/\/die-webzeitung.de\/stuttgart\/wp-json\/wp\/v2\/comments?post=155321"}],"version-history":[{"count":0,"href":"https:\/\/die-webzeitung.de\/stuttgart\/wp-json\/wp\/v2\/posts\/155321\/revisions"}],"wp:featuredmedia":[{"embeddable":true,"href":"https:\/\/die-webzeitung.de\/stuttgart\/wp-json\/wp\/v2\/media\/155322"}],"wp:attachment":[{"href":"https:\/\/die-webzeitung.de\/stuttgart\/wp-json\/wp\/v2\/media?parent=155321"}],"wp:term":[{"taxonomy":"category","embeddable":true,"href":"https:\/\/die-webzeitung.de\/stuttgart\/wp-json\/wp\/v2\/categories?post=155321"},{"taxonomy":"post_tag","embeddable":true,"href":"https:\/\/die-webzeitung.de\/stuttgart\/wp-json\/wp\/v2\/tags?post=155321"}],"curies":[{"name":"wp","href":"https:\/\/api.w.org\/{rel}","templated":true}]}}