{"id":155297,"date":"2025-02-24T15:15:38","date_gmt":"2025-02-24T14:15:38","guid":{"rendered":"https:\/\/die-webzeitung.de\/stuttgart\/?p=155297"},"modified":"2025-02-28T15:04:14","modified_gmt":"2025-02-28T14:04:14","slug":"polizei-report-kreis-boeblingen-woche-09-4","status":"publish","type":"post","link":"https:\/\/die-webzeitung.de\/stuttgart\/2025\/02\/24\/polizei-report-kreis-boeblingen-woche-09-4\/","title":{"rendered":"Polizei-Report Kreis B\u00f6blingen | Woche 09"},"content":{"rendered":"<p><em>Quelle: ots<\/em><\/p>\n<p style=\"text-align: justify;\"><strong>B\u00f6blingen: Zeugen nach verbotenem Autorennen beim Flugfeld gesucht<\/strong><br \/>\nZu einer gef\u00e4hrlichen Situation kam es f\u00fcr einen 57-j\u00e4hrigen BMW-Lenker und einen noch unbekannten Lenker eines mutma\u00dflich wei\u00dfen Skoda am Mittwoch (26.02.2025) gegen 21:10 an der Kreuzung Heinkelstra\u00dfe und Flugfeld-Allee. Der 57-J\u00e4hrige stand zun\u00e4chst hinter dem wei\u00dfen Skoda an der Ampel der Heinkelstra\u00dfe auf der mittleren Fahrspur, welche als kombinierte Geradeaus-Linksabbiegerspur ausgewiesen ist. Als beide Fahrzeuglenker bei Gr\u00fcnlicht losfuhren, kam von hinten auf der links gelegenen Linksabbiegerspur ein wei\u00dfer Pkw und fuhr mit deutlich \u00fcberh\u00f6hter Geschwindigkeit und sehr knappem Seitenabstand an beiden Fahrzeugen vorbei, um ohne zu bremsen geradeaus in die Flugfeld-Allee weiterzufahren. Sowohl der 57-J\u00e4hrige und als auch der Skoda-Lenker mussten eine Vollbremsung durchf\u00fchren, um eine Kollision zu verhindern. Als sie danach wieder losfuhren, kam ein weiterer Pkw, ebenfalls von hinten auf der Linksabbiegerspur und \u00fcberholte beide Fahrzeuge mit deutlich \u00fcberh\u00f6hter Geschwindigkeit und fuhr geradeaus weiter in die Flugfeld-Allee. Der 57-J\u00e4hrige wich noch nach rechts aus, um eine Kollision zu verhindern. Bei dem zweiten Pkw soll es sich um einen schwarzen BMW mit B\u00f6blinger Kennzeichen (BB-) handeln.<br \/>\nDas Polizeirevier B\u00f6blingen ermittelt nun wegen eines verbotenen Kraftfahrzeugrennens und sucht in diesem Zusammenhang Zeugen und weitere Gesch\u00e4digte, insbesondere den Lenker des wei\u00dfen Skoda, die durch die Fahrweise der noch unbekannten Teilnehmer des illegalen Rennens gef\u00e4hrdet wurden. Diese werden gebeten, sich mit dem Polizeirevier B\u00f6blingen unter Tel. 07031 13-2500 oder per Mail <a href=\"mailto:boeblingen.prev@polizei.bwl.de\" target=\"_blank\" rel=\"noopener\">boeblingen.prev@polizei.bwl.de<\/a> in Verbindung zu setzen.<\/p>\n<p style=\"text-align: justify;\"><strong>Herrenberg: Im November festgenommene Tatverd\u00e4chtige kommen f\u00fcr Einbruchsserie in Frage<\/strong><br \/>\nIm November 2024 nahmen Einsatzkr\u00e4fte der Polizei vier M\u00e4nner zwischen 22 und 31 Jahren fest, die in Verdacht stehen, f\u00fcr einen Einbruch in der Nacht zum Dienstag, 19.11.2025 in Herrenberg verantwortlich zu sein (https:\/\/www.presseportal.de\/blaulicht\/pm\/110974\/5916822).<br \/>\nBereits seit Mai 2024 registrierte die Polizei eine Zunahme von Einbr\u00fcchen in Herrenberg und umliegenden Gemeinden. Bis November 2024 waren es insgesamt 16 F\u00e4lle, bei denen die zun\u00e4chst unbekannten Tatverd\u00e4chtigen haupts\u00e4chlich Bargeld im Wert von \u00fcber 50.000 Euro erbeuteten und einen Sachschaden in H\u00f6he von \u00fcber 40.000 EUR verursachten. Neben unterschiedlichen Firmen und Handwerksbetrieben waren dabei auch das Naturfreibad, der Waldklettergarten sowie zwei Wohnh\u00e4user Ziel der Einbrecher.<br \/>\nIntensive Ermittlungen der Kriminalpolizei des Polizeipr\u00e4sidiums Ludwigsburg erh\u00e4rteten den Verdacht, dass die im November festgenommenen M\u00e4nner auch f\u00fcr diese weiteren Taten verantwortlich sein k\u00f6nnten. Sie sollen die Einbr\u00fcche in wechselnder Besetzung begangen haben, wobei ein 22-j\u00e4hriger Deutscher und ein 26-j\u00e4hriger albanischer Staatsangeh\u00f6riger mutma\u00dflich die Drahtzieher der Einbruchsserie sein d\u00fcrften.<\/p>\n<p style=\"text-align: justify;\"><strong>Sindelfingen-Maichingen: Mutma\u00dflich Gas und Bremse verwechselt &#8211; Mehrere Verletzte bei Verkehrsunfall<\/strong><br \/>\nVier verletzte Personen und ein Sachschaden in H\u00f6he von insgesamt etwa 12.000 Euro sind die Bilanz eines Verkehrsunfalls, der sich am Mittwoch (26.02.2025) gegen 13:45 Uhr auf der Berliner Stra\u00dfe in Maichingen ereignete. Eine 63-j\u00e4hrige Frau fuhr mit einem Mitsubishi auf der Berliner Stra\u00dfe in Richtung Sindelfingen. An dem Kreisverkehr zur Sindelfinger Stra\u00dfe verwechselte sie aus bislang unbekannten Gr\u00fcnden mutma\u00dflich Gas- und Bremspedal und fuhr nahezu ungebremst auf einen vor ihr stehenden Audi einer 41-J\u00e4hrigen auf. Die Mitsubishi-Lenkerin sowie die Audi-Fahrerin und ihre 40 und elf Jahre alten Mitfahrerinnen erlitten leichte Verletzungen. Der Mitsubishi war nicht mehr fahrbereit und wurde abgeschleppt.<\/p>\n<p style=\"text-align: justify;\"><strong>Leonberg-Gebersheim: Betr\u00fcger erbeuten f\u00fcnfstellige Summe durch Schockanruf<\/strong><br \/>\nEine Seniorin erhielt am Dienstag (25.02.2025) einen Anruf eines noch unbekannten Betr\u00fcgers, der sich als Rechtsbeistand ihrer Tochter ausgab. Der Unbekannte machte der Gesch\u00e4digten durch geschickte Gespr\u00e4chsf\u00fchrung glaubhaft, dass ihre Tochter einen schweren Verkehrsunfall verursacht habe, bei welchem eine junge Frau ums Leben gekommen sei. Zur Freilassung der Tochter m\u00fcsse nun eine Kaution hinterlegt werden.<br \/>\nNach telefonischer Vereinbarung \u00fcbergab die Seniorin schlie\u00dflich gegen 15.30 Uhr in der Heimerdinger Stra\u00dfe in Gebersheim eine f\u00fcnfstellige Bargeldsumme an einen noch unbekannten Abholer. Bei dem Unbekannten handelte sich um einen auff\u00e4llig kleinen, etwa 50 Jahre alten Mann mit dunklem Teint, braunen Haaren und einer dunklen Jacke.<br \/>\nDie Kriminalpolizei des Polizeipr\u00e4sidiums Ludwigsburg hat die Ermittlungen aufgenommen und bittet Zeugen, die sachdienliche Hinweise geben k\u00f6nnen, sich unter der Tel. 0800 1100225 oder per E-Mail an <a href=\"mailto:hinweise.kripo.boeblingen@polizei.bwl.de\" target=\"_blank\" rel=\"noopener\">hinweise.kripo.boeblingen@polizei.bwl.de<\/a> zu melden.<\/p>\n<p style=\"text-align: justify;\"><strong>A8 Sindelfingen: Verkehrsunfall mit sechs beteiligten Fahrzeugen<\/strong><br \/>\nZu einem Verkehrsunfall mit rund 50.000 Euro Sachschaden kam es am Dienstag (25.02.2025) gegen 06:50 Uhr auf der Bundesautobahn 8 zwischen dem Autobahnkreuz Stuttgart und der Anschlussstelle Stuttgart-M\u00f6hringen in Fahrtrichtung M\u00fcnchen. Ein 30-j\u00e4hriger BMW-Lenker befuhr, von der \u00dcberleitung der BAB 81 kommend, die BAB 8 auf dem zweitrechten der insgesamt f\u00fcnf Fahrstreifen. Aufgrund von stockendem Verkehr musste der 30-J\u00e4hrige sein Fahrzeug abbremsen. Um einen Auffahrunfall zu vermeiden, lenkte er sein Fahrzeug zum Ausweichen auf den rechten Fahrstreifen. Hier kollidierte er mit einem auf dem rechten Fahrstreifen fahrenden Lkw eines 53-J\u00e4hrigen. Durch die Kollision wurde der BMW nach links abgewiesen, wo er auf dem mittleren Fahrstreifen mit einem Ford einer 47-j\u00e4hrigen kollidierte. Der Ford wurde durch die Kollision nach rechts abgewiesen. Auf dem rechten Fahrstreifen kollidierte der Ford mit einem Nissan eines 36-J\u00e4hrigen. Hiedurch wurde der Nissan nach rechts in die Mittelleitplanke abgewiesen. Ein auf dem linken Fahrstreifen fahrender 36-j\u00e4hriger Mercedes-Lenker erkannte die Verkehrssituation und konnte sein Fahrzeug rechtzeitig abbremsen. Einem dahinterfahrenden 26-j\u00e4hrigen Peugeot-Lenker gelang dies nicht mehr und er fuhr dem Mercedes hinten auf. Durch die Unfallbesch\u00e4digungen waren der BMW, Ford und Mercedes nicht mehr fahrbereit und mussten abgeschleppt werden, verletzt wurde niemand. Zur R\u00e4umung der Unfallstelle musste die Richtungsfahrbahn der BAB 8 in Richtung M\u00fcnchen kurzzeitig vollgesperrt werden. Es entstand eine Staul\u00e4nge von rund sechs Kilometern.<\/p>\n<p style=\"text-align: justify;\"><strong>Herrenberg-G\u00fcltstein: Spendensammlungsbetr\u00fcger unterwegs<\/strong><br \/>\nEine noch unbekannte Frau sprach am Dienstag (25.02.2025) gegen 10.45 Uhr einen 84-J\u00e4hrigen auf dem Parkplatz eines Supermarktes in der Lise-Meitner-Stra\u00dfe in Herrenberg-G\u00fcltstein an. Sie suggerierte dem Senior, Spenden f\u00fcr den Bau eines Geh\u00f6rlosenzentrums zu sammeln. Als der 84-J\u00e4hrige im Begriff war, auf einem Klemmbrett zu unterschreiben und 20 Euro zu spenden, kam der Filialleiter des Supermarktes hinzu. Dessen Aufforderung, das Gel\u00e4nde zu verlassen, kam die etwa 40 Jahre alte Frau, die dunkel gekleidet war und wei\u00dfe Schuhe trug, nach. Zuvor soll sie bereits weitere Personen angesprochen haben. F\u00fcr weitere sachdienliche Hinweise stehen beim Polizeirevier Herrenberg die Tel. 07032 2708-0 sowie die E-Mail-Adresse <a href=\"mailto:herrenberg.prev@polizei.bwl.de\" target=\"_blank\" rel=\"noopener\">herrenberg.prev@polizei.bwl.de<\/a> zur Verf\u00fcgung.<\/p>\n<p style=\"text-align: justify;\"><strong>Renningen: Mehrere Verletzte nach Verkehrsunfall<\/strong><br \/>\nVier verletzte Personen und ein Sachschaden in H\u00f6he von insgesamt etwa 12.000 Euro sind die Bilanz eines Verkehrsunfalls, der sich am Sonntag (23.02.2025) gegen 12.45 Uhr auf der Bundesstra\u00dfe 295 (B 295) bei Renningen ereignete.<br \/>\nEin 21 Jahre alter Opel-Lenker fuhr die B295 von Weil der Stadt kommend entlang und wollte an der Einm\u00fcndung zur Kreisstra\u00dfe 1015 nach links abbiegen. Dabei \u00fcbersah er mutma\u00dflich eine entgegenkommende 61 Jahre alte Fiat-Fahrerin und kollidierte mit dieser. Die Ampelanlage war zum Unfallzeitpunkt nicht in Betrieb.<br \/>\nW\u00e4hrend der 21-J\u00e4hrige leicht verletzt wurde, erlitt sein gleichaltriger Beifahrer schwere Verletzungen. Die 61-J\u00e4hrige wurde ebenfalls leicht, ihr 64 Jahre alter Beifahrer schwer verletzt. Alle Unfallbeteiligten wurden vom Rettungsdienst in Krankenh\u00e4user gebracht. Die beiden Pkws waren nicht mehr fahrbereit und mussten abgeschleppt werden.<br \/>\nNeben Polizei, Rettungsdienst und Notarzt, war auch die Feuerwehr im Einsatz. Die Fahrbahn musste im Zuge der Unfallaufnahme teilweise gesperrt werden. Zu nennenswerten Verkehrsbeeintr\u00e4chtigungen kam es dabei nicht.<\/p>\n<hr \/>\n<p style=\"text-align: justify;\">\n","protected":false},"excerpt":{"rendered":"<p>Quelle: ots B\u00f6blingen: Zeugen nach verbotenem Autorennen beim Flugfeld gesucht Zu einer gef\u00e4hrlichen Situation kam es f\u00fcr einen 57-j\u00e4hrigen BMW-Lenker und einen noch unbekannten Lenker eines mutma\u00dflich wei\u00dfen Skoda am Mittwoch (26.02.2025) gegen 21:10 an der Kreuzung Heinkelstra\u00dfe und Flugfeld-Allee. Der 57-J\u00e4hrige stand zun\u00e4chst hinter dem wei\u00dfen Skoda an der Ampel der Heinkelstra\u00dfe auf der [&hellip;]<\/p>\n","protected":false},"author":4,"featured_media":152245,"comment_status":"closed","ping_status":"open","sticky":false,"template":"","format":"standard","meta":{"inline_featured_image":false,"_exactmetrics_skip_tracking":false,"_exactmetrics_sitenote_active":false,"_exactmetrics_sitenote_note":"","_exactmetrics_sitenote_category":0,"footnotes":""},"categories":[11239],"tags":[3061,14857,68,205,1625,9],"class_list":{"0":"post-155297","1":"post","2":"type-post","3":"status-publish","4":"format-standard","5":"has-post-thumbnail","7":"category-region-boblingen-leonberg","8":"tag-boblingen","9":"tag-die-webzeitung","10":"tag-online-zeitung","11":"tag-polizei","12":"tag-report","13":"tag-schaumedia"},"image_feature":"https:\/\/die-webzeitung.de\/stuttgart\/wp-content\/uploads\/sites\/4\/2024\/02\/Polizei-Pix-scaled.jpg","author_name":"Redaktion","pure_taxonomies":{"categories":[{"term_id":11239,"name":"Polizei-Report B\u00f6blingen","slug":"region-boblingen-leonberg","term_group":0,"term_taxonomy_id":11277,"taxonomy":"category","description":"Polizeiberichte aus der Region des Landkreises B\u00f6blingen","parent":1619,"count":68,"filter":"raw","image":""}],"tags":[{"term_id":3061,"name":"B\u00f6blingen","slug":"boblingen","term_group":0,"term_taxonomy_id":3075,"taxonomy":"post_tag","description":"","parent":0,"count":260,"filter":"raw","image":""},{"term_id":14857,"name":"Die-Webzeitung","slug":"die-webzeitung","term_group":0,"term_taxonomy_id":14876,"taxonomy":"post_tag","description":"","parent":0,"count":3625,"filter":"raw","image":""},{"term_id":68,"name":"Online-Zeitung","slug":"online-zeitung","term_group":0,"term_taxonomy_id":69,"taxonomy":"post_tag","description":"","parent":0,"count":3595,"filter":"raw","image":""},{"term_id":205,"name":"Polizei","slug":"polizei","term_group":0,"term_taxonomy_id":208,"taxonomy":"post_tag","description":"","parent":0,"count":277,"filter":"raw","image":""},{"term_id":1625,"name":"Report","slug":"report","term_group":0,"term_taxonomy_id":1634,"taxonomy":"post_tag","description":"","parent":0,"count":210,"filter":"raw","image":""},{"term_id":9,"name":"SchauMedia","slug":"schaumedia","term_group":0,"term_taxonomy_id":9,"taxonomy":"post_tag","description":"","parent":0,"count":1607,"filter":"raw","image":""}]},"_links":{"self":[{"href":"https:\/\/die-webzeitung.de\/stuttgart\/wp-json\/wp\/v2\/posts\/155297","targetHints":{"allow":["GET"]}}],"collection":[{"href":"https:\/\/die-webzeitung.de\/stuttgart\/wp-json\/wp\/v2\/posts"}],"about":[{"href":"https:\/\/die-webzeitung.de\/stuttgart\/wp-json\/wp\/v2\/types\/post"}],"author":[{"embeddable":true,"href":"https:\/\/die-webzeitung.de\/stuttgart\/wp-json\/wp\/v2\/users\/4"}],"replies":[{"embeddable":true,"href":"https:\/\/die-webzeitung.de\/stuttgart\/wp-json\/wp\/v2\/comments?post=155297"}],"version-history":[{"count":6,"href":"https:\/\/die-webzeitung.de\/stuttgart\/wp-json\/wp\/v2\/posts\/155297\/revisions"}],"predecessor-version":[{"id":155333,"href":"https:\/\/die-webzeitung.de\/stuttgart\/wp-json\/wp\/v2\/posts\/155297\/revisions\/155333"}],"wp:featuredmedia":[{"embeddable":true,"href":"https:\/\/die-webzeitung.de\/stuttgart\/wp-json\/wp\/v2\/media\/152245"}],"wp:attachment":[{"href":"https:\/\/die-webzeitung.de\/stuttgart\/wp-json\/wp\/v2\/media?parent=155297"}],"wp:term":[{"taxonomy":"category","embeddable":true,"href":"https:\/\/die-webzeitung.de\/stuttgart\/wp-json\/wp\/v2\/categories?post=155297"},{"taxonomy":"post_tag","embeddable":true,"href":"https:\/\/die-webzeitung.de\/stuttgart\/wp-json\/wp\/v2\/tags?post=155297"}],"curies":[{"name":"wp","href":"https:\/\/api.w.org\/{rel}","templated":true}]}}