{"id":155273,"date":"2025-02-18T16:57:39","date_gmt":"2025-02-18T15:57:39","guid":{"rendered":"https:\/\/die-webzeitung.de\/stuttgart\/?p=155273"},"modified":"2025-02-18T16:57:40","modified_gmt":"2025-02-18T15:57:40","slug":"girls-und-boys-day-im-landratsamt-esslingen","status":"publish","type":"post","link":"https:\/\/die-webzeitung.de\/stuttgart\/2025\/02\/18\/girls-und-boys-day-im-landratsamt-esslingen\/","title":{"rendered":"Girls\u2018 und Boys\u2018 Day im Landratsamt Esslingen"},"content":{"rendered":"<p style=\"text-align: justify;\">Esslingen.| Am 3. April haben Sch\u00fclerinnen und Sch\u00fclern im Rahmen des bundesweiten Aktionstags Girls&#8217;Day und Boys&#8217;Day 2025 die Chance, berufliche Vielfalt fernab traditioneller Rollenklischees kennen zu lernen. Auch im Landkreis Esslingen werden Unternehmen oder Institution ihre T\u00fcren \u00f6ffnen und Berufe vorstellen. Der Girls\u2019Day will insbesondere technische, naturwissenschaftliche, Handwerks- und IT Berufe f\u00fcr M\u00e4dchen und junge Frauen zeigen. Beim \u201eBoys Day haben die Jungen die M\u00f6glichkeit, Berufe kennenzulernen, in denen M\u00e4nner unterrepr\u00e4sentiert sind, vor allem Berufe aus dem sozialen, erzieherischen und pflegerischen Bereich.<\/p>\n<p style=\"text-align: justify;\">Das Landratsamt Esslingen bietet jungen Menschen insgesamt 64 Pl\u00e4tze in ganz unterschiedlichen Bereichen an:<\/p>\n<p style=\"text-align: justify;\"><strong>Girls day<\/strong><\/p>\n<ul>\n<li style=\"text-align: justify;\">Ein Tag im Klimaschutz (2 Pl\u00e4tze)<\/li>\n<li style=\"text-align: justify;\">Ein Tag im Amt f\u00fcr Geoinformation und Vermessung (10 Pl\u00e4tze)<\/li>\n<li style=\"text-align: justify;\">Ein Tag im Gewerbeaufsichtsamt (2 Pl\u00e4tze)<\/li>\n<li style=\"text-align: justify;\">Ein Tag als Stra\u00dfenw\u00e4rterin (2 Pl\u00e4tze)<\/li>\n<li style=\"text-align: justify;\">Ein Tag als Agraringenieurin beim Landwirtschaftsamt (12 Pl\u00e4tze)<\/li>\n<li style=\"text-align: justify;\">Ein Tag als F\u00f6rsterin (20 Pl\u00e4tze)<\/li>\n<li style=\"text-align: justify;\">Ein Tag als Hausmeisterin in einer Fl\u00fcchtlingsunterkunft (2 Pl\u00e4tze)<\/li>\n<\/ul>\n<p style=\"text-align: justify;\"><strong>Boys day<\/strong><\/p>\n<ul>\n<li style=\"text-align: justify;\">Ein Tag im Gesundheitsamt (2 Pl\u00e4tze)<\/li>\n<li style=\"text-align: justify;\">Ein Tag im Amt f\u00fcr Migration und Fachkr\u00e4fteeinwanderung (2 Pl\u00e4tze)<\/li>\n<li style=\"text-align: justify;\">Ein Tag in der KFZ Zulassungsstelle (2Pl\u00e4tze)<\/li>\n<li style=\"text-align: justify;\">Ein Tag im Verkehrswesen (2 Pl\u00e4tze)<\/li>\n<li style=\"text-align: justify;\">Ein Tag in der F\u00fchrerscheinstelle (2 Pl\u00e4tze)<\/li>\n<li style=\"text-align: justify;\">Ein Tag in der Verwaltung der Fl\u00fcchtlingsunterk\u00fcnfte (2 Pl\u00e4tze)<\/li>\n<li style=\"text-align: justify;\">Ein Tag im Amt f\u00fcr Umweltschutz (2 Pl\u00e4tze)<\/li>\n<\/ul>\n<p style=\"text-align: justify;\">Die Anmeldung l\u00e4uft unter <a href=\"http:\/\/www.girls-day.de\">www.girls-day.de<\/a> oder www.boys-day.de<\/p>\n<p style=\"text-align: justify;\">F\u00fcr Fragen steht Annette Zoll-Decandia, Gleichstellungsbeauftragte im Landkreis Esslingen, E-Mail: <a href=\"mailto:Zoll-Decandia.Annette@lra-es.de\">Zoll-Decandia.Annette@lra-es.de<\/a> gerne zur Verf\u00fcgung.<\/p>\n<hr \/>\n<p style=\"text-align: justify;\">\n","protected":false},"excerpt":{"rendered":"<p>Esslingen.| Am 3. April haben Sch\u00fclerinnen und Sch\u00fclern im Rahmen des bundesweiten Aktionstags Girls&#8217;Day und Boys&#8217;Day 2025 die Chance, berufliche Vielfalt fernab traditioneller Rollenklischees kennen zu lernen. Auch im Landkreis Esslingen werden Unternehmen oder Institution ihre T\u00fcren \u00f6ffnen und Berufe vorstellen. Der Girls\u2019Day will insbesondere technische, naturwissenschaftliche, Handwerks- und IT Berufe f\u00fcr M\u00e4dchen und junge [&hellip;]<\/p>\n","protected":false},"author":4,"featured_media":0,"comment_status":"closed","ping_status":"open","sticky":false,"template":"","format":"standard","meta":{"inline_featured_image":false,"_exactmetrics_skip_tracking":false,"_exactmetrics_sitenote_active":false,"_exactmetrics_sitenote_note":"","_exactmetrics_sitenote_category":0,"footnotes":""},"categories":[2247],"tags":[17996,14857,14440,1264,68,9],"class_list":{"0":"post-155273","1":"post","2":"type-post","3":"status-publish","4":"format-standard","6":"category-kreis-esslingen","7":"tag-boys-day","8":"tag-die-webzeitung","9":"tag-esslingen","10":"tag-girls-day","11":"tag-online-zeitung","12":"tag-schaumedia"},"image_feature":null,"author_name":"Redaktion","pure_taxonomies":{"categories":[{"term_id":2247,"name":"Kreis Esslingen","slug":"kreis-esslingen","term_group":0,"term_taxonomy_id":2260,"taxonomy":"category","description":"Informationen aus dem Landkreis Esslingen","parent":171,"count":214,"filter":"raw","image":""}],"tags":[{"term_id":17996,"name":"Boys Day","slug":"boys-day","term_group":0,"term_taxonomy_id":18015,"taxonomy":"post_tag","description":"","parent":0,"count":1,"filter":"raw","image":""},{"term_id":14857,"name":"Die-Webzeitung","slug":"die-webzeitung","term_group":0,"term_taxonomy_id":14876,"taxonomy":"post_tag","description":"","parent":0,"count":3625,"filter":"raw","image":""},{"term_id":14440,"name":"Esslingen","slug":"esslingen","term_group":0,"term_taxonomy_id":3885,"taxonomy":"post_tag","description":"","parent":0,"count":202,"filter":"raw","image":""},{"term_id":1264,"name":"Girl's Day","slug":"girls-day","term_group":0,"term_taxonomy_id":1273,"taxonomy":"post_tag","description":"","parent":0,"count":1,"filter":"raw","image":""},{"term_id":68,"name":"Online-Zeitung","slug":"online-zeitung","term_group":0,"term_taxonomy_id":69,"taxonomy":"post_tag","description":"","parent":0,"count":3595,"filter":"raw","image":""},{"term_id":9,"name":"SchauMedia","slug":"schaumedia","term_group":0,"term_taxonomy_id":9,"taxonomy":"post_tag","description":"","parent":0,"count":1607,"filter":"raw","image":""}]},"_links":{"self":[{"href":"https:\/\/die-webzeitung.de\/stuttgart\/wp-json\/wp\/v2\/posts\/155273","targetHints":{"allow":["GET"]}}],"collection":[{"href":"https:\/\/die-webzeitung.de\/stuttgart\/wp-json\/wp\/v2\/posts"}],"about":[{"href":"https:\/\/die-webzeitung.de\/stuttgart\/wp-json\/wp\/v2\/types\/post"}],"author":[{"embeddable":true,"href":"https:\/\/die-webzeitung.de\/stuttgart\/wp-json\/wp\/v2\/users\/4"}],"replies":[{"embeddable":true,"href":"https:\/\/die-webzeitung.de\/stuttgart\/wp-json\/wp\/v2\/comments?post=155273"}],"version-history":[{"count":1,"href":"https:\/\/die-webzeitung.de\/stuttgart\/wp-json\/wp\/v2\/posts\/155273\/revisions"}],"predecessor-version":[{"id":155274,"href":"https:\/\/die-webzeitung.de\/stuttgart\/wp-json\/wp\/v2\/posts\/155273\/revisions\/155274"}],"wp:attachment":[{"href":"https:\/\/die-webzeitung.de\/stuttgart\/wp-json\/wp\/v2\/media?parent=155273"}],"wp:term":[{"taxonomy":"category","embeddable":true,"href":"https:\/\/die-webzeitung.de\/stuttgart\/wp-json\/wp\/v2\/categories?post=155273"},{"taxonomy":"post_tag","embeddable":true,"href":"https:\/\/die-webzeitung.de\/stuttgart\/wp-json\/wp\/v2\/tags?post=155273"}],"curies":[{"name":"wp","href":"https:\/\/api.w.org\/{rel}","templated":true}]}}