{"id":155267,"date":"2025-02-22T19:44:19","date_gmt":"2025-02-22T18:44:19","guid":{"rendered":"https:\/\/die-webzeitung.de\/stuttgart\/?p=155267"},"modified":"2025-02-23T12:01:27","modified_gmt":"2025-02-23T11:01:27","slug":"stuttgart-21-tage-der-offenen-baustelle-wieder-moeglich","status":"publish","type":"post","link":"https:\/\/die-webzeitung.de\/stuttgart\/2025\/02\/22\/stuttgart-21-tage-der-offenen-baustelle-wieder-moeglich\/","title":{"rendered":"Stuttgart 21: Tage der offenen Baustelle wieder m\u00f6glich"},"content":{"rendered":"<p style=\"text-align: justify;\">Stuttgartr.| Der Verein Bahnprojekt Stuttgart\u2013Ulm e. V. erm\u00f6glicht gemeinsam mit der DB Projekt Stuttgart\u2013Ulm GmbH (DB PSU) und den am Bau realisierten die Baustelle Besucher f\u00fcrinnen und Besucher zu \u00f6ffnen. Die Tage der offenen Baustelle finden erneut am Karsamstag (19.04.), Ostersonntag (20.04.) und Ostermontag (21.04.) jeweils von 10 bis 17 Uhr statt. Der Verein bietet das Megaevent rund um das Herzst\u00fcck von Stuttgart 21, den Umbau des Stuttgarter Hauptbahnhofs, damit zum neunten Mal an und \u00f6ffnet die Baustelle f\u00fcr Interessierte.<\/p>\n<p style=\"text-align: justify;\">\u201eDer Bahnhof nimmt deutlich Gestalt an und wir befinden uns mit allen Bauma\u00dfnahmen auf der Zielgeraden. \u201eAlle Besucherinnen und Besucher werden diesen enormen Fortschritt mit eigenen Augen erkennen k\u00f6nnen\u201c, so ein begeisterter Bernhard Bauer, Vorsitzender des Vereins Bahnprojekt Stuttgart\u2013Ulm bei der Ank\u00fcndigung der Veranstaltung. \u201eDas Interesse und die damit verbundenen Besucherzahlen der letzten Jahre haben unsere Erwartungen weit \u00fcbertroffen.\u201c Diese \u201eZustimmung mit den F\u00fc\u00dfen\u201c zu dem baden-w\u00fcrttembergischen Zukunftsprojekt hat alle sehr erfolgreich umgesetzt. In diesem Jahr k\u00f6nnen unsere G\u00e4ste die fast fertige neue Bahnsteighalle mit eingebauten Gleisen, Oberleitungen, Treppen und Aufz\u00fcgen erleben und sehen.\u201c<\/p>\n<h4 style=\"text-align: justify;\"><strong>Anmeldung f\u00fcr den Blick in die Bahnsteighalle erforderlich<\/strong><\/h4>\n<p style=\"text-align: justify;\">Die Tage der offenen Baustelle 2025 stehen allerdings aufgrund des gro\u00dfen Baufortschritts sowie aller noch anstehenden Arbeiten unter ge\u00e4nderten Bedingungen. Der Zugang auf das Baustellengel\u00e4nde und zu den Informations- und Eventst\u00e4nden ist wie in den vergangenen Jahren anmelde- und kostenfrei. \u201eGerne w\u00fcrden wir \u2013 wie in den vergangenen Jahren \u2013 den B\u00fcrgerinnen und B\u00fcrgern alles von der Baustelle zeigen.\u201c \u201eAllein, es muss auch im Hinblick auf das Baugeschehen umsetzbar sein\u201c, fasst Bauer den aktuellen Stand der Planungen zusammen. \u201eUm die zu erwartende Besuchermenge sicher zu lenken, werden wir den Zugang zum Personensteg in der Bahnsteighalle begrenzen.\u201c Die Anmeldung kann ab Montag, 03. M\u00e4rz 2025, 10 Uhr unter <a href=\"https:\/\/its-projekt.de\" target=\"_blank\" rel=\"noopener\">https:\/\/its-projekt.de<\/a> erfolgen.<\/p>\n<h4 style=\"text-align: justify;\">\n<strong>Informationsst\u00e4nde und Events auf dem Baustellengel\u00e4nde<\/strong><\/h4>\n<p style=\"text-align: justify;\">\u201eWir sind sehr froh und dankbar, dass wir die Baustelle dieses Jahres nochmals f\u00fcr die B\u00fcrgerinnen und B\u00fcrger \u00f6ffnen k\u00f6nnen\u201c, bilanzierte Bauer die Abstimmungsgespr\u00e4che mit der DB PSU. \u201eEs ist immer wichtig gewesen, dass die Menschen den Baufortschritt vor Ort live erleben und sich im Austausch mit den Fachleuten informieren k\u00f6nnen.\u201c Das Veranstaltungskonzept wird aktuell erarbeitet. Unser Ziel ist es, dass die Veranstaltung wieder ein Fest f\u00fcr die ganze Familie, mit vielen Informationen und faktenbasiertem Austausch sowie unvergesslichen Einblicken werden kann.\u201c<\/p>\n<p style=\"text-align: justify;\">Der Verein informiert laufend \u00fcber die wesentlichen Entwicklungen per Pressemitteilung sowie \u00fcber die Homepage und die Social-Media-Kan\u00e4le (@infoturmstuttgart).<\/p>\n<hr \/>\n<p style=\"text-align: justify;\">\n","protected":false},"excerpt":{"rendered":"<p>Stuttgartr.| Der Verein Bahnprojekt Stuttgart\u2013Ulm e. V. erm\u00f6glicht gemeinsam mit der DB Projekt Stuttgart\u2013Ulm GmbH (DB PSU) und den am Bau realisierten die Baustelle Besucher f\u00fcrinnen und Besucher zu \u00f6ffnen. Die Tage der offenen Baustelle finden erneut am Karsamstag (19.04.), Ostersonntag (20.04.) und Ostermontag (21.04.) jeweils von 10 bis 17 Uhr statt. Der Verein bietet [&hellip;]<\/p>\n","protected":false},"author":4,"featured_media":155268,"comment_status":"closed","ping_status":"open","sticky":false,"template":"","format":"standard","meta":{"inline_featured_image":false,"_exactmetrics_skip_tracking":false,"_exactmetrics_sitenote_active":false,"_exactmetrics_sitenote_note":"","_exactmetrics_sitenote_category":0,"footnotes":""},"categories":[59,2239],"tags":[1443,14857,68,9,275,206],"class_list":{"0":"post-155267","1":"post","2":"type-post","3":"status-publish","4":"format-standard","5":"has-post-thumbnail","7":"category-aktuell","8":"category-stuttgart-lokal","9":"tag-bahnhof","10":"tag-die-webzeitung","11":"tag-online-zeitung","12":"tag-schaumedia","13":"tag-stuttgart","14":"tag-stuttgart-21"},"image_feature":"https:\/\/die-webzeitung.de\/stuttgart\/wp-content\/uploads\/sites\/4\/2025\/02\/bahn21.jpg","author_name":"Redaktion","pure_taxonomies":{"categories":[{"term_id":59,"name":"Aktuell","slug":"aktuell","term_group":0,"term_taxonomy_id":60,"taxonomy":"category","description":"","parent":0,"count":1017,"filter":"raw","image":""},{"term_id":2239,"name":"Stuttgart","slug":"stuttgart-lokal","term_group":0,"term_taxonomy_id":2252,"taxonomy":"category","description":"Berichte und Informationen aus Stuttgart","parent":1433,"count":942,"filter":"raw","image":""}],"tags":[{"term_id":1443,"name":"Bahnhof","slug":"bahnhof","term_group":0,"term_taxonomy_id":1452,"taxonomy":"post_tag","description":"","parent":0,"count":17,"filter":"raw","image":""},{"term_id":14857,"name":"Die-Webzeitung","slug":"die-webzeitung","term_group":0,"term_taxonomy_id":14876,"taxonomy":"post_tag","description":"","parent":0,"count":3625,"filter":"raw","image":""},{"term_id":68,"name":"Online-Zeitung","slug":"online-zeitung","term_group":0,"term_taxonomy_id":69,"taxonomy":"post_tag","description":"","parent":0,"count":3595,"filter":"raw","image":""},{"term_id":9,"name":"SchauMedia","slug":"schaumedia","term_group":0,"term_taxonomy_id":9,"taxonomy":"post_tag","description":"","parent":0,"count":1607,"filter":"raw","image":""},{"term_id":275,"name":"Stuttgart","slug":"stuttgart","term_group":0,"term_taxonomy_id":281,"taxonomy":"post_tag","description":"","parent":0,"count":1195,"filter":"raw","image":""},{"term_id":206,"name":"Stuttgart 21","slug":"stuttgart-21","term_group":0,"term_taxonomy_id":209,"taxonomy":"post_tag","description":"","parent":0,"count":24,"filter":"raw","image":""}]},"_links":{"self":[{"href":"https:\/\/die-webzeitung.de\/stuttgart\/wp-json\/wp\/v2\/posts\/155267","targetHints":{"allow":["GET"]}}],"collection":[{"href":"https:\/\/die-webzeitung.de\/stuttgart\/wp-json\/wp\/v2\/posts"}],"about":[{"href":"https:\/\/die-webzeitung.de\/stuttgart\/wp-json\/wp\/v2\/types\/post"}],"author":[{"embeddable":true,"href":"https:\/\/die-webzeitung.de\/stuttgart\/wp-json\/wp\/v2\/users\/4"}],"replies":[{"embeddable":true,"href":"https:\/\/die-webzeitung.de\/stuttgart\/wp-json\/wp\/v2\/comments?post=155267"}],"version-history":[{"count":1,"href":"https:\/\/die-webzeitung.de\/stuttgart\/wp-json\/wp\/v2\/posts\/155267\/revisions"}],"predecessor-version":[{"id":155269,"href":"https:\/\/die-webzeitung.de\/stuttgart\/wp-json\/wp\/v2\/posts\/155267\/revisions\/155269"}],"wp:featuredmedia":[{"embeddable":true,"href":"https:\/\/die-webzeitung.de\/stuttgart\/wp-json\/wp\/v2\/media\/155268"}],"wp:attachment":[{"href":"https:\/\/die-webzeitung.de\/stuttgart\/wp-json\/wp\/v2\/media?parent=155267"}],"wp:term":[{"taxonomy":"category","embeddable":true,"href":"https:\/\/die-webzeitung.de\/stuttgart\/wp-json\/wp\/v2\/categories?post=155267"},{"taxonomy":"post_tag","embeddable":true,"href":"https:\/\/die-webzeitung.de\/stuttgart\/wp-json\/wp\/v2\/tags?post=155267"}],"curies":[{"name":"wp","href":"https:\/\/api.w.org\/{rel}","templated":true}]}}