{"id":155257,"date":"2025-02-17T17:16:13","date_gmt":"2025-02-17T16:16:13","guid":{"rendered":"https:\/\/die-webzeitung.de\/stuttgart\/2025\/02\/17\/vorsicht-an-den-tollen-tagen\/"},"modified":"2025-02-17T17:16:26","modified_gmt":"2025-02-17T16:16:26","slug":"vorsicht-an-den-tollen-tagen","status":"publish","type":"post","link":"https:\/\/die-webzeitung.de\/stuttgart\/2025\/02\/17\/vorsicht-an-den-tollen-tagen\/","title":{"rendered":"Vorsicht an den tollen Tagen"},"content":{"rendered":"<p style=\"text-align: justify;\"><strong>Seit November l\u00e4uft die Karnevalssession, doch die H\u00f6hepunkte des Stra\u00dfenkarnevals stehen den Jecken noch bevor. So sch\u00f6n das unbeschwerte Feiern im Kreis von Familie und Freunden auch ist \u2013 das fr\u00f6hliche Treiben birgt Risiken. Darauf weist die W\u00fcrttembergische Versicherung hin. Denn Haftungsfragen gelten das ganze Jahr, auch w\u00e4hrend Karneval, Fasching und Fastnacht.<\/strong><\/p>\n<p style=\"text-align: justify;\">Wenn im ausgelassenen Treiben ein Karnevalist im \u00dcberschwang das teure Kost\u00fcm des Nebenmanns oder der Nebenfrau beschmutzt oder besch\u00e4digt, muss er f\u00fcr den Schaden aufkommen. Auch im alkoholisch beseelten Zustand gibt es keine Ausnahmen. Grunds\u00e4tzlich gilt: Wer jemandem einen Schaden zuf\u00fcgt, haftet mit seinem gesamten Verm\u00f6gen. Eine Privat-Haftpflichtversicherung sch\u00fctzt vor den finanziellen Folgen \u2013 und kostet nicht die Welt.<\/p>\n<p style=\"text-align: justify;\">Eigene St\u00fcrze beim Tanzen und Schunkeln, die zu Verletzungen f\u00fchren k\u00f6nnen, lassen sich \u2013 zumindest finanziell \u2013 mit einer privaten Unfallversicherung abfedern. Die gesetzliche Unfallversicherung greift in der Freizeit nicht, sie zahlt nur bei Unf\u00e4llen w\u00e4hrend der Arbeit oder auf dem direkten Arbeitsweg ohne private Umwege.<\/p>\n<p style=\"text-align: justify;\">Wird man selbst \u2013 etwa von einem strauchelnden Karnevalisten \u2013 zu Boden gerissen und verletzt, kann auch ein Anspruch auf Schmerzensgeld mit Hilfe einer Rechtsschutzversicherung geltend gemacht werden, sofern sich nachweisen l\u00e4sst, wer f\u00fcr den Sturz verantwortlich ist.<\/p>\n<p style=\"text-align: justify;\">Wie bei allen gro\u00dfen Veranstaltungen, bei denen viele Menschen eng beieinander sind \u2013 etwa Messen, Weihnachtsm\u00e4rkten, Volksfesten \u2013 r\u00e4t die W\u00fcrttembergische auch im Karneval, nur das N\u00f6tigste an Bargeld mitzunehmen und Geldb\u00f6rsen sicher zu verwahren. Denn im Gedr\u00e4nge schlagen Taschendiebe besonders gern zu und erbeuten Wertgegenst\u00e4nde.<\/p>\n<p style=\"text-align: justify;\">F\u00fcr die An- und Abreise zu und von der Karnevalsfeier empfehlen sich im \u00dcbrigen \u00f6ffentliche Verkehrsmittel. Denn dass sich Karneval, der Konsum alkoholischer Getr\u00e4nke und das Fahren von Kraftfahrzeugen schlecht vertragen, ist kein Geheimnis. Ger\u00e4t man in eine Polizeikontrolle, drohen bereits ab 0,5 Promille \u00fcber 500 Euro Strafe, zwei Punkte in Flensburg und ein Fahrverbot von einem Monat.<\/p>\n<hr \/>\n<p style=\"text-align: justify;\">\n","protected":false},"excerpt":{"rendered":"<p>Seit November l\u00e4uft die Karnevalssession, doch die H\u00f6hepunkte des Stra\u00dfenkarnevals stehen den Jecken noch bevor. So sch\u00f6n das unbeschwerte Feiern im Kreis von Familie und Freunden auch ist \u2013 das fr\u00f6hliche Treiben birgt Risiken. Darauf weist die W\u00fcrttembergische Versicherung hin. Denn Haftungsfragen gelten das ganze Jahr, auch w\u00e4hrend Karneval, Fasching und Fastnacht. Wenn im ausgelassenen [&hellip;]<\/p>\n","protected":false},"author":4,"featured_media":155258,"comment_status":"closed","ping_status":"open","sticky":false,"template":"","format":"standard","meta":{"inline_featured_image":false,"_exactmetrics_skip_tracking":false,"_exactmetrics_sitenote_active":false,"_exactmetrics_sitenote_note":"","_exactmetrics_sitenote_category":0,"footnotes":""},"categories":[59,2237],"tags":[14857,9992,17993,9926,68,9],"class_list":{"0":"post-155257","1":"post","2":"type-post","3":"status-publish","4":"format-standard","5":"has-post-thumbnail","7":"category-aktuell","8":"category-ratgeber-leben","9":"tag-die-webzeitung","10":"tag-fasching","11":"tag-fastnacht","12":"tag-karneval","13":"tag-online-zeitung","14":"tag-schaumedia"},"image_feature":"https:\/\/die-webzeitung.de\/stuttgart\/wp-content\/uploads\/sites\/4\/2025\/02\/portrait-3161818_1280-scaled.jpg","author_name":"Redaktion","pure_taxonomies":{"categories":[{"term_id":59,"name":"Aktuell","slug":"aktuell","term_group":0,"term_taxonomy_id":60,"taxonomy":"category","description":"","parent":0,"count":1017,"filter":"raw","image":""},{"term_id":2237,"name":"Ratgeber","slug":"ratgeber-leben","term_group":0,"term_taxonomy_id":2250,"taxonomy":"category","description":"","parent":482,"count":380,"filter":"raw","image":""}],"tags":[{"term_id":14857,"name":"Die-Webzeitung","slug":"die-webzeitung","term_group":0,"term_taxonomy_id":14876,"taxonomy":"post_tag","description":"","parent":0,"count":3625,"filter":"raw","image":""},{"term_id":9992,"name":"Fasching","slug":"fasching","term_group":0,"term_taxonomy_id":10023,"taxonomy":"post_tag","description":"","parent":0,"count":3,"filter":"raw","image":""},{"term_id":17993,"name":"Fastnacht","slug":"fastnacht","term_group":0,"term_taxonomy_id":18012,"taxonomy":"post_tag","description":"","parent":0,"count":1,"filter":"raw","image":""},{"term_id":9926,"name":"Karneval","slug":"karneval","term_group":0,"term_taxonomy_id":9957,"taxonomy":"post_tag","description":"","parent":0,"count":2,"filter":"raw","image":""},{"term_id":68,"name":"Online-Zeitung","slug":"online-zeitung","term_group":0,"term_taxonomy_id":69,"taxonomy":"post_tag","description":"","parent":0,"count":3595,"filter":"raw","image":""},{"term_id":9,"name":"SchauMedia","slug":"schaumedia","term_group":0,"term_taxonomy_id":9,"taxonomy":"post_tag","description":"","parent":0,"count":1607,"filter":"raw","image":""}]},"_links":{"self":[{"href":"https:\/\/die-webzeitung.de\/stuttgart\/wp-json\/wp\/v2\/posts\/155257","targetHints":{"allow":["GET"]}}],"collection":[{"href":"https:\/\/die-webzeitung.de\/stuttgart\/wp-json\/wp\/v2\/posts"}],"about":[{"href":"https:\/\/die-webzeitung.de\/stuttgart\/wp-json\/wp\/v2\/types\/post"}],"author":[{"embeddable":true,"href":"https:\/\/die-webzeitung.de\/stuttgart\/wp-json\/wp\/v2\/users\/4"}],"replies":[{"embeddable":true,"href":"https:\/\/die-webzeitung.de\/stuttgart\/wp-json\/wp\/v2\/comments?post=155257"}],"version-history":[{"count":1,"href":"https:\/\/die-webzeitung.de\/stuttgart\/wp-json\/wp\/v2\/posts\/155257\/revisions"}],"predecessor-version":[{"id":155259,"href":"https:\/\/die-webzeitung.de\/stuttgart\/wp-json\/wp\/v2\/posts\/155257\/revisions\/155259"}],"wp:featuredmedia":[{"embeddable":true,"href":"https:\/\/die-webzeitung.de\/stuttgart\/wp-json\/wp\/v2\/media\/155258"}],"wp:attachment":[{"href":"https:\/\/die-webzeitung.de\/stuttgart\/wp-json\/wp\/v2\/media?parent=155257"}],"wp:term":[{"taxonomy":"category","embeddable":true,"href":"https:\/\/die-webzeitung.de\/stuttgart\/wp-json\/wp\/v2\/categories?post=155257"},{"taxonomy":"post_tag","embeddable":true,"href":"https:\/\/die-webzeitung.de\/stuttgart\/wp-json\/wp\/v2\/tags?post=155257"}],"curies":[{"name":"wp","href":"https:\/\/api.w.org\/{rel}","templated":true}]}}