{"id":155243,"date":"2025-02-16T11:34:22","date_gmt":"2025-02-16T10:34:22","guid":{"rendered":"https:\/\/die-webzeitung.de\/stuttgart\/2025\/02\/16\/drei-porsche-punkten-beim-zweiten-rennen-in-dschidda\/"},"modified":"2025-02-16T11:34:22","modified_gmt":"2025-02-16T10:34:22","slug":"drei-porsche-punkten-beim-zweiten-rennen-in-dschidda","status":"publish","type":"post","link":"https:\/\/die-webzeitung.de\/stuttgart\/2025\/02\/16\/drei-porsche-punkten-beim-zweiten-rennen-in-dschidda\/","title":{"rendered":"Drei Porsche punkten beim zweiten Rennen in Dschidda"},"content":{"rendered":"<h3 style=\"text-align: justify;\"><strong>ABB FIA Formel-E-Weltmeisterschaft, Dschidda (Saudi-Arabien), Rennen 4<\/strong><\/h3>\n<ul>\n<li style=\"text-align: justify;\"><strong>Platz 8 f\u00fcr Weltmeister Pascal Wehrlein<\/strong><\/li>\n<li style=\"text-align: justify;\"><strong>Ant\u00f3nio F\u00e9lix da Costa scheidet in Runde eins unverschuldet aus<\/strong><\/li>\n<li style=\"text-align: justify;\"><strong>Jake Dennis sammelt mit Platz 4 Herstellerpunkte f\u00fcr Porsche<\/strong><\/li>\n<\/ul>\n<p style=\"text-align: justify;\">Stuttgart.| Pascal Wehrlein belegte im zweiten Rennen des Jeddah E-Prix am Samstag in Saudi-Arabien den achten Platz. Gestartet war der Deutsche im hocheffizienten Porsche 99X Electric von Position 13 aus. F\u00fcr seinen Teamkollegen vom TAG Heuer Porsche Formel-E-Team endete das Rennen fr\u00fchzeitig: Nach einem unverschuldeten Unfall in der ersten Runde musste Ant\u00f3nio F\u00e9lix da Costa das Rennen aufgeben. Im bestplatzierten Porsche 99X Electric belegte Jake Dennis vom Kundenteam Andretti Formula E den vierten Platz. Er hatte kurzzeitig in F\u00fchrung gelegen. Ebenfalls in die Punkter\u00e4nge fuhr Dan Ticktum. Der Brite beendete das Rennen im Porsche 99X Electric WCG3 von Cupra Kiro auf dem neunten Platz. Damit landeten drei Porsche in den Top Ten. Als die beiden bestplatzierten Porsche-Piloten z\u00e4hlen die Punkte von Dennis und Wehrlein f\u00fcr Porsche in der Hersteller-WM.<\/p>\n<p style=\"text-align: justify;\"><strong>Eine Chronologie des Rennens bietet dieser Beitrag auf dem X-Kanal @PorscheFormulaE.<\/strong><\/p>\n<p style=\"text-align: justify;\"><strong>Stimmen zum Jeddah E-Prix<\/strong><\/p>\n<p style=\"text-align: justify;\">Florian Modlinger, Gesamtprojektleiter Formel E: \u201eDas war ein weiterer entt\u00e4uschender Renntag in Dschidda. Ant\u00f3nio ist von P4 aus ins Rennen gestartet und dann unverschuldet von einem Konkurrenten aus dem Rennen genommen worden. Das war extrem ungl\u00fccklich. Er h\u00e4tte eine Top-Platzierung erreichen k\u00f6nnen. Pascal startete von Platz 13 aus und konnte sich im Rennen stetig verbessern, am Ende landete er auf Platz 8. Wir haben wichtige Punkte gesammelt, aber es w\u00e4re mehr drin gewesen. Jetzt m\u00fcssen wir uns sortieren, alles analysieren und in Miami noch st\u00e4rker zur\u00fcckkommen.\u201c<\/p>\n<p style=\"text-align: justify;\">Pascal Wehrlein, Porsche-Werksfahrer (#1): \u201eIm Qualifying hatten wir ein Softwareproblem, das uns Performance kostete. Das Rennen f\u00fchlte sich erst ganz gut an, gegen Ende lie\u00df das Gef\u00fchl aber leider nach. Es f\u00e4llt mir gerade schwer, zu verstehen, warum wir so viele Pl\u00e4tze verloren haben.\u201c<\/p>\n<p style=\"text-align: justify;\">Ant\u00f3nio F\u00e9lix da Costa, Porsche-Werksfahrer (#13): \u201eIch hatte am Wochenende das Gef\u00fchl, immer zur falschen Zeit am falschen Ort zu sein. In beiden Rennen wurde ich gleich in der ersten Runde hart getroffen. Heute war der Schaden so gro\u00df, dass das Rennen nach drei Kurven vorbei war. Dabei hatten wir von P4 aus alle Chancen, um den Sieg zu k\u00e4mpfen. Das Ergebnis tut weh. Sowohl mental als auch in der Meisterschaft. Aber die Saison ist noch lang. Wir haben ein extrem starkes Team und k\u00e4mpfen weiter.\u201c<\/p>\n<p style=\"text-align: justify;\"><strong>ABB FIA Formel-E-Weltmeisterschaft \u2013 Punktest\u00e4nde nach 4 von 16 Rennen<\/strong><\/p>\n<p style=\"text-align: justify;\"><strong>Fahrerwertung<\/strong><br \/>\n1. Oliver Rowland (GBR), 68 Punkte<br \/>\n2. Taylor Barnard (GBR) 51 Punkte<br \/>\n3. Ant\u00f3nio F\u00e9lix da Costa (POR), 39 Punkte<br \/>\n8. Pascal Wehrlein (GER), 25 Punkte<br \/>\n9. Jake Dennis (GBR), 25 Punkte<br \/>\n16. Dan Ticktum (GBR), 6 Punkte<br \/>\n17. Nico M\u00fcller (SUI), 2 Punkte<br \/>\n21. David Beckmann (GER), 0 Punkte<\/p>\n<p style=\"text-align: justify;\"><strong>Teamwertung<\/strong><br \/>\n1. Nissan Formula E Team (JPN), 68 Punkte<br \/>\n2. NEOM McLaren Formula E Team (GBR), 67 Punkte<br \/>\n3. TAG Heuer Porsche Formula E Team (GER), 64 Punkte<br \/>\n8. Andretti Formula E (USA), 27 Punkte<br \/>\n10. CUPRA KIRO (USA), 6 Punkte<\/p>\n<p style=\"text-align: justify;\"><strong>Herstellerwertung<\/strong><br \/>\n1. Nissan, 130 Punkte<br \/>\n2. Stellantis, 83 Punkte<br \/>\n3. Porsche, 80 Punkte<\/p>\n<h4 style=\"text-align: justify;\"><strong>So geht\u2019s weiter<\/strong><\/h4>\n<p style=\"text-align: justify;\">Das TAG Heuer Porsche Formel-E-Team, Andretti Formula E und Cupra Kiro starten am 12. April 2025 beim Miami E-Prix (Saisonrennen 5).<\/p>\n<p style=\"text-align: justify;\">Zuvor nehmen die Teams an den \u201eEvo Sessions\u201c teil. Im Rahmen der innovativen Formel-E-Content-Serie pilotieren Prominente die aktuellen Formel-E-Fahrzeuge auf der Grand-Prix-Strecke von Miami (5. und 6. M\u00e4rz). F\u00fcr das TAG Heuer Porsche Formel-E-Team und unter Anleitung von Weltmeister Wehrlein sitzt der ehemalige Profifu\u00dfballer Sergio Ag\u00fcero am Steuer des hocheffizienten Porsche 99X Electric.<\/p>\n<p style=\"text-align: justify;\">Interessierte k\u00f6nnen Ag\u00fceros Reise auf den Social-Media-Kan\u00e4len von Porsche verfolgen, unter anderem bei Instagram (@Porsche.Motorsport) und bei WhatsApp Channels (Porsche Motorsport). Er selbst ist bei Instagram unter @kunaguero zu finden.<\/p>\n<hr \/>\n<p style=\"text-align: justify;\">\n","protected":false},"excerpt":{"rendered":"<p>ABB FIA Formel-E-Weltmeisterschaft, Dschidda (Saudi-Arabien), Rennen 4 Platz 8 f\u00fcr Weltmeister Pascal Wehrlein Ant\u00f3nio F\u00e9lix da Costa scheidet in Runde eins unverschuldet aus Jake Dennis sammelt mit Platz 4 Herstellerpunkte f\u00fcr Porsche Stuttgart.| Pascal Wehrlein belegte im zweiten Rennen des Jeddah E-Prix am Samstag in Saudi-Arabien den achten Platz. Gestartet war der Deutsche im hocheffizienten [&hellip;]<\/p>\n","protected":false},"author":4,"featured_media":155244,"comment_status":"closed","ping_status":"open","sticky":false,"template":"","format":"standard","meta":{"inline_featured_image":false,"_exactmetrics_skip_tracking":false,"_exactmetrics_sitenote_active":false,"_exactmetrics_sitenote_note":"","_exactmetrics_sitenote_category":0,"footnotes":""},"categories":[110],"tags":[12,14857,17992,14981,68,360,9],"class_list":{"0":"post-155243","1":"post","2":"type-post","3":"status-publish","4":"format-standard","5":"has-post-thumbnail","7":"category-sport","8":"tag-auto","9":"tag-die-webzeitung","10":"tag-dschidda","11":"tag-formel-e","12":"tag-online-zeitung","13":"tag-porsche","14":"tag-schaumedia"},"image_feature":"https:\/\/die-webzeitung.de\/stuttgart\/wp-content\/uploads\/sites\/4\/2025\/02\/308313_1920x1280-scaled.jpg","author_name":"Redaktion","pure_taxonomies":{"categories":[{"term_id":110,"name":"Sport","slug":"sport","term_group":0,"term_taxonomy_id":112,"taxonomy":"category","description":"Sportberichte","parent":0,"count":1043,"filter":"raw","image":""}],"tags":[{"term_id":12,"name":"Auto","slug":"auto","term_group":0,"term_taxonomy_id":12,"taxonomy":"post_tag","description":"","parent":0,"count":11,"filter":"raw","image":""},{"term_id":14857,"name":"Die-Webzeitung","slug":"die-webzeitung","term_group":0,"term_taxonomy_id":14876,"taxonomy":"post_tag","description":"","parent":0,"count":3625,"filter":"raw","image":""},{"term_id":17992,"name":"Dschidda","slug":"dschidda","term_group":0,"term_taxonomy_id":18011,"taxonomy":"post_tag","description":"","parent":0,"count":1,"filter":"raw","image":""},{"term_id":14981,"name":"Formel E","slug":"formel-e","term_group":0,"term_taxonomy_id":15000,"taxonomy":"post_tag","description":"","parent":0,"count":5,"filter":"raw","image":""},{"term_id":68,"name":"Online-Zeitung","slug":"online-zeitung","term_group":0,"term_taxonomy_id":69,"taxonomy":"post_tag","description":"","parent":0,"count":3595,"filter":"raw","image":""},{"term_id":360,"name":"Porsche","slug":"porsche","term_group":0,"term_taxonomy_id":366,"taxonomy":"post_tag","description":"","parent":0,"count":31,"filter":"raw","image":""},{"term_id":9,"name":"SchauMedia","slug":"schaumedia","term_group":0,"term_taxonomy_id":9,"taxonomy":"post_tag","description":"","parent":0,"count":1607,"filter":"raw","image":""}]},"_links":{"self":[{"href":"https:\/\/die-webzeitung.de\/stuttgart\/wp-json\/wp\/v2\/posts\/155243","targetHints":{"allow":["GET"]}}],"collection":[{"href":"https:\/\/die-webzeitung.de\/stuttgart\/wp-json\/wp\/v2\/posts"}],"about":[{"href":"https:\/\/die-webzeitung.de\/stuttgart\/wp-json\/wp\/v2\/types\/post"}],"author":[{"embeddable":true,"href":"https:\/\/die-webzeitung.de\/stuttgart\/wp-json\/wp\/v2\/users\/4"}],"replies":[{"embeddable":true,"href":"https:\/\/die-webzeitung.de\/stuttgart\/wp-json\/wp\/v2\/comments?post=155243"}],"version-history":[{"count":0,"href":"https:\/\/die-webzeitung.de\/stuttgart\/wp-json\/wp\/v2\/posts\/155243\/revisions"}],"wp:featuredmedia":[{"embeddable":true,"href":"https:\/\/die-webzeitung.de\/stuttgart\/wp-json\/wp\/v2\/media\/155244"}],"wp:attachment":[{"href":"https:\/\/die-webzeitung.de\/stuttgart\/wp-json\/wp\/v2\/media?parent=155243"}],"wp:term":[{"taxonomy":"category","embeddable":true,"href":"https:\/\/die-webzeitung.de\/stuttgart\/wp-json\/wp\/v2\/categories?post=155243"},{"taxonomy":"post_tag","embeddable":true,"href":"https:\/\/die-webzeitung.de\/stuttgart\/wp-json\/wp\/v2\/tags?post=155243"}],"curies":[{"name":"wp","href":"https:\/\/api.w.org\/{rel}","templated":true}]}}