{"id":155231,"date":"2025-02-13T18:47:04","date_gmt":"2025-02-13T17:47:04","guid":{"rendered":"https:\/\/die-webzeitung.de\/stuttgart\/?p=155231"},"modified":"2025-12-05T12:59:45","modified_gmt":"2025-12-05T11:59:45","slug":"verkehrsfreigabe-in-der-zweiten-maerzhaelfte","status":"publish","type":"post","link":"https:\/\/die-webzeitung.de\/stuttgart\/2025\/02\/13\/verkehrsfreigabe-in-der-zweiten-maerzhaelfte\/","title":{"rendered":"Verkehrsfreigabe in der zweiten M\u00e4rzh\u00e4lfte"},"content":{"rendered":"<p style=\"text-align: justify;\">Ostfildern.| Die Fertigstellung der Ortskernsanierung in Kemnat verz\u00f6gert sich witterungsbedingt um etwa drei Wochen, da die Arbeiten im Januar wegen tiefer Nachttemperaturen f\u00fcr 14 Tage unterbrochen werden mussten. In der zweiten M\u00e4rzh\u00e4lfte wird die Kemnater Ortsmitte f\u00fcr den Verkehr ge\u00f6ffnet.<\/p>\n<p style=\"text-align: justify;\">Urspr\u00fcnglich war das Bauende f\u00fcr Ende Februar 2025 geplant. \u201eDie tiefen Nachttemperaturen in der ersten Januarh\u00e4lfte haben den Bauablauf jedoch erheblich beeintr\u00e4chtigt. Dies wird nun in einem \u00fcberarbeiteten Bauzeitenplan ber\u00fccksichtigt\u201c, erkl\u00e4rte Christoph Ruth, Projektleiter der SEG Ostfildern.<\/p>\n<p style=\"text-align: justify;\">Nach der \u00dcberarbeitung des Bauzeitplans wird die Kemnater Ortsmitte in der zweiten M\u00e4rzh\u00e4lfte f\u00fcr den Verkehr freigegeben. In den Randbereichen werden anschlie\u00dfend noch einige Restarbeiten wie die Installation von M\u00fclleimern und Fahrradst\u00e4ndern durchgef\u00fchrt. Diese Arbeiten werden jedoch den Verkehrsfluss nicht beeintr\u00e4chtigen. Insgesamt bedeutet die Verz\u00f6gerung eine Verl\u00e4ngerung der Bauzeit um etwa drei Wochen. \u201eAngesichts der Komplexit\u00e4t der Baustelle, der zweiw\u00f6chigen Winterpause sowie zus\u00e4tzlicher, nachtr\u00e4glich erforderlich gewordener Arbeiten von Leitungstr\u00e4gern ist dies ein gutes Ergebnis\u201c, bewertet Projektleiter Ruth die Situation.<\/p>\n<hr \/>\n<p style=\"text-align: justify;\">\n","protected":false},"excerpt":{"rendered":"<p>Ostfildern.| Die Fertigstellung der Ortskernsanierung in Kemnat verz\u00f6gert sich witterungsbedingt um etwa drei Wochen, da die Arbeiten im Januar wegen tiefer Nachttemperaturen f\u00fcr 14 Tage unterbrochen werden mussten. In der zweiten M\u00e4rzh\u00e4lfte wird die Kemnater Ortsmitte f\u00fcr den Verkehr ge\u00f6ffnet. Urspr\u00fcnglich war das Bauende f\u00fcr Ende Februar 2025 geplant. \u201eDie tiefen Nachttemperaturen in der ersten [&hellip;]<\/p>\n","protected":false},"author":4,"featured_media":0,"comment_status":"closed","ping_status":"open","sticky":false,"template":"","format":"standard","meta":{"inline_featured_image":false,"_exactmetrics_skip_tracking":false,"_exactmetrics_sitenote_active":false,"_exactmetrics_sitenote_note":"","_exactmetrics_sitenote_category":0,"footnotes":""},"categories":[2247],"tags":[14857,5209,68,17570,14439,460,9],"class_list":{"0":"post-155231","1":"post","2":"type-post","3":"status-publish","4":"format-standard","6":"category-kreis-esslingen","7":"tag-die-webzeitung","8":"tag-kemnat","9":"tag-online-zeitung","10":"tag-ortskern","11":"tag-ostfildern","12":"tag-sanierung","13":"tag-schaumedia"},"image_feature":null,"author_name":"Redaktion","pure_taxonomies":{"categories":[{"term_id":2247,"name":"Kreis Esslingen","slug":"kreis-esslingen","term_group":0,"term_taxonomy_id":2260,"taxonomy":"category","description":"Informationen aus dem Landkreis Esslingen","parent":171,"count":214,"filter":"raw","image":""}],"tags":[{"term_id":14857,"name":"Die-Webzeitung","slug":"die-webzeitung","term_group":0,"term_taxonomy_id":14876,"taxonomy":"post_tag","description":"","parent":0,"count":3625,"filter":"raw","image":""},{"term_id":5209,"name":"Kemnat","slug":"kemnat","term_group":0,"term_taxonomy_id":5226,"taxonomy":"post_tag","description":"","parent":0,"count":2,"filter":"raw","image":""},{"term_id":68,"name":"Online-Zeitung","slug":"online-zeitung","term_group":0,"term_taxonomy_id":69,"taxonomy":"post_tag","description":"","parent":0,"count":3595,"filter":"raw","image":""},{"term_id":17570,"name":"Ortskern","slug":"ortskern","term_group":0,"term_taxonomy_id":17589,"taxonomy":"post_tag","description":"","parent":0,"count":1,"filter":"raw","image":""},{"term_id":14439,"name":"Ostfildern","slug":"ostfildern","term_group":0,"term_taxonomy_id":1797,"taxonomy":"post_tag","description":"","parent":0,"count":35,"filter":"raw","image":""},{"term_id":460,"name":"Sanierung","slug":"sanierung","term_group":0,"term_taxonomy_id":467,"taxonomy":"post_tag","description":"","parent":0,"count":20,"filter":"raw","image":""},{"term_id":9,"name":"SchauMedia","slug":"schaumedia","term_group":0,"term_taxonomy_id":9,"taxonomy":"post_tag","description":"","parent":0,"count":1607,"filter":"raw","image":""}]},"_links":{"self":[{"href":"https:\/\/die-webzeitung.de\/stuttgart\/wp-json\/wp\/v2\/posts\/155231","targetHints":{"allow":["GET"]}}],"collection":[{"href":"https:\/\/die-webzeitung.de\/stuttgart\/wp-json\/wp\/v2\/posts"}],"about":[{"href":"https:\/\/die-webzeitung.de\/stuttgart\/wp-json\/wp\/v2\/types\/post"}],"author":[{"embeddable":true,"href":"https:\/\/die-webzeitung.de\/stuttgart\/wp-json\/wp\/v2\/users\/4"}],"replies":[{"embeddable":true,"href":"https:\/\/die-webzeitung.de\/stuttgart\/wp-json\/wp\/v2\/comments?post=155231"}],"version-history":[{"count":1,"href":"https:\/\/die-webzeitung.de\/stuttgart\/wp-json\/wp\/v2\/posts\/155231\/revisions"}],"predecessor-version":[{"id":155232,"href":"https:\/\/die-webzeitung.de\/stuttgart\/wp-json\/wp\/v2\/posts\/155231\/revisions\/155232"}],"wp:attachment":[{"href":"https:\/\/die-webzeitung.de\/stuttgart\/wp-json\/wp\/v2\/media?parent=155231"}],"wp:term":[{"taxonomy":"category","embeddable":true,"href":"https:\/\/die-webzeitung.de\/stuttgart\/wp-json\/wp\/v2\/categories?post=155231"},{"taxonomy":"post_tag","embeddable":true,"href":"https:\/\/die-webzeitung.de\/stuttgart\/wp-json\/wp\/v2\/tags?post=155231"}],"curies":[{"name":"wp","href":"https:\/\/api.w.org\/{rel}","templated":true}]}}