{"id":155224,"date":"2025-02-12T17:38:04","date_gmt":"2025-02-12T16:38:04","guid":{"rendered":"https:\/\/die-webzeitung.de\/stuttgart\/2025\/02\/12\/hundehalter-haften-auch-fuer-gehorsamen-hund\/"},"modified":"2025-02-12T17:38:04","modified_gmt":"2025-02-12T16:38:04","slug":"hundehalter-haften-auch-fuer-gehorsamen-hund","status":"publish","type":"post","link":"https:\/\/die-webzeitung.de\/stuttgart\/2025\/02\/12\/hundehalter-haften-auch-fuer-gehorsamen-hund\/","title":{"rendered":"Hundehalter haften auch f\u00fcr gehorsamen Hund"},"content":{"rendered":"<p style=\"text-align: justify;\"><strong>Hundehalterinnen und -halter m\u00fcssen f\u00fcr Sch\u00e4den einstehen, die ihr Hund verursacht. Das kann auch bei einem angeleinten gehorsamen Hund der Fall sein. Die W\u00fcrttembergische Versicherung, ein Unternehmen der W&amp;W-Gruppe, weist auf einen vom Bundesgerichtshof (BGH VI ZR 381\/23) entschiedenen Fall hin und r\u00e4t allen, die einen Hund haben, zum Abschluss einer Hundehaftpflichtversicherung. <\/strong><\/p>\n<p style=\"text-align: justify;\">Die Tochter eines Hundehalters f\u00fchrte dessen Hund aus und hielt ihn an einer Schleppleine. Als ihr eine Frau mit Hund begegnete und die beiden Hunde zu einem M\u00e4useloch rannten, rief die Tochter den angeleinten Hund zur\u00fcck. Dieser folgte sofort. Dabei verfing sich jedoch die Besitzerin des anderen Hundes in der im Gras liegenden Schleppleine. Sie st\u00fcrzte so ungl\u00fccklich, dass sie sich ein Bein brach und im Krankenhaus station\u00e4r behandelt wurde. Ihre gesetzliche Krankenversicherung verklagte den Hundehalter, die Behandlungskosten von \u00fcber 11.000 Euro sowie weitere k\u00fcnftig anfallende Kosten zu ersetzen. Das Landgericht Bonn und das Oberlandesgericht K\u00f6ln wiesen die Klage ab, da der Hund gehorsam gewesen sei und kein typischer Fall einer Hundehaftpflicht vorliege. Das sah der BGH anders.<\/p>\n<p style=\"text-align: justify;\">Laut dem BGH haben Hundehalterinnen und -halter ein hohes Haftungsrisiko. Dies sei der Preis daf\u00fcr, dass das Verhalten eines Hundes oft nicht zu beherrschen ist und dadurch andere gesch\u00e4digt werden k\u00f6nnen. Im entschiedenen Fall sei zwar der Hund gehorsam gewesen. Trotzdem habe sich eine typische Tiergefahr verwirklicht. Der Hund konnte n\u00e4mlich nicht so gesteuert werden, dass sich die Frau nicht in der Leine verfing und st\u00fcrzte. Au\u00dferdem war der Hund naturgem\u00e4\u00df nicht in der Lage, die lose Schleppleine als Gefahrenmoment zu entdecken und anzuhalten, als sich die Leine zuzog. Der Hundehalter hafte daher f\u00fcr die dadurch entstandenen Sch\u00e4den.<\/p>\n<hr \/>\n<p style=\"text-align: justify;\">\n","protected":false},"excerpt":{"rendered":"<p>Hundehalterinnen und -halter m\u00fcssen f\u00fcr Sch\u00e4den einstehen, die ihr Hund verursacht. Das kann auch bei einem angeleinten gehorsamen Hund der Fall sein. Die W\u00fcrttembergische Versicherung, ein Unternehmen der W&amp;W-Gruppe, weist auf einen vom Bundesgerichtshof (BGH VI ZR 381\/23) entschiedenen Fall hin und r\u00e4t allen, die einen Hund haben, zum Abschluss einer Hundehaftpflichtversicherung. Die Tochter eines [&hellip;]<\/p>\n","protected":false},"author":4,"featured_media":155225,"comment_status":"closed","ping_status":"open","sticky":false,"template":"","format":"standard","meta":{"inline_featured_image":false,"_exactmetrics_skip_tracking":false,"_exactmetrics_sitenote_active":false,"_exactmetrics_sitenote_note":"","_exactmetrics_sitenote_category":0,"footnotes":""},"categories":[2237],"tags":[14857,799,68,1383],"class_list":{"0":"post-155224","1":"post","2":"type-post","3":"status-publish","4":"format-standard","5":"has-post-thumbnail","7":"category-ratgeber-leben","8":"tag-die-webzeitung","9":"tag-hund","10":"tag-online-zeitung","11":"tag-schaden"},"image_feature":"https:\/\/die-webzeitung.de\/stuttgart\/wp-content\/uploads\/sites\/4\/2025\/02\/dalmatian-3210166_1280-scaled.jpg","author_name":"Redaktion","pure_taxonomies":{"categories":[{"term_id":2237,"name":"Ratgeber","slug":"ratgeber-leben","term_group":0,"term_taxonomy_id":2250,"taxonomy":"category","description":"","parent":482,"count":380,"filter":"raw","image":""}],"tags":[{"term_id":14857,"name":"Die-Webzeitung","slug":"die-webzeitung","term_group":0,"term_taxonomy_id":14876,"taxonomy":"post_tag","description":"","parent":0,"count":3628,"filter":"raw","image":""},{"term_id":799,"name":"Hund","slug":"hund","term_group":0,"term_taxonomy_id":808,"taxonomy":"post_tag","description":"","parent":0,"count":5,"filter":"raw","image":""},{"term_id":68,"name":"Online-Zeitung","slug":"online-zeitung","term_group":0,"term_taxonomy_id":69,"taxonomy":"post_tag","description":"","parent":0,"count":3598,"filter":"raw","image":""},{"term_id":1383,"name":"Sch\u00e4den","slug":"schaden","term_group":0,"term_taxonomy_id":1392,"taxonomy":"post_tag","description":"","parent":0,"count":3,"filter":"raw","image":""}]},"_links":{"self":[{"href":"https:\/\/die-webzeitung.de\/stuttgart\/wp-json\/wp\/v2\/posts\/155224","targetHints":{"allow":["GET"]}}],"collection":[{"href":"https:\/\/die-webzeitung.de\/stuttgart\/wp-json\/wp\/v2\/posts"}],"about":[{"href":"https:\/\/die-webzeitung.de\/stuttgart\/wp-json\/wp\/v2\/types\/post"}],"author":[{"embeddable":true,"href":"https:\/\/die-webzeitung.de\/stuttgart\/wp-json\/wp\/v2\/users\/4"}],"replies":[{"embeddable":true,"href":"https:\/\/die-webzeitung.de\/stuttgart\/wp-json\/wp\/v2\/comments?post=155224"}],"version-history":[{"count":0,"href":"https:\/\/die-webzeitung.de\/stuttgart\/wp-json\/wp\/v2\/posts\/155224\/revisions"}],"wp:featuredmedia":[{"embeddable":true,"href":"https:\/\/die-webzeitung.de\/stuttgart\/wp-json\/wp\/v2\/media\/155225"}],"wp:attachment":[{"href":"https:\/\/die-webzeitung.de\/stuttgart\/wp-json\/wp\/v2\/media?parent=155224"}],"wp:term":[{"taxonomy":"category","embeddable":true,"href":"https:\/\/die-webzeitung.de\/stuttgart\/wp-json\/wp\/v2\/categories?post=155224"},{"taxonomy":"post_tag","embeddable":true,"href":"https:\/\/die-webzeitung.de\/stuttgart\/wp-json\/wp\/v2\/tags?post=155224"}],"curies":[{"name":"wp","href":"https:\/\/api.w.org\/{rel}","templated":true}]}}