{"id":155201,"date":"2025-02-10T18:00:18","date_gmt":"2025-02-10T17:00:18","guid":{"rendered":"https:\/\/die-webzeitung.de\/stuttgart\/2025\/02\/10\/zustimmung-zur-organ-und-gewebespende-so-hoch-wie-nie\/"},"modified":"2025-02-10T18:00:43","modified_gmt":"2025-02-10T17:00:43","slug":"zustimmung-zur-organ-und-gewebespende-so-hoch-wie-nie","status":"publish","type":"post","link":"https:\/\/die-webzeitung.de\/stuttgart\/2025\/02\/10\/zustimmung-zur-organ-und-gewebespende-so-hoch-wie-nie\/","title":{"rendered":"Zustimmung zur Organ- und Gewebespende so hoch wie nie"},"content":{"rendered":"<h3 style=\"text-align: justify;\"><strong>85 Prozent der Befragten stehen ihr positiv gegen\u00fcber<\/strong><\/h3>\n<p style=\"text-align: justify;\">K\u00f6ln, 10. Februar 2025. Die positive Einstellung zum Thema Organ- und Gewebespende in der Bev\u00f6lkerung ist mit 85 Prozent so hoch wie nie zuvor: Das ist eine zentrale Aussage der Repr\u00e4sentativbefragung \u201eWissen, Einstellung und Verhalten der Allgemeinbev\u00f6lkerung zur Organ- und Gewebespende in Deutschland 2024\u201c, deren erste Ergebnisse die Bundeszentrale f\u00fcr gesundheitliche Aufkl\u00e4rung (BZgA) jetzt ver\u00f6ffentlicht hat.<\/p>\n<ul>\n<li style=\"text-align: justify;\">62 Prozent der Befragten gaben an, eine Entscheidung zur Organ- und Gewebespende getroffen zu haben. Das sind \u00e4hnlich viele wie in der vorherigen Erhebung aus 2022 (61%).<\/li>\n<li style=\"text-align: justify;\">45 Prozent der Befragten haben ihre Entscheidung im Organspendeausweis und\/oder in einer Patientenverf\u00fcgung dokumentiert.<\/li>\n<li style=\"text-align: justify;\">16 Prozent haben eine Entscheidung getroffen, diese aber bisher nicht schriftlich festgehalten. 35 Prozent haben noch keine Entscheidung getroffen.<\/li>\n<li style=\"text-align: justify;\">Das Wissen zur Organ- und Gewebespende hat sich seit 2016 leicht verbessert: Von den aktuell Befragten f\u00fchlten sich 39 Prozent gut informiert, 2016 waren es 33 Prozent.<\/li>\n<\/ul>\n<p style=\"text-align: justify;\">Dr. Johannes Nie\u00dfen, Kommissarischer Leiter der BZgA und Errichtungsbeauftragter eines Bundesinstituts f\u00fcr \u00d6ffentliche Gesundheit (Bi\u00d6G): \u201e85 Prozent der Befragten bef\u00fcrworten die Organ- und Gewebespende \u2013 ein Rekordwert! Doch eine positive Haltung allein reicht nicht: Es z\u00e4hlt, eine bewusste Entscheidung zu treffen und zu dokumentieren. Nutzen Sie daf\u00fcr den Organspendeausweis, die Patientenverf\u00fcgung oder das Organspende-Register. Nehmen Sie sich die Zeit, sich zu informieren \u2013 zum Beispiel mit dem Infotelefon der BZgA oder auf <a href=\"http:\/\/organspende-info.de\" target=\"_blank\" rel=\"noopener noreferrer\" data-saferedirecturl=\"https:\/\/www.google.com\/url?q=http:\/\/organspende-info.de&amp;source=gmail&amp;ust=1739280169864000&amp;usg=AOvVaw08r6oU4ZzwQfx-ZBnWH1W7\">organspende-info.de<\/a>. Denn noch immer warten rund 8.300 Menschen in Deutschland auf ein Spenderorgan.\u201c<\/p>\n<p style=\"text-align: justify;\">31\u00a0Prozent der Befragten kennen das Organspende-Register. Seit M\u00e4rz 2024 kann jeder seine Entscheidung in dem elektronischen Verzeichnis dokumentieren. Das Register f\u00fcr Erkl\u00e4rungen zur Organ- und Gewebespende wird vom Bundesinstitut f\u00fcr Arzneimittel und Medizinprodukte gef\u00fchrt und ist ein zentrales elektronisches Verzeichnis, in dem die Entscheidung f\u00fcr oder gegen eine Organ- und Gewebespende festgehalten werden kann. Der Eintrag ist freiwillig und kostenlos. Er kann jederzeit ge\u00e4ndert oder widerrufen werden. Auf die Frage, ob man eine Entscheidung dort eintragen w\u00fcrde, antworteten 31\u00a0Prozent der Befragten mit \u201eganz sicher\u201c und 48\u00a0Prozent mit \u201evielleicht\u201c.<\/p>\n<p style=\"text-align: justify;\">Rund 88 Prozent der Befragten finden es wichtig, die M\u00f6glichkeit zu einem pers\u00f6nlichen Gespr\u00e4ch zur Thematik zu haben \u2013 wie es zum Beispiel das BZgA-Infotelefon Organspende bietet. Von den Befragten wussten aber nur sieben\u00a0Prozent davon. Das Infotelefon Organspende bietet im pers\u00f6nlichen Telefongespr\u00e4ch qualit\u00e4tsgesicherte Antworten auf Fragen und eine individuelle Austauschm\u00f6glichkeit rund um das Thema Organ- und Gewebespende.<\/p>\n<p style=\"text-align: justify;\">Die Mitarbeiterinnen und Mitarbeiter des Infotelefons k\u00f6nnen auch zu den h\u00e4ufigsten Fehlinformationen aufkl\u00e4ren, zum Beispiel zum Thema Altersgrenze: Knapp die H\u00e4lfte der Befragten (48 Prozent) glaubt f\u00e4lschlicherweise, dass es eine Altersgrenze f\u00fcr die Organspende gibt. Entscheidend ist aber der Zustand der Organe und nicht das Alter der Spenderin oder des Spenders.<\/p>\n<p style=\"text-align: justify;\">Wer Fragen rund um die Organ- und Gewebespende hat und diese gerne pers\u00f6nlich besprechen m\u00f6chte, kann unser geb\u00fchrenfreies Infotelefon Organspende unter der Rufnummer 0800 90 40 400 montags bis freitags von 9 bis 18 Uhr nutzen.<\/p>\n<hr \/>\n<p style=\"text-align: justify;\">\n","protected":false},"excerpt":{"rendered":"<p>85 Prozent der Befragten stehen ihr positiv gegen\u00fcber K\u00f6ln, 10. Februar 2025. Die positive Einstellung zum Thema Organ- und Gewebespende in der Bev\u00f6lkerung ist mit 85 Prozent so hoch wie nie zuvor: Das ist eine zentrale Aussage der Repr\u00e4sentativbefragung \u201eWissen, Einstellung und Verhalten der Allgemeinbev\u00f6lkerung zur Organ- und Gewebespende in Deutschland 2024\u201c, deren erste Ergebnisse [&hellip;]<\/p>\n","protected":false},"author":4,"featured_media":0,"comment_status":"closed","ping_status":"open","sticky":false,"template":"","format":"standard","meta":{"inline_featured_image":false,"_exactmetrics_skip_tracking":false,"_exactmetrics_sitenote_active":false,"_exactmetrics_sitenote_note":"","_exactmetrics_sitenote_category":0,"footnotes":""},"categories":[59,210],"tags":[14857,68,1834,9],"class_list":{"0":"post-155201","1":"post","2":"type-post","3":"status-publish","4":"format-standard","6":"category-aktuell","7":"category-gesundheit","8":"tag-die-webzeitung","9":"tag-online-zeitung","10":"tag-organspende","11":"tag-schaumedia"},"image_feature":null,"author_name":"Redaktion","pure_taxonomies":{"categories":[{"term_id":59,"name":"Aktuell","slug":"aktuell","term_group":0,"term_taxonomy_id":60,"taxonomy":"category","description":"","parent":0,"count":1018,"filter":"raw","image":""},{"term_id":210,"name":"Gesundheit","slug":"gesundheit","term_group":0,"term_taxonomy_id":213,"taxonomy":"category","description":"","parent":482,"count":20,"filter":"raw","image":""}],"tags":[{"term_id":14857,"name":"Die-Webzeitung","slug":"die-webzeitung","term_group":0,"term_taxonomy_id":14876,"taxonomy":"post_tag","description":"","parent":0,"count":3628,"filter":"raw","image":""},{"term_id":68,"name":"Online-Zeitung","slug":"online-zeitung","term_group":0,"term_taxonomy_id":69,"taxonomy":"post_tag","description":"","parent":0,"count":3598,"filter":"raw","image":""},{"term_id":1834,"name":"Organspende","slug":"organspende","term_group":0,"term_taxonomy_id":1843,"taxonomy":"post_tag","description":"","parent":0,"count":2,"filter":"raw","image":""},{"term_id":9,"name":"SchauMedia","slug":"schaumedia","term_group":0,"term_taxonomy_id":9,"taxonomy":"post_tag","description":"","parent":0,"count":1607,"filter":"raw","image":""}]},"_links":{"self":[{"href":"https:\/\/die-webzeitung.de\/stuttgart\/wp-json\/wp\/v2\/posts\/155201","targetHints":{"allow":["GET"]}}],"collection":[{"href":"https:\/\/die-webzeitung.de\/stuttgart\/wp-json\/wp\/v2\/posts"}],"about":[{"href":"https:\/\/die-webzeitung.de\/stuttgart\/wp-json\/wp\/v2\/types\/post"}],"author":[{"embeddable":true,"href":"https:\/\/die-webzeitung.de\/stuttgart\/wp-json\/wp\/v2\/users\/4"}],"replies":[{"embeddable":true,"href":"https:\/\/die-webzeitung.de\/stuttgart\/wp-json\/wp\/v2\/comments?post=155201"}],"version-history":[{"count":1,"href":"https:\/\/die-webzeitung.de\/stuttgart\/wp-json\/wp\/v2\/posts\/155201\/revisions"}],"predecessor-version":[{"id":155203,"href":"https:\/\/die-webzeitung.de\/stuttgart\/wp-json\/wp\/v2\/posts\/155201\/revisions\/155203"}],"wp:attachment":[{"href":"https:\/\/die-webzeitung.de\/stuttgart\/wp-json\/wp\/v2\/media?parent=155201"}],"wp:term":[{"taxonomy":"category","embeddable":true,"href":"https:\/\/die-webzeitung.de\/stuttgart\/wp-json\/wp\/v2\/categories?post=155201"},{"taxonomy":"post_tag","embeddable":true,"href":"https:\/\/die-webzeitung.de\/stuttgart\/wp-json\/wp\/v2\/tags?post=155201"}],"curies":[{"name":"wp","href":"https:\/\/api.w.org\/{rel}","templated":true}]}}