{"id":155181,"date":"2025-02-09T12:30:44","date_gmt":"2025-02-09T11:30:44","guid":{"rendered":"https:\/\/die-webzeitung.de\/stuttgart\/?p=155181"},"modified":"2025-02-09T12:30:44","modified_gmt":"2025-02-09T11:30:44","slug":"impulse-fuer-bad-cannstatt-stadt-treibt-neugestaltung-des-bahnhofsquartiers-voran","status":"publish","type":"post","link":"https:\/\/die-webzeitung.de\/stuttgart\/2025\/02\/09\/impulse-fuer-bad-cannstatt-stadt-treibt-neugestaltung-des-bahnhofsquartiers-voran\/","title":{"rendered":"Impulse f\u00fcr Bad Cannstatt: Stadt treibt Neugestaltung des Bahnhofsquartiers voran"},"content":{"rendered":"<p style=\"text-align: justify;\">Stuttgart.| Die Stadt Stuttgart will das Bahnhofsquartier Bad Cannstatt neugestalten. Das Gebiet zwischen dem Bahnhof Bad Cannstatt und dem Wilhelmsplatz soll ein lebendiger, vielseitig genutzter Stadtraum werden.<\/p>\n<p style=\"text-align: justify;\">R\u00e4umlich direkt anschlie\u00dfend an den bereits neugestalteten Bahnhofsvorplatz sollen Ideen f\u00fcr das Quartier um die Schwabenbr\u00e4upassage entwickelt werden. Ein neuer qualit\u00e4tsvoller Stadtbaustein soll k\u00fcnftig die Altstadt Bad Cannstatts \u00fcber den Bahnhof mit dem NeckarPark und weiterf\u00fchrend dem Cannstatter Wasen verbinden. Eine Studie soll in diesem Jahr M\u00f6glichkeiten aufzeigen und Interessierte sollen helfen, das Konzept zu entwickeln und mit Leben zu f\u00fcllen.<\/p>\n<p style=\"text-align: justify;\">Thorsten Donn, Leiter des Amts f\u00fcr Stadtplanung und Wohnen: \u201eDas Quartier bildet in Stuttgarts einwohnerst\u00e4rkstem Bezirk das Gelenk zwischen dem Bahnhof und dem Wilhelmsplatz mit angrenzender Altstadt. Der Bereich wird im Wesentlichen als Transitraum genutzt. Das wird dem Anspruch des Stadtraums nicht gerecht. Wir haben die Vorstellung eines attraktiven, funktionalen und belebten St\u00fccks Stadt, in dem man sich gerne aufh\u00e4lt. Dazu suchen wir die Expertise von vielen Stellen.\u201c<\/p>\n<p style=\"text-align: justify;\">Eine \u00e4mter\u00fcbergreifende Projektgruppe hat sich der Entwicklung angenommen. Erste Impulse wurden mit einer Zwischennutzung in der Schwabenbr\u00e4u\u2010Passage gesetzt, welche 2020 von der Stadt erworben werden konnte. Nun folgt die st\u00e4dtebauliche Studie, f\u00fcr die das Amt f\u00fcr Stadtplanung und Wohnen das interdisziplin\u00e4re Planungsteam Teleinternetcaf\u00e9, Treibhaus Landschaftsarchitekten, Studio Malta und Buro Happold beauftragt hat. Ziel ist die Entwicklung eines gemischt genutzten Quartiers f\u00fcr alle Generationen und Kulturen.<\/p>\n<p style=\"text-align: justify;\">Zudem setzt die Stadt auf das Zusammenspiel mit der \u00d6ffentlichkeit: Ein Planspiel versammelt lokale Akteure, die Stadtgesellschaft, Verwaltung und Politik. Hier sollen Wissen, Ideen und Visionen eruiert werden. Die Stadt arbeitet die Ergebnisse in die st\u00e4dtebauliche Studie ein. Bei einer \u00f6ffentlichen Veranstaltung im Juli pr\u00e4sentieren und evaluieren die Verantwortlichen die erarbeiteten Varianten gemeinsam mit den Interessierten.<\/p>\n<hr \/>\n<p style=\"text-align: justify;\">\n","protected":false},"excerpt":{"rendered":"<p>Stuttgart.| Die Stadt Stuttgart will das Bahnhofsquartier Bad Cannstatt neugestalten. Das Gebiet zwischen dem Bahnhof Bad Cannstatt und dem Wilhelmsplatz soll ein lebendiger, vielseitig genutzter Stadtraum werden. R\u00e4umlich direkt anschlie\u00dfend an den bereits neugestalteten Bahnhofsvorplatz sollen Ideen f\u00fcr das Quartier um die Schwabenbr\u00e4upassage entwickelt werden. Ein neuer qualit\u00e4tsvoller Stadtbaustein soll k\u00fcnftig die Altstadt Bad Cannstatts [&hellip;]<\/p>\n","protected":false},"author":4,"featured_media":155182,"comment_status":"closed","ping_status":"open","sticky":false,"template":"","format":"standard","meta":{"inline_featured_image":false,"_exactmetrics_skip_tracking":false,"_exactmetrics_sitenote_active":false,"_exactmetrics_sitenote_note":"","_exactmetrics_sitenote_category":0,"footnotes":""},"categories":[2239],"tags":[10126,1443,14857,14968,68,10895,9,275],"class_list":{"0":"post-155181","1":"post","2":"type-post","3":"status-publish","4":"format-standard","5":"has-post-thumbnail","7":"category-stuttgart-lokal","8":"tag-bad-cannstatt","9":"tag-bahnhof","10":"tag-die-webzeitung","11":"tag-neugestaltung","12":"tag-online-zeitung","13":"tag-quartier","14":"tag-schaumedia","15":"tag-stuttgart"},"image_feature":"https:\/\/die-webzeitung.de\/stuttgart\/wp-content\/uploads\/sites\/4\/2025\/02\/Bahnhofsquartier-Bad-Cannstatt-Fussgaengerzone-Foto-Fabrice-Weichelt-Rechte-LHS-0702-scaled.jpg","author_name":"Redaktion","pure_taxonomies":{"categories":[{"term_id":2239,"name":"Stuttgart","slug":"stuttgart-lokal","term_group":0,"term_taxonomy_id":2252,"taxonomy":"category","description":"Berichte und Informationen aus Stuttgart","parent":1433,"count":942,"filter":"raw","image":""}],"tags":[{"term_id":10126,"name":"Bad Cannstatt","slug":"bad-cannstatt","term_group":0,"term_taxonomy_id":10157,"taxonomy":"post_tag","description":"","parent":0,"count":10,"filter":"raw","image":""},{"term_id":1443,"name":"Bahnhof","slug":"bahnhof","term_group":0,"term_taxonomy_id":1452,"taxonomy":"post_tag","description":"","parent":0,"count":17,"filter":"raw","image":""},{"term_id":14857,"name":"Die-Webzeitung","slug":"die-webzeitung","term_group":0,"term_taxonomy_id":14876,"taxonomy":"post_tag","description":"","parent":0,"count":3625,"filter":"raw","image":""},{"term_id":14968,"name":"Neugestaltung","slug":"neugestaltung","term_group":0,"term_taxonomy_id":14987,"taxonomy":"post_tag","description":"","parent":0,"count":1,"filter":"raw","image":""},{"term_id":68,"name":"Online-Zeitung","slug":"online-zeitung","term_group":0,"term_taxonomy_id":69,"taxonomy":"post_tag","description":"","parent":0,"count":3595,"filter":"raw","image":""},{"term_id":10895,"name":"Quartier","slug":"quartier","term_group":0,"term_taxonomy_id":10933,"taxonomy":"post_tag","description":"","parent":0,"count":3,"filter":"raw","image":""},{"term_id":9,"name":"SchauMedia","slug":"schaumedia","term_group":0,"term_taxonomy_id":9,"taxonomy":"post_tag","description":"","parent":0,"count":1607,"filter":"raw","image":""},{"term_id":275,"name":"Stuttgart","slug":"stuttgart","term_group":0,"term_taxonomy_id":281,"taxonomy":"post_tag","description":"","parent":0,"count":1195,"filter":"raw","image":""}]},"_links":{"self":[{"href":"https:\/\/die-webzeitung.de\/stuttgart\/wp-json\/wp\/v2\/posts\/155181","targetHints":{"allow":["GET"]}}],"collection":[{"href":"https:\/\/die-webzeitung.de\/stuttgart\/wp-json\/wp\/v2\/posts"}],"about":[{"href":"https:\/\/die-webzeitung.de\/stuttgart\/wp-json\/wp\/v2\/types\/post"}],"author":[{"embeddable":true,"href":"https:\/\/die-webzeitung.de\/stuttgart\/wp-json\/wp\/v2\/users\/4"}],"replies":[{"embeddable":true,"href":"https:\/\/die-webzeitung.de\/stuttgart\/wp-json\/wp\/v2\/comments?post=155181"}],"version-history":[{"count":1,"href":"https:\/\/die-webzeitung.de\/stuttgart\/wp-json\/wp\/v2\/posts\/155181\/revisions"}],"predecessor-version":[{"id":155183,"href":"https:\/\/die-webzeitung.de\/stuttgart\/wp-json\/wp\/v2\/posts\/155181\/revisions\/155183"}],"wp:featuredmedia":[{"embeddable":true,"href":"https:\/\/die-webzeitung.de\/stuttgart\/wp-json\/wp\/v2\/media\/155182"}],"wp:attachment":[{"href":"https:\/\/die-webzeitung.de\/stuttgart\/wp-json\/wp\/v2\/media?parent=155181"}],"wp:term":[{"taxonomy":"category","embeddable":true,"href":"https:\/\/die-webzeitung.de\/stuttgart\/wp-json\/wp\/v2\/categories?post=155181"},{"taxonomy":"post_tag","embeddable":true,"href":"https:\/\/die-webzeitung.de\/stuttgart\/wp-json\/wp\/v2\/tags?post=155181"}],"curies":[{"name":"wp","href":"https:\/\/api.w.org\/{rel}","templated":true}]}}