{"id":155177,"date":"2025-02-10T15:08:16","date_gmt":"2025-02-10T14:08:16","guid":{"rendered":"https:\/\/die-webzeitung.de\/stuttgart\/?p=155177"},"modified":"2025-02-15T14:15:19","modified_gmt":"2025-02-15T13:15:19","slug":"polizei-report-kreis-esslingen-woche-07-4","status":"publish","type":"post","link":"https:\/\/die-webzeitung.de\/stuttgart\/2025\/02\/10\/polizei-report-kreis-esslingen-woche-07-4\/","title":{"rendered":"Polizei-Report Kreis Esslingen | Woche 07"},"content":{"rendered":"<p><em>Quelle: ots<\/em><\/p>\n<p style=\"text-align: justify;\"><strong>Esslingen: Von eigenem Auto eingeklemmt<br \/>\n<\/strong>Schwere Verletzungen hat eine 45-J\u00e4hrige bei einem Verkehrsunfall am Freitagmorgen, gegen 07.45 Uhr erlitten. Die Frau stieg im Pliensauparkhaus bei R\u00fcckstau aus ihrem Toyota Aygo aus, um zu schauen, ob sich das Warten lohnt. Hierbei hatte sie vergessen, ihr Fahrzeug gegen ein Weiterrollen zu sichern. Ihr Wagen rollte an der absch\u00fcssigen Zufahrt zur\u00fcck und klemmte sie zwischen Wand und Fahrzeug ein, wobei ihr rechtes Bein stark gequetscht wurde. Die Verletzte musste durch einen Rettungswagen in ein Krankenhaus gebracht werden. Ein Sachschaden entstand nicht.<\/p>\n<p style=\"text-align: justify;\"><strong>Aichwald: Frontalkollision mit Gegenverkehr<br \/>\n<\/strong>Zu einer Frontalkollision zweier Autos ist es am Freitagmorgen auf der L 1201 gekommen. Gegen 7.20 Uhr war eine 54 Jahre alte Frau mit ihrem Suzuki von Schanbach herkommend in Richtung Aichschie\u00df unterwegs und erkannte offenbar zu sp\u00e4t, dass ein vorausfahrender 57-J\u00e4hriger mit seinem Peugeot verkehrsbedingt angehalten hatte, um nach links in die Stra\u00dfe In den Horben abzubiegen. Um einen Auffahrunfall zu verhindern, lenkte die Frau nach links, wobei sie den Peugeot noch streifte. Anschlie\u00dfend kollidierte der Suzuki frontal mit dem entgegenkommenden Toyota einer 27-J\u00e4hrigen. Beim Unfall wurden beide Autofahrerinnen ersten Erkenntnissen zufolge leicht verletzt. Der Rettungsdienst brachte die Frauen zur weiteren Untersuchung und Behandlung in eine Klinik. Ihre Fahrzeuge mussten abgeschleppt werden. Insgesamt d\u00fcrfte sich der Blechschaden auf circa 15.000 Euro belaufen. Im Zuge der Unfallaufnahme musste die Landesstra\u00dfe einseitig gesperrt werden. Dies f\u00fchrte teilweise zu l\u00e4ngeren R\u00fcckstaus.<\/p>\n<p style=\"text-align: justify;\"><strong>Kirchheim: Mit Rettungswagen kollidiert<br \/>\n<\/strong>Leicht verletzt wurde eine 18-J\u00e4hrige bei einem Verkehrsunfall, der sich am Freitagmorgen an der Einm\u00fcndung Sch\u00f6llkopfstra\u00dfe \/ Kolbstra\u00dfe ereignet hat. Ein 45-J\u00e4hriger war gegen 7.15 Uhr mit einem Rettungswagen unter der Verwendung von Sondersignalen und Blaulicht auf einer Einsatzfahrt auf der Sch\u00f6llkopfstra\u00dfe unterwegs. Auf H\u00f6he der Einm\u00fcndung \u00fcberfuhr er die dortige Fu\u00dfg\u00e4nger- \/Radfahrer-Ampel bei Rot. Trotz eines Ausweichman\u00f6vers touchierte er dabei die 18 Jahre alte Rollerfahrerin, die bei Gr\u00fcn die Fahrbahn \u00fcberqueren wollte. Die E-Scooter-Fahrerin st\u00fcrzte dabei und musste nachfolgend zur Untersuchung und ambulanten Behandlung ins Krankenhaus gebracht werden. Der Elektroroller blieb durch den Unfall unbesch\u00e4digt. Auch am Rettungswagen entstand lediglich geringf\u00fcgiger Sachschaden.<\/p>\n<p style=\"text-align: justify;\"><strong>N\u00fcrtingen: Schadenstr\u00e4chtiger Verkehrsunfall<br \/>\n<\/strong>Ein Schaden in H\u00f6he von mehreren zehntausend Euro ist bei einem Verkehrsunfall am Donnerstagmorgen in N\u00fcrtingen entstanden. Eine Pkw-Lenkerin wollte kurz nach 7.30 Uhr mit ihrem Wagen in der Biberacher Stra\u00dfe am Fahrbahnrand parken. Aus bislang ungekl\u00e4rter Ursache beschleunigte das Auto und stie\u00df zun\u00e4chst gegen den vor ihr stehenden Opel Corsa, der gegen eine Mauer geschoben wurde. Anschlie\u00dfend fuhr die Frau auf ein angrenzendes Grundst\u00fcck, wo sie mit ihrem Auto einen Zaun sowie eine Gr\u00fcnfl\u00e4che mit Bepflanzung besch\u00e4digte. Danach prallte sie gegen einen Mercedes-Benz, der dadurch in ein Garagentor geschoben wurde. Der angerichtete Sachschaden wird auf 25.000 Euro gesch\u00e4tzt. Der Schaden an dem Wagen der Unfallverursacherin bel\u00e4uft sich einer ersten Sch\u00e4tzung nach auf etwa 10.000 Euro. Die Fahrerin machte technische M\u00e4ngel an ihrem Pkw geltend. Er wurde abgeschleppt. Die Ermittlungen zur Unfallursache hat die Verkehrspolizei Esslingen \u00fcbernommen.<\/p>\n<p style=\"text-align: justify;\"><strong>Leinfelden-Echterdingen: Betrunken unterwegs<br \/>\n<\/strong>Unter anderem wegen des Verdachts der Trunkenheit im Verkehr muss sich ein 65-J\u00e4hriger verantworten, der am sp\u00e4ten Donnerstagabend mit seinem elektrischen Krankenfahrstuhl auf der Hauptstra\u00dfe verungl\u00fcckt ist. Derzeitigen Ermittlungen zufolge war der Mann gegen Mitternacht mit seinem Gef\u00e4hrt auf dem B\u00fcrgersteig der Hauptstra\u00dfe unterwegs. Beim \u00dcberfahren der Bordsteinkante auf H\u00f6he der Stadionstra\u00dfe kippte sein Fahrstuhl und der Mann st\u00fcrzte auf die Fahrbahn. Zeugen, die auf seine Hilferufe aufmerksam geworden waren, k\u00fcmmerten sich um den Mann und verst\u00e4ndigten die Polizei. Nach einer Untersuchung durch die Besatzung eines hinzugerufenen Rettungswagens war der 65-J\u00e4hrige unverletzt geblieben. Bei der Aufnahme des Sachverhalts bemerkten die Polizeibeamten einen starken Alkoholgeruch bei dem Mann. Eine \u00dcberpr\u00fcfung seiner Verkehrst\u00fcchtigkeit ergab einen vorl\u00e4ufigen Atemalkoholwert von mehr als 1,2 Promille, weshalb eine Blutentnahme angeordnet und sein F\u00fchrerschein beschlagnahmt werden musste. Zudem fehlte der f\u00fcr den Krankenfahrstuhl erforderliche Versicherungsschutz. Der 65-J\u00e4hrige sieht nun einer entsprechenden Strafanzeige entgegen.<\/p>\n<p style=\"text-align: justify;\"><strong>Kirchheim: Raub\u00fcberfall auf B\u00e4ckereifiliale (Zeugenaufruf)<br \/>\n<\/strong>Eine B\u00e4ckereifiliale in der Kirchheimer Innenstadt ist am sp\u00e4ten Mittwochnachmittag \u00fcberfallen worden. Ein bislang unbekannter, unmaskierter T\u00e4ter betrat gegen 17.50 Uhr das Gesch\u00e4ft in der Dieselstra\u00dfe und forderte die Verk\u00e4uferin auf, ihm Bargeld auszuh\u00e4ndigen. Um seiner Forderung Nachdruck zu verleihen, \u00f6ffnete der Unbekannte seine Jacke und zeigte eine Waffe vor. Als sich die Verk\u00e4uferin weigerte, Geld auszuh\u00e4ndigen, nahm der R\u00e4uber einen auf dem Tresen liegenden Geldschein einer sich ebenfalls in der B\u00e4ckerei befindlichen Kundin und rannte zu Fu\u00df in Richtung Bahnhof davon. Trotz einer sofort eingeleiteten Gro\u00dffahndung mit mehreren Streifenwagen, konnte er unerkannt fl\u00fcchten. Der Mann ist etwa 180 cm gro\u00df und zirka 25 Jahre alt. Er trug eine dunkle Winterjacke mit Kapuze. Die Erscheinung des T\u00e4ters wird als gepflegt beschrieben. Zeugen, die die Tat beobachtet haben oder Hinweise auf den T\u00e4ter geben k\u00f6nnen, werden gebeten, sich unter der Telefonnummer 0711\/3990-0 bei der Kriminalpolizeidirektion Esslingen oder unter der Telefonnummer 07021\/501-0 beim Polizeirevier Kirchheim zu melden.<\/p>\n<p style=\"text-align: justify;\"><strong>Ostfildern: Zeugen zu Unfall gesucht<br \/>\n<\/strong>Die Verkehrspolizei Esslingen sucht unter Telefon 0711\/3990-420 nach Zeugen zu einem Verkehrsunfall, bei dem am Mittwochnachmittag in Scharnhausen ein Streifenwagen beteiligt war. Die Streife befuhr gegen 17.15 Uhr die Plieninger Stra\u00dfe in Richtung Ortsmitte, als die Fahrerin auf H\u00f6he der Einm\u00fcndung Elly-Beinhorn-Stra\u00dfe wenden wollte, um ein Fahrzeug des Gegenverkehrs zu kontrollieren. Hierzu schaltete sie ersten Erkenntnissen nach das Blaulicht des Streifenwagens ein und setzte den Blinker. Im Anschluss kam es zur Kollision zwischen dem Mercedes-Benz Vito und dem Smart einer 65 Jahre alten Frau, die in derselben Richtung unterwegs war. Das Dienstfahrzeug war im Anschluss nicht mehr fahrbereit und musste abgeschleppt werden. Der Schaden an den beiden Fahrzeugen wird auf 18.000 Euro gesch\u00e4tzt.<\/p>\n<p style=\"text-align: justify;\"><strong>Ostfildern: Fu\u00dfg\u00e4ngerin angefahren und gefl\u00fcchtet (Zeugenaufruf)<br \/>\n<\/strong>Zeugen zu einem Verkehrsunfall, der sich bereits am Montagnachmittag in der Plieninger Stra\u00dfe ereignet hat, sucht das Polizeirevier Filderstadt. Derzeitigen Ermittlungen zufolge war eine 61-J\u00e4hrige gegen 17.30 Uhr an der Haltestelle &#8220;Plieninger Stra\u00dfe&#8221; im Stadtteil Scharnhausen aus dem Bus der Linie 122 ausgestiegen. Im Anschluss \u00fcberquerte sie die dortige Fu\u00dfg\u00e4ngerampel bei Gr\u00fcn in Richtung Filderstra\u00dfe. Dabei soll sie von einem noch unbekannten Fahrzeug von hinten erfasst, auf die Motorhaube aufgeladen und dann auf die Fahrbahn abgeworfen worden sein. Ohne anzuhalten soll der Wagen dann weitergefahren sein. Die 61-J\u00e4hrige stand so unter Schock, dass sie sich zun\u00e4chst selbst in \u00e4rztliche Behandlung begab um ihre Verletzungen versorgen zu lassen und die Polizei erst im Nachhinein verst\u00e4ndigte. Zur Unfallzeit sollen sich neben dem Linienbus auch mehrere andere Fahrzeuge in Bereich der Unfallstelle befunden haben, weshalb die Ermittler auf Zeugen hoffen, die den Verkehrsunfall beobachtet haben und Angaben zu dem gesuchten Pkw und dessen Fahrer machen k\u00f6nnen. Hinweise bitte an das Polizeirevier Filderstadt, Telefon 0711\/7091-3.<\/p>\n<p style=\"text-align: justify;\"><strong>Filderstadt: Polizisten hatten feine Nase<br \/>\n<\/strong>Einen guten Riecher hatten Polizeibeamte am Mittwochabend in Bernhausen. Zwei Beamte des Reviers Filderstadt standen gegen 19.30 Uhr vor der Dienststelle in der Karl-Benz-Stra\u00dfe, um ihren Streifenwagen zu Dienstende zu entladen. Als ein Kleinlaster mit ge\u00f6ffneten Fenstern an den Polizisten vorbeifuhr, drang aus dem F\u00fchrerhaus starker Alkoholgeruch ins Freie. Die Beamten stiegen daraufhin in ihr Fahrzeug und fuhren hinterher. Kurze Zeit sp\u00e4ter konnte der Renault Trafic auf H\u00f6he des Landratsamts angehalten werden. Bei der anschlie\u00dfenden Kontrolle des 42 Jahre alten Fahrers stellte sich heraus, dass dieser sehr tief ins Glas geschaut hatte. Ein Test ergab einen vorl\u00e4ufigen Wert von \u00fcber 2,6 Promille. Nach der f\u00e4lligen Blutentnahme wurde der F\u00fchrerschein des Mannes beschlagnahmt.<\/p>\n<p style=\"text-align: justify;\"><strong>Esslingen: Mit Gegenverkehr kollidiert<br \/>\n<\/strong>Gesch\u00e4tzter Sachschaden in H\u00f6he von rund 45.000 Euro ist bei einem Verkehrsunfall am Dienstagabend auf der L1150 entstanden. Ein 45-J\u00e4hriger befuhr kurz nach 20 Uhr mit einem Tesla Model Y die Landesstra\u00dfe von der Einm\u00fcndung mit der K1267 herkommend in Richtung Esslingen. Ersten verkehrspolizeilichen Ermittlungen zufolge geriet der Tesla anschlie\u00dfend in einer langgezogenen Rechtskurve auf die Gegenfahrbahn und kollidierte dort seitlich mit dem entgegenkommenden Mercedes S500 eines 58-J\u00e4hrigen. Der Mercedes geriet daraufhin ins Schleudern und prallte mit dem Heck gegen ein Stra\u00dfenschild, ehe er auf der Fahrbahn zum Stehen kam. Verletzt wurde nach derzeitigem Kenntnisstand niemand. Neben dem Rettungsdienst war auch die Feuerwehr zur Unfallstelle ausger\u00fcckt. Beide Fahrzeuge mussten abgeschleppt werden. Hierzu musste die L1150 im Bereich der Unfallstelle bis etwa 23.30 Uhr zeitweise voll gesperrt werden.<\/p>\n<p style=\"text-align: justify;\"><strong>Filderstadt: Verkehrsunfall mit Personenschaden in Bernhausen<br \/>\n<\/strong>Ein Jugendlicher ist bei einem Verkehrsunfall am Dienstagvormittag in Bernhausen verletzt worden. Gegen elf Uhr befuhr eine 54 Jahre alte Frau mit einem Smart die Poltawastra\u00dfe. Zeitgleich war ein 14-J\u00e4hriger mit einem Pedelec auf einem asphaltierten Weg aus Richtung Plattenhardt herkommend unterwegs und wollte die Poltawastra\u00dfe im Einm\u00fcndungsbereich zur L 1209 (T\u00fcbinger Stra\u00dfe) an einer dortigen Querungshilfe f\u00fcr Radfahrer und Fu\u00dfg\u00e4nger kreuzen. Der Smart erfasste den von rechts kommenden Jugendlichen, der dadurch zu Boden st\u00fcrzte. Aufgrund seiner beim Unfall erlittenen Verletzungen wurde der 14-J\u00e4hrige vom Rettungsdienst zur weiteren Untersuchung und Behandlung in eine Klinik gebracht. Der Sachschaden an den Fahrzeugen betr\u00e4gt insgesamt sch\u00e4tzungsweise 1.000 Euro.<\/p>\n<p style=\"text-align: justify;\"><strong>Dettingen\/Teck: Mit Gleisbett kollidiert<br \/>\n<\/strong>Ein Autofahrer ist am Dienstagnachmittag von der B 465 abgekommen und mit dem Gleisbett zusammengesto\u00dfen. Der 20-J\u00e4hrige war kurz nach 17.30 Uhr mit einem VW Passat auf der Bundesstra\u00dfe zwischen Owen und Dettingen unterwegs und erkannte den stockenden Verkehr vor ihm offenbar zu sp\u00e4t. Nach derzeitigem Kenntnisstand lenkte er zur Verhinderung eines Auffahrunfalls nach rechts in den Gr\u00fcnstreifen und kollidierte im Anschluss mit dem neben der Fahrbahn verlaufenden Gleisbett. Ersten Erkenntnissen zufolge blieb der Mann dabei unverletzt. Zur Bergung seines Pkw wurde ein Abschleppunternehmen angefordert. Bis zur Beseitigung des Autos musste eine Bahn einen rund 15-min\u00fctigen Stopp einlegen. Ob am Gleisbett ein Schaden entstanden ist, steht noch nicht abschlie\u00dfend fest.<\/p>\n<p style=\"text-align: justify;\"><strong>Kirchheim: Von der Fahrbahn abgekommen<br \/>\n<\/strong>Ein Pkw-Lenker musste nach einem Verkehrsunfall am Dienstagnachmittag in Jesingen mit einem Rettungswagen in eine Klinik gebracht werden. Der 54-J\u00e4hrige war gegen 17.15 Uhr mit einem Audi auf der Vordere Stra\u00dfe in Richtung Kirchheim unterwegs. Aus bislang ungekl\u00e4rter Ursache kam der Mann mit seinem Wagen nach links von der Fahrbahn ab und kollidierte mit einer Hauswand. Zudem stie\u00df er mit einem geparkten BMW zusammen und blieb zwischen diesem und dem Geb\u00e4ude stecken. Der Unfallverursacher wurde in seinem Fahrzeug eingeklemmt und konnte erst befreit werden, nachdem der BMW weggefahren wurde. Der 54-J\u00e4hrige musste anschlie\u00dfend reanimiert werden. Nach einer not\u00e4rztlichen Erstversorgung wurde der Mann in eine Klinik eingeliefert. Der Audi musste abgeschleppt werden. Der Schaden d\u00fcrfte sich auf mehrere zehntausend Euro belaufen. Ersten Ermittlungen nach k\u00f6nnte eine medizinische Ursache unfallurs\u00e4chlich gewesen sein.<\/p>\n<p style=\"text-align: justify;\"><strong>Oberboihingen: Exhibitionist festgenommen<br \/>\n<\/strong>Wegen des Verdachts der exhibitionistischen Handlung ermittelt der Polizeiposten Wendlingen gegen einen 26-J\u00e4hrigen. Der Mann steht im dringenden Verdacht, am Dienstagvormittag in der Steigstra\u00dfe eine Frau bel\u00e4stigt zu haben. Die 83-J\u00e4hrige war kurz nach neun Uhr zu Fu\u00df auf der Tachenh\u00e4user Stra\u00dfe unterwegs, als ihr an der Einm\u00fcndung zur Steigstra\u00dfe der Mann auffiel, der sie mit heruntergelassenen Hosen anstarrte und vor ihr onanierte. Anschlie\u00dfend wechselte er auf ihre Stra\u00dfenseite, ohne von seinem Tun abzulassen. Erst als sich die Seniorin an einen Busfahrer wandte, der die Polizei alarmierte, fl\u00fcchtete der Kriminelle. Er konnte im Verlauf der sofort eingeleiteten Fahndung wenig sp\u00e4ter angetroffen und vor\u00fcbergehend festgenommen werden. Der 26-J\u00e4hrige wurde nach der Durchf\u00fchrung der erforderlichen polizeilichen Ma\u00dfnahmen auf der Dienststelle wieder auf freien Fu\u00df gesetzt und sieht jetzt einer entsprechenden Strafanzeige entgegen.<\/p>\n<p style=\"text-align: justify;\"><strong>Reichenbach: Auseinandersetzung in Fl\u00fcchtlingsunterkunft<br \/>\n<\/strong>Einige Blessuren haben zwei Kontrahenten am Montagnachmittag nach einer k\u00f6rperlichen Auseinandersetzung in einer Unterkunft im Bruckwasen davongetragen. Gegen 14.15 Uhr geriet ein 19-j\u00e4hriger Bewohner mit einem 21-j\u00e4hrigen Gast in Streit, wonach sich eine Schl\u00e4gerei zwischen den beiden M\u00e4nnern entwickelte. Erst nach Hinzukommen eines Zeugen lie\u00dfen die M\u00e4nner voneinander ab. Der 21-J\u00e4hrige wurde vom alarmierten Rettungsdienst in eine Klinik verbracht, der J\u00fcngere konnte ohne medizinische Behandlung in der Unterkunft bleiben. Die Ermittlungen des Polizeiposten Plochingen dauern an.<\/p>\n<p style=\"text-align: justify;\"><strong>Ostfildern: Hecke angez\u00fcndet<br \/>\n<\/strong>Zum Brand einer Thuja-Hecke sind die Einsatzkr\u00e4fte am Montagmittag in den Stadtteil Ruit ausger\u00fcckt. Dort war gegen 16.30 Uhr eine Thuja-Hecke in Brand geraten, als ein Anwohner Unkraut mit einem Gasbrenner an der Bordsteinkante abgeflammt hatte. Das Feuer, bei dem auch ein Gartenzaun besch\u00e4digt wurde, konnte durch den Einsatz mehrerer Nachbarn gel\u00f6scht werden. Die Feuerwehr f\u00fchrte noch Nachl\u00f6scharbeiten durch. Der Rettungsdienst war vorsorglich alarmiert worden, verletzte Person waren jedoch nicht zu verzeichnen. Die H\u00f6he des Sachschadens kann noch nicht beziffert werden.<\/p>\n<p style=\"text-align: justify;\"><strong>Plochingen: B10 nach Reifenplatzer und Verkehrsunfall voll gesperrt<br \/>\n<\/strong>Drei abgeschleppte Fahrzeuge, ein Gesamtschaden in H\u00f6he von circa 22.000 Euro sowie eine zeitweise Vollsperrung der B 10 sind die Folgen eines Reifenplatzers sowie eines Verkehrsunfalls mit mehreren Beteiligten am Montagnachmittag. Gegen 15.10 Uhr war ein 23 Jahre alter Mann mit einem Mercedes auf der Bundesstra\u00dfe in Richtung G\u00f6ppingen unterwegs. Kurz vor der Ausfahrt Reichenbach platzte der rechte Vorderreifen des Wagens, wobei sich die komplette Lauffl\u00e4che l\u00f6ste. Ein 52-j\u00e4hriger Lkw-Lenker erkannte die Situation und stoppte seinen Laster daher auf dem rechten Fahrstreifen. Ein auf der linken Spur fahrender 35-J\u00e4hriger bremste seinen Mercedes ebenfalls bis zum Stillstand ab. Zuvor hatte er ein gel\u00f6stes Reifenteil \u00fcberfahren und kurzzeitig mitgeschleift. Eine ihm nachfolgende, gleichaltrige VW Golf-Fahrerin konnte auf der linken Spur noch rechtzeitig anhalten. Zu sp\u00e4t erkannte allerdings ein VW-Lenker im Alter von 27 Jahren die Situation. Beim Versuch, zwischen dem Golf und dem Laster hindurchzufahren, stie\u00df er mit den stehenden Fahrzeugen zusammen, wodurch der Golf noch auf den Mercedes davor geschoben wurde. Verletzt wurde ersten Erkenntnissen zufolge niemand. Der Mercedes mit dem geplatzten Reifen sowie beide VW mussten abgeschleppt werden. F\u00fcr die Dauer der Unfallaufnahme war eine zeitweise Vollsperrung der Richtungsfahrbahn G\u00f6ppingen der B 10 erforderlich, was zu erheblichen Behinderungen im Feierabendverkehr f\u00fchrte. Der nachfolgende Verkehr wurde dazu am Plochinger Dreieck auf die B 313 abgeleitet. Sp\u00e4ter konnte er einspurig an der Unfallstelle vorbeigeleitet werden. Gegen 17.15 Uhr war die Bundesstra\u00dfe wieder frei befahrbar.<\/p>\n<p style=\"text-align: justify;\"><strong>Wendlingen: Zwei Leichtverletzte nach Vorfahrtsmissachtung<br \/>\n<\/strong>Am Montagmorgen sind in Wendlingen an der Einm\u00fcndung Heinrich-Otto-Stra\u00dfe\/ Sch\u00e4ferhauser Stra\u00dfe zwei Pkw zusammengesto\u00dfen, wobei beide Fahrzeuglenker leichte Verletzungen davongetragen haben. Gegen 5.50 Uhr befuhr ein 78-j\u00e4hriger Opelfahrer die Sch\u00e4ferhauser Stra\u00dfe in Richtung Oberboihingen und missachtete an der Einm\u00fcndung zur Heinrich-Otto-Stra\u00dfe die Vorfahrt einer 41-j\u00e4hrigen BMW-Lenkerin. Diese kam von der Heinrich-Otto-Stra\u00dfe und wollte ihrerseits vorfahrtsberechtigt nach links abbiegen, um im weiteren Verlauf \u00fcber den Zubringer auf die Stuttgarter Stra\u00dfe (L1200) einfahren zu k\u00f6nnen. Durch die Kollision war sowohl der Opel Zafira als auch der BMW 525i nicht mehr fahrbereit. Der entstandene Sachschaden wurde auf etwa 25.000 Euro gesch\u00e4tzt. W\u00e4hrend die 41-j\u00e4hrige BMW-Lenkerin vorsorglich vom Rettungsdienst in ein Klinikum gebracht wurde, konnte der 78-J\u00e4hrige nach einer ersten medizinischen Versorgung vor Ort wieder entlassen werden. Die Unfallstelle musste f\u00fcr die Unfallaufnahme sowie der Bergungs- und Reinigungsarbeiten \u00fcber mehrere Stunden teilweise gesperrt werden, es kam zu leichten Verkehrsbehinderungen.<\/p>\n<p style=\"text-align: justify;\"><strong>N\u00fcrtingen: Fahrzeug in Brand geraten<br \/>\n<\/strong>Auf der K 1243 (Tiefenbachstra\u00dfe) ist am Sonntagnachmittag, gegen 16 Uhr, ein Fahrzeug in Brand geraten. Durch die Feuerwehr konnte der in Vollbrand stehende Chevrolet rasch abgel\u00f6scht werden, wof\u00fcr eine kurzzeitige Vollsperrung der Kreisstra\u00dfe erforderlich war. Anschlie\u00dfend musste der Oldtimer abgeschleppt werden. Der Sachschaden kann abschlie\u00dfend noch nicht beziffert werden. Verletzt wurde ersten Erkenntnissen zufolge niemand.<\/p>\n<p style=\"text-align: justify;\"><strong>Wendlingen: Bekannten durch Schl\u00e4ge und Tritte schwer verletzt &#8211; Tatverd\u00e4chtiger nach versuchtem T\u00f6tungsdelikt festgenommen (Zeugenaufruf)<\/strong><br \/>\nUnter dem dringenden Verdacht, am Sonntagnachmittag (09.02.2025) im Zuge einer Auseinandersetzung in Wendlingen einen 66-j\u00e4hrigen Bekannten schwer verletzt zu haben, ist ein 36 Jahre alter Mann kurz nach der Tat von der Polizei vorl\u00e4ufig festgenommen worden. Der Verd\u00e4chtige befindet sich wegen des Vorwurfs des versuchten Totschlags bereits in Untersuchungshaft.<br \/>\nDen derzeit vorliegenden kriminalpolizeilichen Ermittlungsergebnissen zufolge trafen die beiden M\u00e4nner, die beide eine \u00f6rtliche Unterkunft f\u00fcr Gefl\u00fcchtete bewohnen, gegen 17.40 Uhr in einer Bahnhofsunterf\u00fchrung aufeinander. Im Zuge der folgenden k\u00f6rperlichen Auseinandersetzung soll der 36-J\u00e4hrige sein Gegen\u00fcber durch Schl\u00e4ge und Tritte, unter anderem gegen den Kopf, schwer verletzt haben. Der 66-J\u00e4hrige musste nach einer not\u00e4rztlichen Erstversorgung vor Ort mit einem Rettungshubschrauber in eine Klinik geflogen werden.<br \/>\nDer Tatverd\u00e4chtige, der zun\u00e4chst gefl\u00fcchtet war, meldete sich wenige Minuten sp\u00e4ter \u00fcber Notruf bei der Polizei. Er konnte daraufhin von einer Streifenwagenbesatzung beim Rathaus angetroffen und vorl\u00e4ufig festgenommen werden. Der 36-J\u00e4hrige, der nach derzeitigem Kenntnisstand bei der Auseinandersetzung leichte Verletzungen erlitten hatte, wurde zur ambulanten Behandlung ins Krankenhaus gebracht.<br \/>\nAuf Antrag der Staatsanwaltschaft Stuttgart wurde der aus dem Gazastreifen stammende und wegen K\u00f6rperverletzungsdelikten polizeibekannte Beschuldigte am Montagnachmittag (10.02.2025) dem Haftrichter beim Amtsgericht N\u00fcrtingen vorgef\u00fchrt. Dieser erlie\u00df den beantragten Haftbefehl und setzte ihn in Vollzug.<br \/>\nDie kriminalpolizeilichen Ermittlungen zum Ausl\u00f6ser der Auseinandersetzung dauern an. Zeugen, die diese beobachtet haben, werden gebeten, sich unter der Telefonnummer 07022\/9224-0 beim Polizeirevier N\u00fcrtingen zu melden. In diesem Zusammenhang werden insbesondere mehrere Kinder gesucht, die die Auseinandersetzung in der Bahnhofsunterf\u00fchrung bemerkt haben d\u00fcrften.<\/p>\n<p style=\"text-align: justify;\"><strong>Neuhausen\/Fildern: P\u00f6belnder Fahrgast kommt in Gewahrsam<br \/>\n<\/strong>Nachdem er einen Busfahrer angep\u00f6belt hatte, musste ein 64-J\u00e4hriger am Samstagnachmittag von der Polizei in Gewahrsam genommen werden. Ersten Erkenntnissen zufolge soll sich der Mann kurz vor 16 Uhr in stark alkoholisiertem Zustand zun\u00e4chst geweigert haben, aus dem Bus auszusteigen. Anschlie\u00dfend p\u00f6belte er gegen den Busfahrer. Der Mann zeigte keinerlei Einsicht, weshalb er von Polizeibeamten in Gewahrsam genommen werden musste. Diese verbrachten den 64-J\u00e4hrigen auf richterliche Anordnung in die Gewahrsamseinrichtung des Polizeireviers Filderstadt.<\/p>\n<hr \/>\n<p style=\"text-align: justify;\">\n","protected":false},"excerpt":{"rendered":"<p>Quelle: ots Esslingen: Von eigenem Auto eingeklemmt Schwere Verletzungen hat eine 45-J\u00e4hrige bei einem Verkehrsunfall am Freitagmorgen, gegen 07.45 Uhr erlitten. Die Frau stieg im Pliensauparkhaus bei R\u00fcckstau aus ihrem Toyota Aygo aus, um zu schauen, ob sich das Warten lohnt. Hierbei hatte sie vergessen, ihr Fahrzeug gegen ein Weiterrollen zu sichern. Ihr Wagen rollte [&hellip;]<\/p>\n","protected":false},"author":4,"featured_media":152245,"comment_status":"closed","ping_status":"open","sticky":false,"template":"","format":"standard","meta":{"inline_featured_image":false,"_exactmetrics_skip_tracking":false,"_exactmetrics_sitenote_active":false,"_exactmetrics_sitenote_note":"","_exactmetrics_sitenote_category":0,"footnotes":""},"categories":[11240],"tags":[14857,14440,68,205,1625,9],"class_list":{"0":"post-155177","1":"post","2":"type-post","3":"status-publish","4":"format-standard","5":"has-post-thumbnail","7":"category-region-esslingen","8":"tag-die-webzeitung","9":"tag-esslingen","10":"tag-online-zeitung","11":"tag-polizei","12":"tag-report","13":"tag-schaumedia"},"image_feature":"https:\/\/die-webzeitung.de\/stuttgart\/wp-content\/uploads\/sites\/4\/2024\/02\/Polizei-Pix-scaled.jpg","author_name":"Redaktion","pure_taxonomies":{"categories":[{"term_id":11240,"name":"Polizei-Report Esslingen","slug":"region-esslingen","term_group":0,"term_taxonomy_id":11278,"taxonomy":"category","description":"Polizeiberichte aus der Region des Landkreises Esslingen","parent":1619,"count":69,"filter":"raw","image":""}],"tags":[{"term_id":14857,"name":"Die-Webzeitung","slug":"die-webzeitung","term_group":0,"term_taxonomy_id":14876,"taxonomy":"post_tag","description":"","parent":0,"count":3625,"filter":"raw","image":""},{"term_id":14440,"name":"Esslingen","slug":"esslingen","term_group":0,"term_taxonomy_id":3885,"taxonomy":"post_tag","description":"","parent":0,"count":202,"filter":"raw","image":""},{"term_id":68,"name":"Online-Zeitung","slug":"online-zeitung","term_group":0,"term_taxonomy_id":69,"taxonomy":"post_tag","description":"","parent":0,"count":3595,"filter":"raw","image":""},{"term_id":205,"name":"Polizei","slug":"polizei","term_group":0,"term_taxonomy_id":208,"taxonomy":"post_tag","description":"","parent":0,"count":277,"filter":"raw","image":""},{"term_id":1625,"name":"Report","slug":"report","term_group":0,"term_taxonomy_id":1634,"taxonomy":"post_tag","description":"","parent":0,"count":210,"filter":"raw","image":""},{"term_id":9,"name":"SchauMedia","slug":"schaumedia","term_group":0,"term_taxonomy_id":9,"taxonomy":"post_tag","description":"","parent":0,"count":1607,"filter":"raw","image":""}]},"_links":{"self":[{"href":"https:\/\/die-webzeitung.de\/stuttgart\/wp-json\/wp\/v2\/posts\/155177","targetHints":{"allow":["GET"]}}],"collection":[{"href":"https:\/\/die-webzeitung.de\/stuttgart\/wp-json\/wp\/v2\/posts"}],"about":[{"href":"https:\/\/die-webzeitung.de\/stuttgart\/wp-json\/wp\/v2\/types\/post"}],"author":[{"embeddable":true,"href":"https:\/\/die-webzeitung.de\/stuttgart\/wp-json\/wp\/v2\/users\/4"}],"replies":[{"embeddable":true,"href":"https:\/\/die-webzeitung.de\/stuttgart\/wp-json\/wp\/v2\/comments?post=155177"}],"version-history":[{"count":10,"href":"https:\/\/die-webzeitung.de\/stuttgart\/wp-json\/wp\/v2\/posts\/155177\/revisions"}],"predecessor-version":[{"id":155242,"href":"https:\/\/die-webzeitung.de\/stuttgart\/wp-json\/wp\/v2\/posts\/155177\/revisions\/155242"}],"wp:featuredmedia":[{"embeddable":true,"href":"https:\/\/die-webzeitung.de\/stuttgart\/wp-json\/wp\/v2\/media\/152245"}],"wp:attachment":[{"href":"https:\/\/die-webzeitung.de\/stuttgart\/wp-json\/wp\/v2\/media?parent=155177"}],"wp:term":[{"taxonomy":"category","embeddable":true,"href":"https:\/\/die-webzeitung.de\/stuttgart\/wp-json\/wp\/v2\/categories?post=155177"},{"taxonomy":"post_tag","embeddable":true,"href":"https:\/\/die-webzeitung.de\/stuttgart\/wp-json\/wp\/v2\/tags?post=155177"}],"curies":[{"name":"wp","href":"https:\/\/api.w.org\/{rel}","templated":true}]}}