{"id":155175,"date":"2025-02-10T15:04:46","date_gmt":"2025-02-10T14:04:46","guid":{"rendered":"https:\/\/die-webzeitung.de\/stuttgart\/?p=155175"},"modified":"2025-02-15T14:13:56","modified_gmt":"2025-02-15T13:13:56","slug":"polizei-report-kreis-boeblingen-woche-07-4","status":"publish","type":"post","link":"https:\/\/die-webzeitung.de\/stuttgart\/2025\/02\/10\/polizei-report-kreis-boeblingen-woche-07-4\/","title":{"rendered":"Polizei-Report Kreis B\u00f6blingen | Woche 07"},"content":{"rendered":"<p><em>Quelle: ots<\/em><\/p>\n<p style=\"text-align: justify;\"><strong>A81, Gem. Rottenburg: Verkehrsunfall mit mehreren Verletzten<\/strong><br \/>\nAm Samstag, den 15.02.2025, gegen 05:45 Uhr, befuhr ein 45-j\u00e4hriger Sattelzug-Fahrer einer Spedition den rechten Fahrstreifen der BAB 81 in Fahrtrichtung Singen. Zwischen den Anschlussstellen Herrenberg und Rottenburg kollidierte dieser, bislang aus ungekl\u00e4rter Ursache, mit einem 59-j\u00e4hrigen Fahrer eines Autotransporters, welcher vermutlich vom Parkplatz Ziegler auf die BAB 81 aufgefahren und im Begriff war, auf den rechten Fahrstreifen zu wechseln. Im weiteren Verlauf wollte der 46-j\u00e4hrige Fahrer eines weiteren LKW der Unfallstelle ausweichen und wechselte hierzu auf den linken Fahrstreifen. Der 57-j\u00e4hrige Fahrer eines Mercedes-Benz, der ebenfalls auf dem linken Fahrstreifen fuhr, \u00fcbersah mutma\u00dflich diesen LKW, touchierte diesen hinten rechts, wurde nach rechts abgewiesen und kollidierte mit dem Heck des Sattelzuges des vorausgegangenen Unfalls auf dem rechten Fahrstreifen. Der Mercedes war zu diesem Zeitpunkt noch mit einem 53-J\u00e4hrigen Beifahrer und einem weiteren 57-J\u00e4hrigen Mitfahrer auf der R\u00fcckbank besetzt. Der Fahrer des PKW wurde durch den Unfall im Fahrzeug eingeklemmt, musste durch die Feuerwehr befreit und schwer verletzt in ein Krankenhaus gebracht werden. Der Beifahrer des PKW wurde leicht, der Mitfahrer schwer verletzt. Beide kamen ebenfalls in ein Krankenhaus. Der Fahrer des Sattelzugs der Spedition wurde schwer verletzt mit einem Rettungshubschrauber in ein Krankenhaus geflogen. Zur Kl\u00e4rung der Unfallursache wurde durch die Staatsanwaltschaft ein Gutachten in Auftrag gegeben. Der Gesamtsachschaden wird aktuell auf ca. 500.000 Euro gesch\u00e4tzt. Alle Fahrspuren Richtung Singen wurden gesperrt. An der Einsatzstelle befanden sich zur Bergung und Versorgung der Verletzten die Feuerwehren Herrenberg und Nufringen, vier Rettungswagen, zwei Notarzteinsatzfahrzeuge und ein Rettungshubschrauber. Das Polizeipr\u00e4sidium Ludwigsburg war mit mehreren Streifen der Verkehrspolizei im Einsatz. Ebenso befand sich ein Vertreter der Umweltbeh\u00f6rde des Landratsamts B\u00f6blingen vor Ort. Aktuell werden die Verkehrsteilnehmer, welche sich unmittelbar vor der Unfallstelle teils seit mehreren Stunden im Stau befinden und nicht von der Autobahn ausgeleitet werden k\u00f6nnen, durch Helfer mit Getr\u00e4nken versorgt. Hierzu ist neben der Feuerwehr Herrenberg das DRK mit acht Fahrzeugen vor Ort.<\/p>\n<p style=\"text-align: justify;\"><strong>Sindelfingen: Verkehrsunfall mit hohem Sachschaden<\/strong><br \/>\nAm Freitagabend gegen 19.45 Uhr ereignete sich in Sindelfingen an der Kreuzung Konrad-Adenauer-Stra\u00dfe \/ Rudolf-Harbig-Stra\u00dfe ein Verkehrsunfall. Der 27-j\u00e4hriger Fahrer eines Pkw Mercedes befuhr die Rudolf-Harbig-Stra\u00dfe vom Glaspalast \/ Stadtmitte kommend und wollte an der Kreuzung geradeaus \u00fcber die Konrad-Adenauer-Stra\u00dfe fahren. Er \u00fcbersah hierbei den bevorrechtigten VW eines 62-j\u00e4hrigen Fahrers, welcher die Konrad-Adenauer-Stra\u00dfe aus Richtung Hinterweil kommend befuhr. Es kam im Kreuzungsbereich zum seitlichen Zusammensto\u00df. Der VW wurde durch den starken Aufprall auf den ordnungsgem\u00e4\u00df in der Rudolf-Harbig-Stra\u00dfe wartenden Mercedes eines 51-j\u00e4hrigen Fahrers aufgeschoben. Verletzt wurde bei dem Zusammensto\u00df keiner der beteiligten Fahrer oder Mitfahrer Alle drei Pkw waren nicht mehr fahrbereit und wurden abgeschleppt. Es entstand ein Gesamtsachschaden in H\u00f6he von ca. 115.000 Euro.<\/p>\n<p style=\"text-align: justify;\"><strong>Sindelfingen: von der Bremse auf das Gaspedal gerutscht<\/strong><br \/>\nAm Donnerstag (13.02.2025) gegen 13:30 Uhr wollte ein 70-J\u00e4hriger mit seinem Mercedes in der Burghaldenstra\u00dfe in Sindelfingen am Stra\u00dfenrand einparken. Mutma\u00dflich rutschte er dabei von der Bremse aufs Gaspedal ab, so dass der Mercedes zun\u00e4chst gegen einen davor parkenden Renault Megan prallte. Dieser wurde durch den Aufprall auf einen Peugeot geschoben, der wiederum gegen einen VW Passat stie\u00df. Der Gesamtschaden bel\u00e4uft sich bei allen Fahrzeugen auf \u00fcber 12.000 Euro. Verletzt wurde zum Gl\u00fcck niemand.<\/p>\n<p style=\"text-align: justify;\"><strong>Rutesheim-Perouse-Weissach-Flacht: Seniorin f\u00e4llt durch unsichere Fahrweise auf &#8211; Polizei sucht Gesch\u00e4digte<\/strong><br \/>\nMehrere Zeugen meldeten am Donnerstag (13.02.2025) gegen 13:45 Uhr eine \u00e4ltere Dame mit einem wei\u00dfen VW Polo, die zun\u00e4chst am Ortsausgang Rutesheim, im weiteren Verlauf auf der Landesstra\u00dfe 1180 in Richtung Perouse und anschlie\u00dfend auf der Perouser Stra\u00dfe in Richtung Weissach-Flacht durch eine unsichere Fahrweise auffiel. Hierbei soll die 86-J\u00e4hrige scheinbar grundlos in einem Kreuzungsbereich im Bereich des Ortausgangs Rutesheim Richtung Perouse stehengeblieben sein. Weiter sei sie sehr langsam \u00fcber die Landstra\u00dfen gefahren und hierbei auch in den Gegenverkehr geraten. In diesem Zusammenhang sucht die Polizei nach Verkehrsteilnehmenden, die wom\u00f6glich durch die Fahrweise gef\u00e4hrdet wurden. Konkret meldeten Zeugen einen unbekannten Mercedes Sprinter, welcher der Seniorin ausweichen musste, als sie in den Gegenverkehr geriet. Hinweise nimmt das Polizeirevier Leonberg unter Tel. 07152 605-0 oder per Mail <a href=\"mailto:leonberg.prev@polizei.bwl.de\" target=\"_blank\" rel=\"noopener\">leonberg.prev@polizei.bwl.de<\/a> entgegen.<\/p>\n<p style=\"text-align: justify;\"><strong>Waldenbuch: Unbekannte versuchen Radlader zu stehlen<\/strong><br \/>\nBislang unbekannte T\u00e4ter versuchten zwischen Dienstag (11.02.2025) 17:00 Uhr und Mittwoch (12.02.2025) 07:00 Uhr einen im Steinbruch in Waldenbuch abgestellten Radlader zu stehlen. Wie es ihnen gelang die Baumaschine zu \u00f6ffnen und zu starten, steht noch nicht fest. Beim R\u00fcckw\u00e4rtsrangieren landete das 30 Tonnen schwere Gef\u00e4hrt zun\u00e4chst in einem Graben und besch\u00e4digte zudem noch einen Baum. Im weiteren Verlauf fuhren die Diebe in Richtung Dettenhausen. Hier landeten sie vermutlich aufgrund der Dunkelheit und des Knickgelenks des Radladers erneut im Graben und fuhren sich fest. Nun gaben die Diebe endg\u00fcltig auf und lie\u00dfen den Radlader dort zur\u00fcck. Der am Fahrzeug entstandene Sachschaden bel\u00e4uft sich auf etwa 1.000 Euro. Der Flurschaden wird ebenfalls auf knapp 1.000 Euro gesch\u00e4tzt. Zeugen werden gebeten, Hinweise an den Polizeiposten Waldenbuch unter Tel. 07157 52699-0 oder per Mail an <a href=\"mailto:boeblingen.prev@polizei.bwl.de\" target=\"_blank\" rel=\"noopener\">boeblingen.prev@polizei.bwl.de<\/a> zu melden.<\/p>\n<p style=\"text-align: justify;\"><strong>Renningen: Hund greift anderen Hund und Mann an &#8211; Zeugen gesucht<\/strong><br \/>\nDie Polizeihundef\u00fchrerstaffel des Polizeipr\u00e4sidiums Ludwigsburg sucht Zeugen eines Vorfalls, der sich bereits am Sonntag (09.02.2025) gegen 13.00 Uhr in Renningen ereignete.<br \/>\nEin 35 Jahre alter Mann war auf einem an die Sophie-Scholl-Stra\u00dfe angrenzenden Feldweg mit seinem Hund Gassi, als er einem noch unbekannten Mann begegnete, der seinerseits mit einem Hund unterwegs war. Der Unbekannte f\u00fchrte an einer Leine einen grauen Hund, m\u00f6glicherweise der Rasse Pitbull, der so stark zog, dass der Mann st\u00fcrzte. Unmittelbar darauf griff der Hund den Bordercollie-Mix des 35-J\u00e4hrigen an. Beim Versuch, die beiden Hunde voneinander zu trennen, st\u00fcrzte der Gesch\u00e4digte ebenfalls und wurde von dem unbekannten Hund gebissen.<br \/>\nAnschlie\u00dfend trennten sich die Wege der beiden M\u00e4nner. Sowohl der 35-J\u00e4hrige als auch sein Hund mussten sich sp\u00e4ter in \u00e4rztliche Behandlung begeben.<br \/>\nBei dem Unbekannten soll es sich um einen etwa 70 Jahre alten, ca. 180 cm gro\u00dfen Mann gehandelt haben. Er wird als korpulent beschrieben und trug eine M\u00fctze sowie eine Sonnenbrille.<br \/>\nSachdienliche Zeugenhinweise nimmt die Polizeihundef\u00fchrerstaffel unter der Tel. 0711 6869-390 oder per E-Mail an <a href=\"mailto:ludwigsburg.pp@polizei.bwl.de\" target=\"_blank\" rel=\"noopener\">ludwigsburg.pp@polizei.bwl.de<\/a> entgegen.<\/p>\n<p style=\"text-align: justify;\"><strong>Weil im Sch\u00f6nbuch: Einbruch und Vandalismus in Schule<\/strong><br \/>\nBislang unbekannte T\u00e4ter gelangten zwischen Montag (10.02.2025) 23:00 Uhr und Dienstag (11.02.2025) 07:00 Uhr auf noch nicht bekannte Weise in das Geb\u00e4ude einer Schule in der Stra\u00dfe &#8220;In der R\u00f6te&#8221; in Weil im Sch\u00f6nbuch. Im Inneren der Schule brachen die T\u00e4ter die T\u00fcr zum Rektorat auf und entwendeten eine Kasse, in der sich ein kleinerer Bargeldbetrag befand. Weiterhin durchw\u00fchlten die Einbrecher im Lehrerzimmer s\u00e4mtliche F\u00e4cher der Lehrer und stahlen dort auch Bargeld in unbekannter H\u00f6he. Die T\u00e4ter w\u00fcteten auch im Flur der Schule, indem sie Deckenleuchten und Bewegungsmelder abrissen. Zum Sachschaden k\u00f6nnen bislang keine Angaben gemacht werden. Ein m\u00f6glicher Tatzusammenhang mit einem Einbruch in das benachbarte Hallenbad, zu dem wir bereits am Dienstag (11.02.2025) berichteten, wird gepr\u00fcft. Hinweise nimmt der Polizeiposten Sch\u00f6naich unter Tel: 07031 67700-0 oder per Mail an <a href=\"mailto:boeblingen.prev@polizei.bwl.de\" target=\"_blank\" rel=\"noopener\">boeblingen.prev@polizei.bwl.de<\/a> entgegen.<\/p>\n<p style=\"text-align: justify;\"><strong>Renningen: Unfall mit verletzter Radfahrerin &#8211; Zeugen gesucht<\/strong><br \/>\nEine 22-j\u00e4hrige Radfahrerin war am Dienstag (11.02.2025) gegen 07:50 Uhr in Renningen in der Hauptstra\u00dfe, verbotenerweise entgegen der Einbahnstra\u00dfe, in Richtung der Magstadter Stra\u00dfe unterwegs. Auf der einspurigen Fahrbahn kam ihr ein bislang unbekannter Pkw entgegen. Die Radlerin versuchte durch Bremsen und Ausweichen eine Kollision mit dem Pkw zu verhindern, was ihr jedoch nicht gelang. Hierauf st\u00fcrzte die 22-J\u00e4hrige auf den Asphalt und erlitt leichte Verletzungen. Der unbekannte PKW-Lenker setzte seine Fahrt indes unbeirrt fort. Die Frau wurde vom Rettungsdienst in ein Krankenhaus gebracht. Am Fahrrad entstand ein Sachschaden von knapp 50 Euro. Unfallzeugen werden gebeten, sich mit dem Polizeirevier Leonberg unter Tel: 07152 605-0 oder per Mail an <a href=\"mailto:leonberg.prev@polizei.bwl.de\" target=\"_blank\" rel=\"noopener\">leonberg.prev@polizei.bwl.de<\/a> in Verbindung zu setzen.<\/p>\n<p style=\"text-align: justify;\"><strong>Weissach: m\u00f6gliche Ursache nach Alarmausl\u00f6sung in Schulgeb\u00e4ude am Dienstagmittag festgestellt<\/strong><br \/>\nNach einer Amok-Alarmausl\u00f6sung am Dienstag (11.02.2025) gegen 12.15 Uhr in einer Schule in der Nu\u00dfdorfer Stra\u00dfe in Weissach wurden die notwendigen Einsatzma\u00dfnahmen von einem Gro\u00dfaufgebot der Polizei und des Rettungsdienstes durchgef\u00fchrt (wir berichteten).<br \/>\nInsgesamt erlitten elf Sch\u00fclerinnen und Sch\u00fcler sowie eine Lehrerin gesundheitliche Probleme, die vermutlich auf die Stresssituation im Zusammenhang mit dem Einsatzgeschehen zur\u00fcckzuf\u00fchren sind. Sie wurden vor Ort medizinisch betreut.<br \/>\nDer polizeiliche Einsatz konnte gegen 17.00 Uhr abgeschlossen werden. Am sp\u00e4ten Nachmittag beendete auch der Rettungsdienst das Betreuungsangebot und die damit einhergehenden Nachbereitungs-Ma\u00dfnahmen in der Heckeng\u00e4usporthalle.<br \/>\nDie Ermittlungen vor Ort ergaben zwischenzeitlich, dass zum Zeitpunkt der Alarmausl\u00f6sung Bauarbeiten auf dem Schulgel\u00e4nde stattfanden. M\u00f6glicherweise k\u00f6nnten diese urs\u00e4chlich f\u00fcr die Ausl\u00f6sung gewesen sein.<\/p>\n<p style=\"text-align: justify;\"><strong>Weissach: Alarmausl\u00f6sung in Schulgeb\u00e4ude &#8211; Polizei mit gro\u00dfem Kr\u00e4fteansatz vor Ort &#8211; Fehlalarm best\u00e4tigt<br \/>\n<\/strong>Aufgrund einer Amok-Alarmausl\u00f6sung gegen 12.15 Uhr in einer Schule in der Nu\u00dfdorfer Stra\u00dfe in Weissach fand dort ein gr\u00f6\u00dferer Polizeieinsatz statt. Bislang konnte die Polizei keine verd\u00e4chtigen Wahrnehmungen oder eine Gef\u00e4hrdung vor Ort feststellen.<br \/>\nNach vollst\u00e4ndiger \u00dcberpr\u00fcfung aller R\u00e4ume des Schulgeb\u00e4udes in der Nu\u00dfdorfer Sta\u00dfe in Weissach ergaben sich keinerlei Hinweise auf einen Echtalarm. Wie es zu dem Fehlalarm kommen konnte, steht derzeit noch nicht fest. Die Ermittlungen dahingehend dauern an.<br \/>\nDie etwa 400 Sch\u00fclerinnen und Sch\u00fcler, die sich w\u00e4hrend des Einsatzes gemeinsam mit ihren Lehrkr\u00e4ften in den Klassenzimmern eingeschlossen hatten, konnten die Schule geordnet verlassen. Sie wurden in der benachbarten Heckeng\u00e4usporthalle durch Kr\u00e4fte des Rettungsdienstes betreut. Die Eltern wurden dort ebenfalls hinbegleitet.<br \/>\nNach derzeitigem Stand erlitten f\u00fcnf Schulkinder und eine Lehrerin im Zusammenhang mit dem Einsatz gesundheitliche Probleme. Dar\u00fcber hinaus gibt es keine verletzten Personen.<\/p>\n<p style=\"text-align: justify;\"><strong>A81 Gem. B\u00f6blingen: Verkehrsunfall mit mehreren Verletzten<\/strong><br \/>\nAm Montagabend gegen 17:30 Uhr befuhr eine 44-j\u00e4hrige Peugeot-Lenkerin die A81 aus Richtung Singen kommend in Fahrtrichtung Stuttgart. Auf H\u00f6he der Anschlussstelle B\u00f6blingen-Hulb fuhr die 44-J\u00e4hrige, vermutlich aufgrund nicht angepasster Geschwindigkeit, ungebremst einem 44-j\u00e4hrigen Audi-Lenker auf. Das Fahrzeug der 44-j\u00e4hrigen Peugeot-Lenkerin geriet durch den Aufprall ins Schleudern und kollidierte hierbei mehrfach mit der Betonschutzwand. Sie wurde durch die Feuerwehr leicht verletzt aus dem Fahrzeug befreit und in ein Krankenhaus verbracht. Der 44-j\u00e4hrige Audi-Lenker sowie 3 weitere Fahrzeuginsassen im Alter von 15 Jahren wurden ebenfalls leicht verletzt in ein Krankenhaus verbracht. An den Fahrzeugen entstand ein Sachschaden in H\u00f6he von 30.000 EUR und an der Betonschutzwand in H\u00f6he von 10.000 EUR. Die Fahrzeuge der Unfallbeteiligten waren nicht mehr fahrbereit und mussten abgeschleppt werden. Die durch die Kollision verteilten Tr\u00fcmmerteile mussten zum Teil von der Gegenfahrbahn ger\u00e4umt werden. F\u00fcr die Unfallaufnahme musste die A81 in Fahrtrichtung Stuttgart zeitweise voll gesperrt werden. Es kam zu einem Stau von ca. 3 km L\u00e4nge. Kurz nach 19:00 Uhr waren alle Fahrspuren wieder befahrbar.<\/p>\n<p style=\"text-align: justify;\"><strong>Renningen-Malmsheim: 27-j\u00e4hrige Frau randaliert am Waldhornplatz<\/strong><br \/>\nDer Einsatz von drei Streifenwagenbesatzungen war erforderlich, um am Samstagmorgen in Renningen-Malmsheim eine aggressive 27-J\u00e4hrige zu b\u00e4ndigen. Die Frau betrat gegen 08:20 Uhr einen Supermarkt am Waldhornplatz, obwohl gegen sie wegen zur\u00fcckliegender Vorf\u00e4lle ein Hausverbot ausgesprochen worden war. Im Markt begann sie, Waren herumzuwerfen und beleidigte, bedrohte und bespuckte Mitarbeitende. Anschlie\u00dfend ging sie nach drau\u00dfen, wo sie Verkehrsteilnehmende auf der Stra\u00dfe bel\u00e4stigte. Beim Eintreffen der zwischenzeitlich verst\u00e4ndigten Polizei stieg sie auf einen an der roten Ampel wartenden Mercedes, trat gegen Windschutzscheibe und Motorhaube, entkleidete sich teilweise und urinierte schlie\u00dflich auf das Fahrzeugdach. Die Einsatzkr\u00e4fte holten die hoch aggressive Frau von dem Fahrzeug, legten ihr Handschlie\u00dfen und einen Spuckschutz an und brachten sie in ein psychiatrisches Krankenhaus.<\/p>\n<p style=\"text-align: justify;\"><strong>Holzgerlingen: Schl\u00e4gerei am Bahnhofsplatz<\/strong><br \/>\nZu einer handgreiflichen Auseinandersetzung am Holzgerlinger Bahnhof kam es am Samstag (08.02.2025), gegen 23:50 Uhr. Ein 45-j\u00e4hriger Mann geriet im Bereich des Bahnsteigs mit zwei noch unbekannten M\u00e4nnern zun\u00e4chst in Streit. Im weiteren Verlauf entwickelte sich eine Schl\u00e4gerei zwischen den zwei M\u00e4nnern und dem 45-j\u00e4hrigen. Hierbei wurde der 45-j\u00e4hrige leicht verletzt. Zwei unbeteiligte Passanten versuchten die Schlagenden voneinander zu trennen. Einer der Passanten, ein 19-j\u00e4hriger Mann, wurde bei dem Schlichtungsversuch ebenfalls leicht verletzt. Die zwei unbekannten Beteiligten der Schl\u00e4gerei liefen noch vor Eintreffen der Polizei in unbekannte Richtung davon. Einer wird beschrieben als ca. 35 Jahre alt, schlank, ca. 175 bis 180 cm gro\u00df, bekleidet mit einer blauen Hose, einer gr\u00fcnen Jacke in Milit\u00e4roptik sowie einer gr\u00fcnen Wollm\u00fctze. Der andere Mann wird beschrieben als ca. 35 Jahre alt und komplett dunkel gekleidet. Der Polizeiposten Holzgerlingen nimmt Hinweise unter Tel. 07031 41604-0 oder per Mail <a href=\"mailto:boeblingen.prev@polizei.bwl.de\" target=\"_blank\" rel=\"noopener\">boeblingen.prev@polizei.bwl.de<\/a> entgegen.<\/p>\n<p style=\"text-align: justify;\"><strong>Renningen-Malmsheim: 27-J\u00e4hrige in psychischem Ausnahmezustand<\/strong><br \/>\nMutma\u00dflich, da sie sich in einem psychischen Ausnahmezustand befand, sorgte eine 27-J\u00e4hrige am Samstag (08.02.2025) in Malmsheim f\u00fcr einen Polizeieinsatz.<br \/>\nDie junge Frau randalierte zun\u00e4chst gegen 8.20 Uhr in einem Einkaufsmarkt am Waldhornplatz, indem sie mit Lebensmitteln warf. Als sie zudem mehrere Mitarbeitenden bedrohte und bespuckte, verst\u00e4ndigten diese die Polizei.<br \/>\nBei deren Eintreffen fanden sie die 27-J\u00e4hrige auf Dach eines Mercedes vor. Die Frau war zun\u00e4chst vor das Fahrzeug getreten und hatte die 60 Jahre alte Fahrerin an der Weiterfahrt gehindert. Anschlie\u00dfend knickte die 27-J\u00e4hrige das Mercedes-Emblem an der Motorhaube ab, kletterte auf diese hinauf und schlie\u00dflich auf das Dach des Fahrzeugs. Dort spuckte sie in Richtung der zwischenzeitlich eingetroffenen Polizeibeamtinnen und -beamten und beleidigte diese. Zudem urinierte sie auf das Pkw-Dach und entkleidete ihren Oberk\u00f6rper.<br \/>\nDen Polizistinnen und Polizisten gelang es, die Frau von dem Mercedes herunterzuholen und ihr Handschlie\u00dfen anzulegen. Sie wurde anschlie\u00dfend in eine psychiatrische Einrichtung gebracht.<br \/>\nDie H\u00f6he des entstandenen Sachschadens kann derzeit noch nicht genau beziffert werden.<\/p>\n<p style=\"text-align: justify;\"><strong>Leonberg: Polizei setzt beim Festumzug des Pferdemarkts Drohne ein<\/strong><br \/>\nW\u00e4hrend des Festumzugs beim Leonberger Pferdemarkt am 11. Februar 2025 setzt das Polizeipr\u00e4sidium Ludwigsburg wie bereits in der Vergangenheit Drohnen ein, die \u00dcbersichtsbilder dieses traditionellen H\u00f6hepunkts der Festtage \u00fcbertragen.<br \/>\nDas Flugger\u00e4t wird beim Umzug zur Sicherheit des Pferdemarkts und seiner Besucher genutzt. Durch die Bild\u00fcbertragung ist es m\u00f6glich, eine umfassende \u00dcbersicht \u00fcber den schwer zug\u00e4nglichen Einsatzraum und den Verlauf des Umzugs zu gewinnen. So ist neben dem rechtzeitigen Erkennen m\u00f6glicher Gefahrensituationen f\u00fcr das Publikum auch der \u00dcberblick \u00fcber die Verkehrssituation und bei Bedarf ein schneller Einsatz der Sicherheitskr\u00e4fte m\u00f6glich.<br \/>\nDer Drohnenflug wird durch speziell ausgebildete Beamte des Polizeipr\u00e4sidiums Ludwigsburg durchgef\u00fchrt, die auch f\u00fcr die Einhaltung der Flugsicherheit verantwortlich sind. Menschenmengen werden nicht \u00fcberflogen. Eine Aufzeichnung der Bild\u00fcbertragung findet grunds\u00e4tzlich nicht statt, die Identifizierung einzelner Personen ist bei den \u00dcbersichtsvideos generell nicht m\u00f6glich. Eine Abweichung von dieser Verfahrensweise ist nur dann zul\u00e4ssig, wenn es zur Verfolgung einer konkreten Straftat erforderlich ist.<\/p>\n<hr \/>\n<p style=\"text-align: justify;\">\n","protected":false},"excerpt":{"rendered":"<p>Quelle: ots A81, Gem. Rottenburg: Verkehrsunfall mit mehreren Verletzten Am Samstag, den 15.02.2025, gegen 05:45 Uhr, befuhr ein 45-j\u00e4hriger Sattelzug-Fahrer einer Spedition den rechten Fahrstreifen der BAB 81 in Fahrtrichtung Singen. Zwischen den Anschlussstellen Herrenberg und Rottenburg kollidierte dieser, bislang aus ungekl\u00e4rter Ursache, mit einem 59-j\u00e4hrigen Fahrer eines Autotransporters, welcher vermutlich vom Parkplatz Ziegler auf [&hellip;]<\/p>\n","protected":false},"author":4,"featured_media":152245,"comment_status":"closed","ping_status":"open","sticky":false,"template":"","format":"standard","meta":{"inline_featured_image":false,"_exactmetrics_skip_tracking":false,"_exactmetrics_sitenote_active":false,"_exactmetrics_sitenote_note":"","_exactmetrics_sitenote_category":0,"footnotes":""},"categories":[11239],"tags":[3061,14857,68,205,1625,9],"class_list":{"0":"post-155175","1":"post","2":"type-post","3":"status-publish","4":"format-standard","5":"has-post-thumbnail","7":"category-region-boblingen-leonberg","8":"tag-boblingen","9":"tag-die-webzeitung","10":"tag-online-zeitung","11":"tag-polizei","12":"tag-report","13":"tag-schaumedia"},"image_feature":"https:\/\/die-webzeitung.de\/stuttgart\/wp-content\/uploads\/sites\/4\/2024\/02\/Polizei-Pix-scaled.jpg","author_name":"Redaktion","pure_taxonomies":{"categories":[{"term_id":11239,"name":"Polizei-Report B\u00f6blingen","slug":"region-boblingen-leonberg","term_group":0,"term_taxonomy_id":11277,"taxonomy":"category","description":"Polizeiberichte aus der Region des Landkreises B\u00f6blingen","parent":1619,"count":68,"filter":"raw","image":""}],"tags":[{"term_id":3061,"name":"B\u00f6blingen","slug":"boblingen","term_group":0,"term_taxonomy_id":3075,"taxonomy":"post_tag","description":"","parent":0,"count":260,"filter":"raw","image":""},{"term_id":14857,"name":"Die-Webzeitung","slug":"die-webzeitung","term_group":0,"term_taxonomy_id":14876,"taxonomy":"post_tag","description":"","parent":0,"count":3625,"filter":"raw","image":""},{"term_id":68,"name":"Online-Zeitung","slug":"online-zeitung","term_group":0,"term_taxonomy_id":69,"taxonomy":"post_tag","description":"","parent":0,"count":3595,"filter":"raw","image":""},{"term_id":205,"name":"Polizei","slug":"polizei","term_group":0,"term_taxonomy_id":208,"taxonomy":"post_tag","description":"","parent":0,"count":277,"filter":"raw","image":""},{"term_id":1625,"name":"Report","slug":"report","term_group":0,"term_taxonomy_id":1634,"taxonomy":"post_tag","description":"","parent":0,"count":210,"filter":"raw","image":""},{"term_id":9,"name":"SchauMedia","slug":"schaumedia","term_group":0,"term_taxonomy_id":9,"taxonomy":"post_tag","description":"","parent":0,"count":1607,"filter":"raw","image":""}]},"_links":{"self":[{"href":"https:\/\/die-webzeitung.de\/stuttgart\/wp-json\/wp\/v2\/posts\/155175","targetHints":{"allow":["GET"]}}],"collection":[{"href":"https:\/\/die-webzeitung.de\/stuttgart\/wp-json\/wp\/v2\/posts"}],"about":[{"href":"https:\/\/die-webzeitung.de\/stuttgart\/wp-json\/wp\/v2\/types\/post"}],"author":[{"embeddable":true,"href":"https:\/\/die-webzeitung.de\/stuttgart\/wp-json\/wp\/v2\/users\/4"}],"replies":[{"embeddable":true,"href":"https:\/\/die-webzeitung.de\/stuttgart\/wp-json\/wp\/v2\/comments?post=155175"}],"version-history":[{"count":10,"href":"https:\/\/die-webzeitung.de\/stuttgart\/wp-json\/wp\/v2\/posts\/155175\/revisions"}],"predecessor-version":[{"id":155241,"href":"https:\/\/die-webzeitung.de\/stuttgart\/wp-json\/wp\/v2\/posts\/155175\/revisions\/155241"}],"wp:featuredmedia":[{"embeddable":true,"href":"https:\/\/die-webzeitung.de\/stuttgart\/wp-json\/wp\/v2\/media\/152245"}],"wp:attachment":[{"href":"https:\/\/die-webzeitung.de\/stuttgart\/wp-json\/wp\/v2\/media?parent=155175"}],"wp:term":[{"taxonomy":"category","embeddable":true,"href":"https:\/\/die-webzeitung.de\/stuttgart\/wp-json\/wp\/v2\/categories?post=155175"},{"taxonomy":"post_tag","embeddable":true,"href":"https:\/\/die-webzeitung.de\/stuttgart\/wp-json\/wp\/v2\/tags?post=155175"}],"curies":[{"name":"wp","href":"https:\/\/api.w.org\/{rel}","templated":true}]}}