{"id":155121,"date":"2025-02-01T12:58:47","date_gmt":"2025-02-01T11:58:47","guid":{"rendered":"https:\/\/die-webzeitung.de\/stuttgart\/2025\/02\/01\/ludwigsburg-trauert-um-seinen-ehrenbuerger-horst-koehler\/"},"modified":"2025-02-01T16:05:20","modified_gmt":"2025-02-01T15:05:20","slug":"ludwigsburg-trauert-um-seinen-ehrenbuerger-horst-koehler","status":"publish","type":"post","link":"https:\/\/die-webzeitung.de\/stuttgart\/2025\/02\/01\/ludwigsburg-trauert-um-seinen-ehrenbuerger-horst-koehler\/","title":{"rendered":"Ludwigsburg trauert um seinen Ehrenb\u00fcrger Horst K\u00f6hler"},"content":{"rendered":"<h3 style=\"text-align: justify;\"><strong>OB Knecht: Ludwigsburg verliert einen Menschen, der die Stadt stets in seinem Herzen getragen hat<\/strong><\/h3>\n<p style=\"text-align: justify;\">Ludwigsburg.| Der Ehrenb\u00fcrger der Stadt Ludwigsburg und fr\u00fchere Bundespr\u00e4sident Professor Dr. Horst K\u00f6hler ist tot. In einer Pressemitteilung meldete das Bundespr\u00e4sidialamt, dass Horst K\u00f6hler am heutigen fr\u00fchen Samstagmorgen nach kurzer schwerer Krankheit gestorben sei. Er wurde 81 Jahre alt. Aus Anlass seines Todes erfolgt ab kommenden Montag eine Trauerbeflaggung am Rathaus. Ab Dienstag liegt dort zum Abschied von Horst K\u00f6hler ein Kondolenzbuch aus.<\/p>\n<p style=\"text-align: justify;\">Im Jahr 2011 hatte die Stadt Ludwigsburg Horst K\u00f6hler und dessen Ehefrau Eva Luise gemeinsam das Ehrenb\u00fcrgerrecht verliehen. Beide haben es stets verstanden, auf ganz besondere Weise den Verstand und die Herzen der Menschen, insbesondere derer in Ludwigsburg, zu erreichen, hie\u00df es damals in der Begr\u00fcndung.<\/p>\n<p style=\"text-align: justify;\">\u201eDie Stadt Ludwigsburg und ihre Menschen trauern um unseren Ehrenb\u00fcrger Professor Dr. Horst K\u00f6hler. Heimat und privates Gl\u00fcck sind f\u00fcr ihn stets mit Ludwigsburg verbunden gewesen. Auch das Ideal eines neuen Europas hatte f\u00fcr den jungen Horst K\u00f6hler seinen Ursprung in unserer Stadt, und zwar als Besucher der Rede an die Jugend des franz\u00f6sischen Staatspr\u00e4sidenten Charles de Gaulle 1962 im Schloss. Diese pr\u00e4genden Lebenserfahrungen haben ihn untrennbar mit Ludwigsburg verbunden und darauf sind die Menschen in unserer Stadt besonders stolz\u201c, betont Oberb\u00fcrgermeister Dr. Matthias Knecht. \u201eWir nehmen Abschied von einem Menschen, der in der Geschichte der Stadt stets einen Ehrenplatz einnehmen wird. Er war mir ein wichtiger Ratgeber und Gespr\u00e4chspartner. Ich habe insbesondere seinen feinen und zugewandten Humor sehr gesch\u00e4tzt. Wir sind in Gedanken bei seiner Ehefrau Eva Luise und den Hinterbliebenen. Ludwigsburg verliert einen Menschen, der die Stadt stets in seinem Herzen getragen hat.\u201c<\/p>\n<p style=\"text-align: justify;\">\u201eLudwigsburg ist die Stadt, die mir zum ersten Mal eine Ahnung von Heimat gab, als die Fl\u00fcchtlingsfamilie K\u00f6hler nach Jahren des Lagerlebens hier eine Sozialwohnung bekam\u201c, sagte Horst K\u00f6hler 2018 als Festredner der Stadtgr\u00fcndungsfeier aus Anlass des 300-Jahr-Jubil\u00e4ums der Stadt Ludwigsburg.<\/p>\n<h4 style=\"text-align: justify;\"><strong>Flucht \u00fcber Leipzig und West-Berlin nach Ludwigsburg<\/strong><\/h4>\n<p style=\"text-align: justify;\">Horst K\u00f6hler kam 1953 mit seiner damaligen Familie nach Ludwigsburg. Geboren wurde er im polnischen Skierbiesz\u00f3w, seine Eltern sind Bessarabiendeutsche. Hinter den K\u00f6hlers lagen Stationen der Flucht, die die Familie \u00fcber Leipzig und West-Berlin schlie\u00dflich nach Ludwigsburg f\u00fchrte. Sein Abitur machte der junge Horst K\u00f6hler 1963 am Ludwigsburger M\u00f6rike-Gymnasium und bis zuletzt pflegte er engen Kontakt zu ehemaligen Mitsch\u00fclern.<\/p>\n<p style=\"text-align: justify;\">Seit 1969 war Horst K\u00f6hler mit Eva Luise verheiratet. Sie ist eine geb\u00fcrtige Ludwigsburgerin und Lehrerin. Sie haben zwei erwachsene Kinder und vier Enkelkinder. Eva Luise K\u00f6hler ist seit 2005 Schirmherrin f\u00fcr die Stiftung Karlsh\u00f6he Ludwigsburg und deren Freundeskreis.<\/p>\n<p style=\"text-align: justify;\">Nach dem Studium der Wirtschaftswissenschaften in T\u00fcbingen mit Doktorarbeit am dortigen Institut f\u00fcr Angewandte Wirtschaftsforschung begann ab 1976 f\u00fcr Horst K\u00f6hler die Zeit in der Politik. Auf die Stationen im Bundesministerium f\u00fcr Wirtschaft in Bonn und als Referent des damaligen Ministerpr\u00e4sidenten Gerhard Stoltenberg in Schleswig-Holstein folgte bis 1993 seine T\u00e4tigkeit im Bundesfinanzministerium.<\/p>\n<h4 style=\"text-align: justify;\"><strong>Chefunterh\u00e4ndler beim Maastricht-Vertrag \u00fcber Europ\u00e4ische W\u00e4hrungsunion<\/strong><\/h4>\n<p style=\"text-align: justify;\">Als Staatssekret\u00e4r leitete K\u00f6hler die Verhandlungen \u00fcber den Abzug der sowjetischen Truppen aus der DDR. Zudem war er Chefunterh\u00e4ndler beim Maastricht-Vertrag \u00fcber die Europ\u00e4ische W\u00e4hrungsunion. Im Jahr 1993 wurde Horst K\u00f6hler Pr\u00e4sident des Sparkassen- und Giroverbandes, ab 1998 leitete er die Europ\u00e4ische Bank f\u00fcr Wiederaufbau und Entwicklung in London, ehe er im Jahr 2000 Direktor des Internationalen W\u00e4hrungsfonds in Washington wurde.<\/p>\n<p style=\"text-align: justify;\">Die Bundesversammlung w\u00e4hlte K\u00f6hler 2004 zum neunten Bundespr\u00e4sidenten der Bundesrepublik. Er warb innenpolitisch f\u00fcr zukunftsf\u00e4hige Arbeitspl\u00e4tze, ein besseres Bildungswesen und einen kreativen Umgang mit dem demografischen Wandel. In der Au\u00dfenpolitik mahnte er eine Globalisierung mit verl\u00e4sslichen Regeln an sowie eine echte Partnerschaft mit dem afrikanischen Kontinent.<\/p>\n<p style=\"text-align: justify;\">2009 wurde er wiedergew\u00e4hlt. Nach nur einem Jahr trat K\u00f6hler nach Kritik an seinen Ausf\u00fchrungen zu Milit\u00e4reins\u00e4tzen im Ausland zur\u00fcck. Bis zuletzt machte sich Horst K\u00f6hler stark f\u00fcr eine bessere Partnerschaft mit Afrika, einen weltweiten Wandel zu Nachhaltigkeit und eine partnerschaftliche internationale Politik.<\/p>\n<hr \/>\n<p style=\"text-align: justify;\">\n","protected":false},"excerpt":{"rendered":"<p>OB Knecht: Ludwigsburg verliert einen Menschen, der die Stadt stets in seinem Herzen getragen hat Ludwigsburg.| Der Ehrenb\u00fcrger der Stadt Ludwigsburg und fr\u00fchere Bundespr\u00e4sident Professor Dr. Horst K\u00f6hler ist tot. In einer Pressemitteilung meldete das Bundespr\u00e4sidialamt, dass Horst K\u00f6hler am heutigen fr\u00fchen Samstagmorgen nach kurzer schwerer Krankheit gestorben sei. Er wurde 81 Jahre alt. Aus [&hellip;]<\/p>\n","protected":false},"author":4,"featured_media":0,"comment_status":"closed","ping_status":"open","sticky":false,"template":"","format":"standard","meta":{"inline_featured_image":false,"_exactmetrics_skip_tracking":false,"_exactmetrics_sitenote_active":false,"_exactmetrics_sitenote_note":"","_exactmetrics_sitenote_category":0,"footnotes":""},"categories":[59],"tags":[788,14857,17980,17981,6,68],"class_list":{"0":"post-155121","1":"post","2":"type-post","3":"status-publish","4":"format-standard","6":"category-aktuell","7":"tag-bundesprasident","8":"tag-die-webzeitung","9":"tag-horst","10":"tag-kohler","11":"tag-ludwigsburg","12":"tag-online-zeitung"},"image_feature":null,"author_name":"Redaktion","pure_taxonomies":{"categories":[{"term_id":59,"name":"Aktuell","slug":"aktuell","term_group":0,"term_taxonomy_id":60,"taxonomy":"category","description":"","parent":0,"count":1017,"filter":"raw","image":""}],"tags":[{"term_id":788,"name":"Bundespr\u00e4sident","slug":"bundesprasident","term_group":0,"term_taxonomy_id":797,"taxonomy":"post_tag","description":"","parent":0,"count":1,"filter":"raw","image":""},{"term_id":14857,"name":"Die-Webzeitung","slug":"die-webzeitung","term_group":0,"term_taxonomy_id":14876,"taxonomy":"post_tag","description":"","parent":0,"count":3625,"filter":"raw","image":""},{"term_id":17980,"name":"Horst","slug":"horst","term_group":0,"term_taxonomy_id":17999,"taxonomy":"post_tag","description":"","parent":0,"count":1,"filter":"raw","image":""},{"term_id":17981,"name":"Kohler","slug":"kohler","term_group":0,"term_taxonomy_id":18000,"taxonomy":"post_tag","description":"","parent":0,"count":1,"filter":"raw","image":""},{"term_id":6,"name":"Ludwigsburg","slug":"ludwigsburg","term_group":0,"term_taxonomy_id":6,"taxonomy":"post_tag","description":"","parent":0,"count":180,"filter":"raw","image":""},{"term_id":68,"name":"Online-Zeitung","slug":"online-zeitung","term_group":0,"term_taxonomy_id":69,"taxonomy":"post_tag","description":"","parent":0,"count":3595,"filter":"raw","image":""}]},"_links":{"self":[{"href":"https:\/\/die-webzeitung.de\/stuttgart\/wp-json\/wp\/v2\/posts\/155121","targetHints":{"allow":["GET"]}}],"collection":[{"href":"https:\/\/die-webzeitung.de\/stuttgart\/wp-json\/wp\/v2\/posts"}],"about":[{"href":"https:\/\/die-webzeitung.de\/stuttgart\/wp-json\/wp\/v2\/types\/post"}],"author":[{"embeddable":true,"href":"https:\/\/die-webzeitung.de\/stuttgart\/wp-json\/wp\/v2\/users\/4"}],"replies":[{"embeddable":true,"href":"https:\/\/die-webzeitung.de\/stuttgart\/wp-json\/wp\/v2\/comments?post=155121"}],"version-history":[{"count":1,"href":"https:\/\/die-webzeitung.de\/stuttgart\/wp-json\/wp\/v2\/posts\/155121\/revisions"}],"predecessor-version":[{"id":155122,"href":"https:\/\/die-webzeitung.de\/stuttgart\/wp-json\/wp\/v2\/posts\/155121\/revisions\/155122"}],"wp:attachment":[{"href":"https:\/\/die-webzeitung.de\/stuttgart\/wp-json\/wp\/v2\/media?parent=155121"}],"wp:term":[{"taxonomy":"category","embeddable":true,"href":"https:\/\/die-webzeitung.de\/stuttgart\/wp-json\/wp\/v2\/categories?post=155121"},{"taxonomy":"post_tag","embeddable":true,"href":"https:\/\/die-webzeitung.de\/stuttgart\/wp-json\/wp\/v2\/tags?post=155121"}],"curies":[{"name":"wp","href":"https:\/\/api.w.org\/{rel}","templated":true}]}}