{"id":154979,"date":"2025-01-13T15:10:42","date_gmt":"2025-01-13T14:10:42","guid":{"rendered":"https:\/\/die-webzeitung.de\/stuttgart\/?p=154979"},"modified":"2025-01-18T17:06:41","modified_gmt":"2025-01-18T16:06:41","slug":"polizei-report-stuttgart-woche-03-4","status":"publish","type":"post","link":"https:\/\/die-webzeitung.de\/stuttgart\/2025\/01\/13\/polizei-report-stuttgart-woche-03-4\/","title":{"rendered":"Polizei-Report Stuttgart | Woche 03"},"content":{"rendered":"<p><em>Quelle: ots<\/em><\/p>\n<p style=\"text-align: justify;\"><strong>Stuttgart-M\u00f6hringen: Auffahrunfall mit hohem Sachschaden und zwei Leichtverletzten<\/strong><br \/>\nZirka 65.000 Euro und zwei Leichtverletzte sind die Bilanz eines Verkehrsunfalls am Freitag (17.01.2024) gegen 18.00 Uhr auf der B27. Ein 65-J\u00e4hriger fuhr auf H\u00f6he Tr\u00e4nke mit seinem Toyota auf der mittleren Spur in stadteinw\u00e4rtiger Richtung auf einen am Ende eines Staus stehenden Mercedes auf, der von einer 44-J\u00e4hrigen gelenkt wurde. Durch den Aufprall wurde der Mercedes auf den Citroen eines 56-J\u00e4hrigen geschoben. Der 56-J\u00e4hrige und die 44-J\u00e4hrige wurden zur weiteren Untersuchung in Krankenh\u00e4user verbracht. Der Opel und der Mercedes waren nicht mehr fahrbereit und mussten abgeschleppt werden. Der Verkehr musste bis zur Bergung der Fahrzeuge an der Unfallstelle vorbeigeleitet werden, wodurch es Behinderungen kam.<\/p>\n<p style=\"text-align: justify;\"><strong>Stuttgart-Bad Cannstatt: Mit Stadtbahn zusammengesto\u00dfen<\/strong><br \/>\nZirka 50.000 Euro sind die Bilanz eines Verkehrsunfalls vom Donnerstagmittag (16.01.2025) am Karl-Benz-Platz. Ein 34 Jahre alter Mercedes-Fahrer war gegen 13.00 Uhr in der Benzstra\u00dfe in Richtung Obert\u00fcrkheim unterwegs. Ersten Erkenntnissen zufolge missachtete er das Rotlicht an der Kreuzung Inselstra\u00dfe und stie\u00df am Karl-Benz-Platz mit der Stadtbahn der Linie U13 zusammen, die in Richtung Wangen unterwegs war. Der Mercedes war nicht mehr fahrbereit und musste abgeschleppt werden. W\u00e4hrend der Unfallaufnahme kam es zu Beeintr\u00e4chtigungen im Stra\u00dfen- und Schienenverkehr.<\/p>\n<p style=\"text-align: justify;\"><strong>Stuttgart-Mitte: Nach Beleidigung Widerstand geleistet &#8211; Drei Polizisten verletzt<\/strong><br \/>\nPolizeibeamte haben am fr\u00fchen Freitagmorgen (17.01.2025) einen 27 Jahre alten Tatverd\u00e4chtigen in Gewahrsam genommen, der im Verdacht steht, Polizeibeamte beleidigt und sich gegen die vorl\u00e4ufige Festnahme gewehrt zu haben. Der 27-J\u00e4hrige hielt sich gemeinsam mit einer 26 Jahre alten Frau gegen 05.30 Uhr hinter dem Polizeirevier 1 Theodor-Heuss-Stra\u00dfe auf. Dabei beleidigten sie mehrere Polizeibeamte und zeigten ihnen den Mittelfinger. Als die Beamten sie kontrollieren wollten, versuchte der 27-J\u00e4hrige zu fl\u00fcchten. Bei seiner vorl\u00e4ufigen Festnahme im Bereich des Kronprinzplatzes, leistete er Widerstand und verletzte drei Beamte im Alter von 24, 31 und 37 Jahren. Bei der Festnahme mussten die Polizisten Pfefferspray einsetzen. Rettungskr\u00e4fte k\u00fcmmerten sich vor Ort um den 24 Jahre alten Beamten, der durch einen Tritt ins Gesicht Verletzungen erlitt. Alle drei setzten ihren Dienst anschlie\u00dfend fort. Da der Tatverd\u00e4chtige sich weiterhin aggressiv verhielt und sich nicht beruhigen lie\u00df, nahmen ihn die Beamten in Gewahrsam. Die 26-J\u00e4hrige setzten die Polizisten nach Abschluss der polizeilichen Ma\u00dfnahmen wieder auf freien Fu\u00df.<\/p>\n<p style=\"text-align: justify;\"><strong>Stuttgart-Birkach: In Gegenverkehr gefahren &#8211; Zeugen und m\u00f6gliche weitere Gesch\u00e4digte gesucht<\/strong><br \/>\nEin 60 Jahre alter Mann hat sich am Mittwochabend (15.01.2025) in der Ohnholdstra\u00dfe bei einem Verkehrsunfall schwere Verletzungen zugezogen. Der 60-J\u00e4hrige war gegen 19.30 Uhr mit seinem BMW in der Ohnholdstra\u00dfe Richtung Epplestra\u00dfe unterwegs, als er auf H\u00f6he des Talwegs auf die Gegenfahrbahn geriet und mit dem BMW einer 57 Jahre alten Frau zusammenstie\u00df, die in der entgegengesetzten Richtung unterwegs war. Rettungskr\u00e4fte k\u00fcmmerten sich um den 60-J\u00e4hrigen und brachten ihn in ein Krankenhaus. Nach ersten Sch\u00e4tzungen betr\u00e4gt der Schaden rund 25.000 Euro. Zeugen gaben an, dass der 60-J\u00e4hrige vor dem Unfall in Schlangenlinien gefahren sein soll. Weitere Ermittlungen ergaben, dass der 60-J\u00e4hrige gegen 17.10 Uhr in der Birkheckenstra\u00dfe eine Verkehrsinsel \u00fcberfahren haben und dabei ein Verkehrszeichen besch\u00e4digt haben soll. Da der Verdacht auf eine alkoholische Beeinflussung bestand, musste der Mann eine Blutprobe abgeben, seinen F\u00fchrerschein beschlagnahmten die Beamten. Zeugen und m\u00f6gliche weitere Gesch\u00e4digte werden gebeten, sich unter der Rufnummer +4971189904100 bei der Verkehrspolizei zu melden.<\/p>\n<p style=\"text-align: justify;\"><strong>Stuttgart-M\u00f6hringen: Geschlagen und bedroht &#8211; Tatverd\u00e4chtige festgenommen<\/strong><br \/>\nPolizeibeamte haben am Samstagabend (11.01.2025) eine 23 Jahre alte Frau festgenommen, die im Verdacht steht, einen 54-J\u00e4hrigen geschlagen und bedroht zu haben. Der 54 Jahre alte Mann lernte die 23-J\u00e4hrige \u00fcber ein Internetportal kennen und vereinbarte Geschlechtsverkehr mit ihr zu einem festen Preis. Als er die Frau am Treffpunkt in einem Zimmer an der Plieninger Stra\u00dfe gegen 20.30 Uhr traf, entschied er sich doch um und wollte gehen. Daraufhin soll die 23-J\u00e4hrige die Zahlung dennoch gefordert und den Mann geschlagen und mit einer Schere bedroht haben, bis er einen Teilbetrag zahlte und fl\u00fcchtete. Alarmierte Polizeibeamte nahmen die 23-J\u00e4hrige kurz darauf im Zimmer fest. Die 23 Jahre alte portugiesische Staatsangeh\u00f6rige wurde auf Antrag der Staatsanwaltschaft Stuttgart am Sonntag (12.01.2025) einem Haftrichter vorgef\u00fchrt, der Haftbefehl erlie\u00df und die Frau in eine Justizvollzugsanstalt einwies.<\/p>\n<p style=\"text-align: justify;\"><strong>Stuttgart-Stadtgebiet: Unf\u00e4lle durch Blitzeis &#8211; Vorl\u00e4ufige Bilanz<\/strong><br \/>\nDie Polizei hat im Stadtgebiet im Laufe des Mittwochmorgens (15.01.2025) knapp 150 Verkehrsunf\u00e4lle aufgrund von Gl\u00e4tte und Blitzeis aufgenommen. Die Unf\u00e4lle ereigneten sich im Zeitraum von 05.00 Uhr bis 12.00 Uhr. Bei drei dieser Unf\u00e4lle verletzten sich insgesamt drei Personen leicht. Mehrere Stra\u00dfen mussten durch die Beamten gesperrt werden, um weitere Unf\u00e4lle zu verhindern. Gegen 08.30 Uhr sperrten die Beamten den Speidelweg, nachdem dort auf der absch\u00fcssigen Stra\u00dfe sechs Fahrzeuge durch Unf\u00e4lle besch\u00e4digt wurden. Die Sperrung dauert nach wie vor an.<\/p>\n<p style=\"text-align: justify;\"><strong>Stuttgart-Untert\u00fcrkheim: Feuerwerksk\u00f6rper in Kapuze explodiert &#8211; Zeugen gesucht<\/strong><br \/>\nDie Polizei sucht Zeugen eines Vorfalls in der Silvesternacht in der Stra\u00dfe Im Hopfengarten. Ein 58 Jahre alter Mann war gegen Mitternacht an der Kreuzung Scherrenstra\u00dfe unterwegs, als ihm Unbekannte einen Feuerwerksk\u00f6rper in die Kapuze seiner Jacke warfen. Obwohl er noch versuchte, den Feuerwerksk\u00f6rper zu entfernen, explodierte er noch im Bereich seines rechten Ohrs. Der Mann erlitt leichte Verletzungen, Hinweise auf die Unbekannten gibt es bislang nicht. Zeugen werden gebeten, sich unter der Rufnummer +4971189903500 bei den Beamtinnen und Beamten des Polizeireviers 5 Ostendstra\u00dfe zu melden.<\/p>\n<p style=\"text-align: justify;\"><strong>Stuttgart-Nord: K\u00fcchenbrand<\/strong><br \/>\nIn einem Wohnheim an der Sattlerstra\u00dfe ist am Dienstagvormittag (14.01.2025) ein Brand ausgebrochen und hat einen Schaden von mehreren Tausend Euro verursacht. Bewohner entdeckten den Brand, der gegen 10.35 Uhr in der K\u00fcche ausgebrochen war und w\u00e4hlten den Notruf. Eine 14-j\u00e4hrige Jugendliche und eine 45 Jahre alte Frau erlitten mutma\u00dflich durch Rauchgase leichte Verletzungen. Rettungskr\u00e4fte k\u00fcmmerten sich um die Frauen und brachten sie vorsorglich in Krankenh\u00e4user. Nachdem die Feuerwehr die R\u00e4ume bel\u00fcftet hatte, konnten alle Bewohner wieder zur\u00fcck in ihre Unterkunft. Ersten Ermittlungen zufolge k\u00f6nnte angebranntes Essen die Ursache f\u00fcr den Brand gewesen sein.<\/p>\n<p style=\"text-align: justify;\"><strong>Stuttgart-Bad Cannstatt: Mit Stadtbahn zusammengesto\u00dfen<\/strong><br \/>\nBeim Zusammensto\u00df eines Nissan mit einer Stadtbahn der Linie U12 ist am Dienstagnachmittag (14.01.2025) eine 29 Jahre alte Frau leicht verletzt worden. Die 29-J\u00e4hrige fuhr gegen 15.10 Uhr mit ihrem Nissan in der L\u00f6wentorstra\u00dfe Richtung Hallschlag. Auf H\u00f6he der Stra\u00dfe Hunklinge fuhr sie in den Kreisverkehr um wieder in Richtung Pragstra\u00dfe weiterzufahren. Dabei \u00fcbersah sie offenbar die rote Ampel und stie\u00df mit der Stadtbahn zusammen, die in Richtung D\u00fcrrlewang unterwegs war. Rettungskr\u00e4fte k\u00fcmmerten sich um die 29-J\u00e4hrige und brachten sie in ein Krankenhaus. Der Schaden betr\u00e4gt nach ersten Sch\u00e4tzungen rund 50.000 Euro.<\/p>\n<p style=\"text-align: justify;\"><strong>Stuttgart-Mitte: Widerstand geleistet &#8211; Zwei Tatverd\u00e4chtige festgenommen<\/strong><br \/>\nPolizeibeamte haben am Freitagabend (10.01.2025) zwei M\u00e4nner im Alter von 22 und 26 Jahren festgenommen, die versucht haben sollen, einen 37 Jahre alten Mann zu beklauen. Der 26-J\u00e4hrige soll gegen 23.45 Uhr in der Eberhardstra\u00dfe den 37-J\u00e4hrigen unvermittelt umarmt haben, um ihm den Gelbeutel aus der Tasche zu ziehen. Als der 37-J\u00e4hrige hierauf aufmerksam wurde, soll der 26-J\u00e4hrige auf ihn eingetreten haben, w\u00e4hrend sein mutma\u00dflicher Komplize eine Flasche in Richtung des 37-J\u00e4hrigen warf. Kurze Zeit sp\u00e4ter trafen Beamte den 26-J\u00e4hrigen an und nahmen ihn fest. W\u00e4hrenddessen leistete der Mann Widerstand und versuchte, nach den Beamten zu treten. Auch seinen mutma\u00dflichen Komplizen nahmen Beamte kurze Zeit sp\u00e4ter vorl\u00e4ufig fest. Den 22-J\u00e4hrigen setzten sie nach Durchf\u00fchrung der polizeilichen Ma\u00dfnahmen wieder auf freien Fu\u00df, der 26-j\u00e4hrige wohnsitzlose tunesische Staatsangeh\u00f6rige wurde am Samstag (11.01.2025) einem Haftrichter vorgef\u00fchrt, der Haftbefehl erlie\u00df und in Vollzug setzte.<\/p>\n<p style=\"text-align: justify;\"><strong>Stuttgart-Mitte: Mutma\u00dflich mit falschem F\u00fcnfzig-Euro-Schein bezahlt<\/strong><br \/>\nPolizeibeamte haben am Freitagabend (10.01.2025) einen 25 Jahre alten Mann festgenommen, der mit Falschgeld bezahlt haben soll. Der 25-J\u00e4hrige wollte gegen 18.45 Uhr in einem Etablissement an der Stra\u00dfe Bebenh\u00e4user Hof die Dienstleistungen einer 20 Jahre alten Frau in Anspruch nehmen. Im Voraus soll er sie hierf\u00fcr mit einem falschen F\u00fcnfzig-Euro-Schein bezahlt haben. Die 20-J\u00e4hrige entdeckte die F\u00e4lschung und alarmierte das Sicherheitspersonal. Der 45-j\u00e4hrige Sicherheitsmitarbeiter \u00fcbergab den Tatverd\u00e4chtigen an Polizeibeamte. Der Tatverd\u00e4chtige mit syrischer Staatsangeh\u00f6rigkeit wurde im Laufe des Samstags (11.01.2025) auf Antrag der Staatsanwaltschaft Stuttgart einem Haftrichter vorgef\u00fchrt, der den Haftbefehl erlie\u00df und den 25-J\u00e4hrigen in eine Justizvollzugsanstalt einwies.<\/p>\n<p style=\"text-align: justify;\"><strong>Stuttgart-Feuerbach: Nach Verfolgungsfahrt: Unbekanntes Fahrzeug weiterhin fl\u00fcchtig &#8211; Zeugen gesucht<br \/>\n<\/strong>Die Polizei sucht Zeugen und m\u00f6gliche Gesch\u00e4digte zu einem Vorfall in der Nacht zum Dienstag (14.01.2025). Polizeibeamte beobachteten gegen 01.00 Uhr einen silbernen BMW, der in der Heilbronner Stra\u00dfe in Richtung Zuffenhausen unterwegs war und offenbar mit deutlich \u00fcberh\u00f6hter Geschwindigkeit andere Fahrzeuge \u00fcberholte. Auf H\u00f6he der Krailshaldenstra\u00dfe wollten die Beamten den unbekannten Fahrer kontrollieren, der jedoch anstatt anzuhalten beschleunigte und auf die Bundesstra\u00dfe 10 in Richtung Stammheim fuhr. Anschlie\u00dfend fl\u00fcchtete er auf die Autobahn 81 Richtung Leonberg und dort zun\u00e4chst auf die Zufahrt der Autobahn 8 in Richtung Karlsruhe, bevor er dann aber pl\u00f6tzlich nach links \u00fcber die Sperrfl\u00e4che fuhr und entgegen der Fahrtrichtung auf die A8 Richtung M\u00fcnchen weiter fl\u00fcchtete. Daraufhin brachen die Beamten die Verfolgung ab, zu einem Unfall kam es offenbar nicht. Das Fahrzeug wurde einige Minuten sp\u00e4ter noch einmal am Schattenring gesehen. Auch die Fahndung mit dem Hubschrauber blieb ohne Erfolg. Die am silbernen BMW \u00e4lteren Baujahrs angebrachten Kennzeichen mit Waiblinger Zulassung wurden offenbar manipuliert. Im Fahrzeug sa\u00dfen mutma\u00dflich drei Personen. Zeugen und m\u00f6gliche Gesch\u00e4digte werden gebeten, sich unter der Rufnummer +4971189904100 bei der Verkehrspolizei zu melden.<\/p>\n<p style=\"text-align: justify;\"><strong>Stuttgart-Mitte: Mutma\u00dflich Kokain an 17-J\u00e4hrigen zum Konsum \u00fcberlassen<\/strong><br \/>\nPolizeibeamte haben am Montagabend (13.01.2025) einen 35 Jahre alten Mann festgenommen, der in der Klett-Passage einem 17-J\u00e4hrigen Kokain zum Konsum \u00fcberlassen haben soll. Polizeibeamte beobachteten den 17-J\u00e4hrigen und den 35-J\u00e4hrigen gegen 20.10 Uhr dabei, wie sie offenbar Kokain konsumiert haben sollen und kontrollierten sie. Ersten Ermittlungen zufolge soll der 35-J\u00e4hrige dem 17-J\u00e4hrigen das Bet\u00e4ubungsmittel zum Konsum zur Verf\u00fcgung gestellt haben. Die Beamten fanden noch eine kleine Menge Kokain bei dem 35-J\u00e4hrigen, beschlagnahmten es und nahmen ihn fest. Der 35 Jahre alte wohnsitzlose tunesische Staatsangeh\u00f6rige wird im Laufe des Dienstags (14.01.2025) einem Haftrichter vorgef\u00fchrt.<\/p>\n<p style=\"text-align: justify;\"><strong>Stuttgart-Nord: Unachtsam die Gleise \u00fcberquert &#8211; 72-J\u00e4hriger schwer verletzt<\/strong><br \/>\nBeim \u00dcberqueren der Stadtbahngleise ist am Dienstagmorgen (14.01.2025) ein 72 Jahre alter Mann von einer Stadtbahn erfasst und schwer verletzt worden. Eine Stadtbahn der Linie U7 fuhr gegen 07.20 Uhr von der Haltestelle Pragfriedhof in Richtung Pragsattel los. Unmittelbar nach der Haltestelle \u00fcberquerte der 72-J\u00e4hrige vor der Stadtbahn die Gleise von links nach rechts, wurde von der Bahn erfasst und wenige Meter mitgeschleift. Rettungskr\u00e4fte, darunter ein Notarzt, k\u00fcmmerten sich um den Schwerverletzten und brachten ihn in ein Krankenhaus. Rund 200 Fahrg\u00e4ste verlie\u00dfen die Bahn an der Haltestelle Pragfriedhof. W\u00e4hrend der Unfallaufnahme kam es aufgrund des Berufsverkehrs, auch auf den Ausweichstrecken, zu erheblichen Verkehrsbehinderungen.<\/p>\n<p style=\"text-align: justify;\"><strong>Stuttgart-Ost: Tatverd\u00e4chtiger nach T\u00f6tungsdelikt festgenommen<\/strong><br \/>\nNach dem gewaltsamen Tod einer 25-j\u00e4hrigen Frau (wir berichteten in Woche 2) hat die Sonderkommission Chalet einen Tatverd\u00e4chtigen festgenommen. Umfangreiche Ermittlungen hatten die Polizeibeamten auf die Spur des 34-j\u00e4hrigen bosnisch-herzegowinischen Staatsangeh\u00f6rigen aus dem erweiterten Bekanntenkreis der get\u00f6teten Frau gebracht. Die am Sonntag (12.01.2025) durchgef\u00fchrte Obduktion hatte zuvor ergeben, dass die Frau gewaltsam zu Tode gekommen ist. Polizeibeamte hatten bereits am Samstag unter anderem das Umfeld des Tatorts nach weiteren Spuren abgesucht und Nachbarn zu m\u00f6glichen verd\u00e4chtigen Wahrnehmungen befragt. Der Tatverd\u00e4chtige wurde am 13.01.2025 dem Haftrichter vorgef\u00fchrt, der Haftbefehl erlie\u00df. Die Ermittlungen der Sonderkommission dauern an.<\/p>\n<p style=\"text-align: justify;\"><strong>Stuttgart-Bad Cannstatt: \u00dcber Tausend Euro Falschgeld aufgefunden<\/strong><br \/>\nPolizeibeamte haben am Sonntag (12.01.2025) an der Bahnhofstra\u00dfe einen 18-j\u00e4hrigen Mann vorl\u00e4ufig festgenommen, der \u00fcber Tausend Euro mutma\u00dfliches Falschgeld mit sich gef\u00fchrt hat. Die Beamten fahndeten nach einem Zeugenhinweis nach dem Tatverd\u00e4chtigen und entdeckten den 18-J\u00e4hrigen gegen 12.00 Uhr in einer Bar an der Bahnhofstra\u00dfe wo sie ihn vorl\u00e4ufig festnahmen. Bei der anschlie\u00dfenden Durchsuchung fanden die Beamten 23 mutma\u00dflich gef\u00e4lschte F\u00fcnfzig-Euro-Scheine und beschlagnahmten sie. Der 18-J\u00e4hrige wurde nach Abschluss der polizeilichen Ma\u00dfnahmen wieder auf freien Fu\u00df gesetzt.<\/p>\n<p style=\"text-align: justify;\"><strong>Stuttgart-Mitte: Mutma\u00dflich mit Falschgeld bezahlt<\/strong><br \/>\nPolizeibeamte haben am Sonntag (12.01.2025) einen 21-J\u00e4hrigen vorl\u00e4ufig festgenommen, der in einer Bar am Roteb\u00fchlplatz mit Falschgeld bezahlt haben soll. Der 21-J\u00e4hrige soll gegen 04.45 Uhr in der Bar mit vier gef\u00e4lschten 50-Euro-Scheinen bezahlt haben. Ein 26-j\u00e4hriger Angestellter bemerkte die F\u00e4lschung und verst\u00e4ndigte die Polizei. Die Tatverd\u00e4chtige wurde nach Abschluss der polizeilichen Ma\u00dfnahmen wieder auf freien Fu\u00df gesetzt.<\/p>\n<p style=\"text-align: justify;\"><strong>Stuttgart-Vaihingen: Gegen Leitplanke geschleudert<\/strong><br \/>\nBei einem Verkehrsunfall am Dreieck Johannesgraben ist am Montagmorgen (13.01.2025) ein gesch\u00e4tzter Schaden von rund 20.000 Euro entstanden. Ein 26 Jahre alter Autofahrer war gegen 06.20 Uhr mit seinem Honda auf der Bundesstra\u00dfe 14 vom Johannesgrabentunnel unterwegs in Richtung Innenstadt. Mutma\u00dflich aufgrund nicht angepasster Geschwindigkeit kam sein Honda ins Schleudern, prallte gegen eine Leitplanke auf der rechten Fahrbahnseite und im Anschluss gegen den Peugeot eines 56-J\u00e4hrigen und den Toyota eines 27-J\u00e4hrigen, die beide in gleicher Richtung unterwegs waren. Durch den Unfall zogen sich der Honda Fahrer und der Toyota Fahrer leichte Verletzungen zu. Rettungskr\u00e4fte k\u00fcmmerten sich um die beiden M\u00e4nner und brachten sie vorsorglich in ein Krankenhaus. Bei der Unfallaufnahme stellten die Polizisten fest, dass der 26-J\u00e4hrige offenbar unter Drogeneinfluss steht. Er musste eine Blutprobe abgeben, sein F\u00fchrerschein wurde beschlagnahmt. W\u00e4hrend der Unfallaufnahme und den anschlie\u00dfenden Reinigungsarbeiten kam es zu erheblichen Verkehrsbehinderungen im morgendlichen Berufsverkehr.<\/p>\n<p style=\"text-align: justify;\"><strong>Stuttgart-West: Fahrscheinpr\u00fcfer mutma\u00dflich angegriffen &#8211; Tatverd\u00e4chtigen festgenommen<\/strong><br \/>\nPolizeibeamte haben am Donnerstagmittag (09.01.2025) einen 27 Jahre alten Mann festgenommen, der in der Stadtbahn der Linie U9 einen Fahrkartenpr\u00fcfer angegriffen haben soll. Der 27-j\u00e4hrige Mann war gegen 12.15 Uhr in der U9 in Richtung Vogelsang unterwegs, als ein 53-j\u00e4hriger Kontrolleur auf H\u00f6he der Haltestelle Berliner Platz seine Fahrkarte kontrollieren wollte. Als der 27-J\u00e4hrige diese offenbar nicht vorzeigen konnte, soll er den 57-J\u00e4hrigen gesto\u00dfen und gew\u00fcrgt haben, um zu entkommen. Dem 57-j\u00e4hrigen Fahrscheinpr\u00fcfer gelang es, den Tatverd\u00e4chtigen festzuhalten und kurz darauf der Polizei zu \u00fcbergeben. Der 27-J\u00e4hrige mit pakistanischer Staatsangeh\u00f6rigkeit wurde im Laufe des Freitags (10.01.2025) auf Antrag der Staatsanwaltschaft einem Haftrichter vorgef\u00fchrt, der den Haftbefehl erlie\u00df und den Tatverd\u00e4chtigen in eine Justizvollzugsanstalt einwies.<\/p>\n<p style=\"text-align: justify;\"><strong>Stuttgart-Mitte: Nach gescheitertem Geldbeutel-Raub: Zwei Burger gestohlen<\/strong><br \/>\nPolizeibeamte haben am Sonntagmorgen (12.10.2025) einen 20 Jahre alten Mann vorl\u00e4ufig festgenommen, der am Hauptbahnhof eine T\u00fcte mit zwei Burgern gestohlen haben soll. Zun\u00e4chst soll der Tatverd\u00e4chtige gegen 05.10 Uhr versucht haben, den Geldbeutel eines 19-J\u00e4hrigen zu stehlen und soll ihm hierbei mit einer Schere gedroht haben. Als er erfolglos blieb, soll der 20-J\u00e4hrige eine T\u00fcte mit zwei Burgern von einer gleichaltrigen Frau gestohlen haben, bevor er fl\u00fcchtete. Polizeibeamte nahmen den 20 Jahre alten Tatverd\u00e4chtigen kurze Zeit sp\u00e4ter in der K\u00f6nigstra\u00dfe vorl\u00e4ufig fest und setzten ihn nach Durchf\u00fchrung der polizeilichen Ma\u00dfnahmen wieder auf freien Fu\u00df.<\/p>\n<p style=\"text-align: justify;\"><strong>Stuttgart-Mitte: Mit Messer bedroht und Handy geraubt &#8211; Zeugen gesucht<\/strong><br \/>\nDie Polizei sucht Zeugen zu einem Vorfall in der Lazarettstra\u00dfe, bei dem am Freitagabend (10.01.2025) vier junge M\u00e4nner das Handy eines 29-J\u00e4hrigen geraubt haben sollen. Der 29-J\u00e4hrige hielt sich gegen 22.00 Uhr an den Taxist\u00e4nden auf, als die vier Tatverd\u00e4chtigen auf ihn zukamen und unter Vorhalt eines Messers das Handy des 29-J\u00e4hrigen forderten. Nachdem er das Handy herausgegeben hatte, fl\u00fcchtete das Quartett. Alarmierte Polizeibeamte fahndeten nach den Tatverd\u00e4chtigen und trafen vier junge M\u00e4nner im Alter zwischen 15 und 19 Jahren in der N\u00e4he des Tatortes an. Ob sie mit der Tat in Verbindung stehen, ist Gegenstand der weiteren Ermittlungen. Sie wurden nach Abschluss der polizeilichen Ma\u00dfnahmen wieder auf freien Fu\u00df gesetzt. Zeugen werden gebeten, sich unter der Rufnummer +4971189905778 bei der Kriminalpolizei zu melden.<\/p>\n<hr \/>\n<p style=\"text-align: justify;\">\n","protected":false},"excerpt":{"rendered":"<p>Quelle: ots Stuttgart-M\u00f6hringen: Auffahrunfall mit hohem Sachschaden und zwei Leichtverletzten Zirka 65.000 Euro und zwei Leichtverletzte sind die Bilanz eines Verkehrsunfalls am Freitag (17.01.2024) gegen 18.00 Uhr auf der B27. Ein 65-J\u00e4hriger fuhr auf H\u00f6he Tr\u00e4nke mit seinem Toyota auf der mittleren Spur in stadteinw\u00e4rtiger Richtung auf einen am Ende eines Staus stehenden Mercedes auf, [&hellip;]<\/p>\n","protected":false},"author":4,"featured_media":152245,"comment_status":"closed","ping_status":"open","sticky":false,"template":"","format":"standard","meta":{"inline_featured_image":false,"_exactmetrics_skip_tracking":false,"_exactmetrics_sitenote_active":false,"_exactmetrics_sitenote_note":"","_exactmetrics_sitenote_category":0,"footnotes":""},"categories":[11241],"tags":[14857,68,205,1625,9,275],"class_list":{"0":"post-154979","1":"post","2":"type-post","3":"status-publish","4":"format-standard","5":"has-post-thumbnail","7":"category-region-stuttgart","8":"tag-die-webzeitung","9":"tag-online-zeitung","10":"tag-polizei","11":"tag-report","12":"tag-schaumedia","13":"tag-stuttgart"},"image_feature":"https:\/\/die-webzeitung.de\/stuttgart\/wp-content\/uploads\/sites\/4\/2024\/02\/Polizei-Pix-scaled.jpg","author_name":"Redaktion","pure_taxonomies":{"categories":[{"term_id":11241,"name":"Polizei-Report Stuttgart","slug":"region-stuttgart","term_group":0,"term_taxonomy_id":11279,"taxonomy":"category","description":"Polizeiberichte aus der Region Stuttgart","parent":1619,"count":68,"filter":"raw","image":""}],"tags":[{"term_id":14857,"name":"Die-Webzeitung","slug":"die-webzeitung","term_group":0,"term_taxonomy_id":14876,"taxonomy":"post_tag","description":"","parent":0,"count":3623,"filter":"raw","image":""},{"term_id":68,"name":"Online-Zeitung","slug":"online-zeitung","term_group":0,"term_taxonomy_id":69,"taxonomy":"post_tag","description":"","parent":0,"count":3593,"filter":"raw","image":""},{"term_id":205,"name":"Polizei","slug":"polizei","term_group":0,"term_taxonomy_id":208,"taxonomy":"post_tag","description":"","parent":0,"count":277,"filter":"raw","image":""},{"term_id":1625,"name":"Report","slug":"report","term_group":0,"term_taxonomy_id":1634,"taxonomy":"post_tag","description":"","parent":0,"count":210,"filter":"raw","image":""},{"term_id":9,"name":"SchauMedia","slug":"schaumedia","term_group":0,"term_taxonomy_id":9,"taxonomy":"post_tag","description":"","parent":0,"count":1607,"filter":"raw","image":""},{"term_id":275,"name":"Stuttgart","slug":"stuttgart","term_group":0,"term_taxonomy_id":281,"taxonomy":"post_tag","description":"","parent":0,"count":1194,"filter":"raw","image":""}]},"_links":{"self":[{"href":"https:\/\/die-webzeitung.de\/stuttgart\/wp-json\/wp\/v2\/posts\/154979","targetHints":{"allow":["GET"]}}],"collection":[{"href":"https:\/\/die-webzeitung.de\/stuttgart\/wp-json\/wp\/v2\/posts"}],"about":[{"href":"https:\/\/die-webzeitung.de\/stuttgart\/wp-json\/wp\/v2\/types\/post"}],"author":[{"embeddable":true,"href":"https:\/\/die-webzeitung.de\/stuttgart\/wp-json\/wp\/v2\/users\/4"}],"replies":[{"embeddable":true,"href":"https:\/\/die-webzeitung.de\/stuttgart\/wp-json\/wp\/v2\/comments?post=154979"}],"version-history":[{"count":8,"href":"https:\/\/die-webzeitung.de\/stuttgart\/wp-json\/wp\/v2\/posts\/154979\/revisions"}],"predecessor-version":[{"id":155015,"href":"https:\/\/die-webzeitung.de\/stuttgart\/wp-json\/wp\/v2\/posts\/154979\/revisions\/155015"}],"wp:featuredmedia":[{"embeddable":true,"href":"https:\/\/die-webzeitung.de\/stuttgart\/wp-json\/wp\/v2\/media\/152245"}],"wp:attachment":[{"href":"https:\/\/die-webzeitung.de\/stuttgart\/wp-json\/wp\/v2\/media?parent=154979"}],"wp:term":[{"taxonomy":"category","embeddable":true,"href":"https:\/\/die-webzeitung.de\/stuttgart\/wp-json\/wp\/v2\/categories?post=154979"},{"taxonomy":"post_tag","embeddable":true,"href":"https:\/\/die-webzeitung.de\/stuttgart\/wp-json\/wp\/v2\/tags?post=154979"}],"curies":[{"name":"wp","href":"https:\/\/api.w.org\/{rel}","templated":true}]}}