{"id":154824,"date":"2024-12-18T19:01:07","date_gmt":"2024-12-18T18:01:07","guid":{"rendered":"https:\/\/die-webzeitung.de\/stuttgart\/?p=154824"},"modified":"2024-12-18T19:01:07","modified_gmt":"2024-12-18T18:01:07","slug":"landkreis-und-stadt-boeblingen-unterzeichnen-kaufvertrag-zum-krankenhaus-areal","status":"publish","type":"post","link":"https:\/\/die-webzeitung.de\/stuttgart\/2024\/12\/18\/landkreis-und-stadt-boeblingen-unterzeichnen-kaufvertrag-zum-krankenhaus-areal\/","title":{"rendered":"Landkreis und Stadt B\u00f6blingen unterzeichnen Kaufvertrag zum Krankenhaus-Areal"},"content":{"rendered":"<h3 style=\"text-align: justify;\"><strong>\u201eEin Kompromiss, mit dem beide Seiten leben k\u00f6nnen.\u201c<\/strong><\/h3>\n<p style=\"text-align: justify;\">Am Mittwoch, 18.12.2024, haben Landrat Roland Bernhard und Oberb\u00fcrgermeister Dr. Stefan Belz ihre Unterschriften unter den Vertrag zum Kauf des Krankenhaus-Areals auf der Waldburg in B\u00f6blingen gesetzt. Damit habe sie die jahrelangen Verhandlungen zu einem erfolgreichen Ende gebracht. Der Kaufpreis bel\u00e4uft sich auf 40 Mio. Euro, wobei die Summe auf vier Jahre verteilt in je gleichen Raten flie\u00dfen wird. Die Streckung der Summe kommt in Anbetracht der schwierigen finanziellen Lage beiden kommunalen Haushalte entgegen. Der Landkreis B\u00f6blingen und die Stadt B\u00f6blingen hatten in ihren Sitzungen Mitte November dem Verkauf bzw. Kauf des Krankenhausareals zugestimmt.<\/p>\n<p style=\"text-align: justify;\">Landrat Bernhard ist erleichtert, dass der Verkauf noch in diesem Jahr geklappt hat: \u201eIm Ergebnis mussten wir beide entgegenkommen, beide Seiten sind nicht begeistert, das zeichnet aber einen guten Kompromiss aus. Dem Landkreis ist wichtig, dass er Eigent\u00fcmer bleibt, solange der Betrieb im Krankenhaus noch stattfindet.\u201c Erst nach Zahlung der letzten Rate und dem Umzug des Krankenhauses in die Flugfeldklinik, die derzeit entsteht, vollzieht sich der Eigent\u00fcmerwechsel.<\/p>\n<p style=\"text-align: justify;\">Auch Oberb\u00fcrgermeister Dr. Belz zeigt sich zufrieden: \u201eDas Grundst\u00fcck des Krankenhaus-Areals ist strategisch wichtig f\u00fcr die weitere Stadtentwicklung B\u00f6blingens in den n\u00e4chsten zehn bis zwanzig Jahren. Mit dem Erwerb liegen Eigentum und Planungshoheit in der Hand der Stadt. Es ist gut, dass wir noch rund vier Jahre Zeit bis zum endg\u00fcltigen Eigentums\u00fcbergang haben, so k\u00f6nnen wir die Entwicklung des Areals hin zu einem Technologie- und Innovationscampus gut vorbereiten.\u201c<\/p>\n<p style=\"text-align: justify;\">Das Land Baden-W\u00fcrttemberg hatte ebenfalls Interesse an dem Areal angemeldet. Das Land wollte auf der Fl\u00e4che eine Landeserstaufnahme-Einrichtung (LEA) bauen. Die Verhandlungen rund um den Verkauf des Klinik-Areals hatten sich insgesamt \u00fcber fast drei Jahre hingezogen.<\/p>\n<p style=\"text-align: justify;\">Im Rahmen der Beratungen zum Haushalt 2023 hatte der Kreistag den Beschluss gefasst, den Verkauf zum bestm\u00f6glichen Preis bis zum Ende des Jahres 2024 zu t\u00e4tigen. Die Umsetzung dieses Beschlusses ist mit dem heutigen Notartermin fair und fristgerecht unter Dach und Fach.<\/p>\n<hr \/>\n<p style=\"text-align: justify;\">\n","protected":false},"excerpt":{"rendered":"<p>\u201eEin Kompromiss, mit dem beide Seiten leben k\u00f6nnen.\u201c Am Mittwoch, 18.12.2024, haben Landrat Roland Bernhard und Oberb\u00fcrgermeister Dr. Stefan Belz ihre Unterschriften unter den Vertrag zum Kauf des Krankenhaus-Areals auf der Waldburg in B\u00f6blingen gesetzt. Damit habe sie die jahrelangen Verhandlungen zu einem erfolgreichen Ende gebracht. Der Kaufpreis bel\u00e4uft sich auf 40 Mio. Euro, wobei [&hellip;]<\/p>\n","protected":false},"author":4,"featured_media":154825,"comment_status":"closed","ping_status":"open","sticky":false,"template":"","format":"standard","meta":{"inline_featured_image":false,"_exactmetrics_skip_tracking":false,"_exactmetrics_sitenote_active":false,"_exactmetrics_sitenote_note":"","_exactmetrics_sitenote_category":0,"footnotes":""},"categories":[2246],"tags":[3061,14857,17959,68,9],"class_list":{"0":"post-154824","1":"post","2":"type-post","3":"status-publish","4":"format-standard","5":"has-post-thumbnail","7":"category-kreis-boeblingen","8":"tag-boblingen","9":"tag-die-webzeitung","10":"tag-krankenhaus-areal","11":"tag-online-zeitung","12":"tag-schaumedia"},"image_feature":"https:\/\/die-webzeitung.de\/stuttgart\/wp-content\/uploads\/sites\/4\/2024\/12\/DSC_1490-scaled.jpg","author_name":"Redaktion","pure_taxonomies":{"categories":[{"term_id":2246,"name":"Kreis B\u00f6blingen","slug":"kreis-boeblingen","term_group":0,"term_taxonomy_id":2259,"taxonomy":"category","description":"","parent":171,"count":197,"filter":"raw","image":""}],"tags":[{"term_id":3061,"name":"B\u00f6blingen","slug":"boblingen","term_group":0,"term_taxonomy_id":3075,"taxonomy":"post_tag","description":"","parent":0,"count":260,"filter":"raw","image":""},{"term_id":14857,"name":"Die-Webzeitung","slug":"die-webzeitung","term_group":0,"term_taxonomy_id":14876,"taxonomy":"post_tag","description":"","parent":0,"count":3628,"filter":"raw","image":""},{"term_id":17959,"name":"Krankenhaus-Areal","slug":"krankenhaus-areal","term_group":0,"term_taxonomy_id":17978,"taxonomy":"post_tag","description":"","parent":0,"count":1,"filter":"raw","image":""},{"term_id":68,"name":"Online-Zeitung","slug":"online-zeitung","term_group":0,"term_taxonomy_id":69,"taxonomy":"post_tag","description":"","parent":0,"count":3598,"filter":"raw","image":""},{"term_id":9,"name":"SchauMedia","slug":"schaumedia","term_group":0,"term_taxonomy_id":9,"taxonomy":"post_tag","description":"","parent":0,"count":1607,"filter":"raw","image":""}]},"_links":{"self":[{"href":"https:\/\/die-webzeitung.de\/stuttgart\/wp-json\/wp\/v2\/posts\/154824","targetHints":{"allow":["GET"]}}],"collection":[{"href":"https:\/\/die-webzeitung.de\/stuttgart\/wp-json\/wp\/v2\/posts"}],"about":[{"href":"https:\/\/die-webzeitung.de\/stuttgart\/wp-json\/wp\/v2\/types\/post"}],"author":[{"embeddable":true,"href":"https:\/\/die-webzeitung.de\/stuttgart\/wp-json\/wp\/v2\/users\/4"}],"replies":[{"embeddable":true,"href":"https:\/\/die-webzeitung.de\/stuttgart\/wp-json\/wp\/v2\/comments?post=154824"}],"version-history":[{"count":1,"href":"https:\/\/die-webzeitung.de\/stuttgart\/wp-json\/wp\/v2\/posts\/154824\/revisions"}],"predecessor-version":[{"id":154826,"href":"https:\/\/die-webzeitung.de\/stuttgart\/wp-json\/wp\/v2\/posts\/154824\/revisions\/154826"}],"wp:featuredmedia":[{"embeddable":true,"href":"https:\/\/die-webzeitung.de\/stuttgart\/wp-json\/wp\/v2\/media\/154825"}],"wp:attachment":[{"href":"https:\/\/die-webzeitung.de\/stuttgart\/wp-json\/wp\/v2\/media?parent=154824"}],"wp:term":[{"taxonomy":"category","embeddable":true,"href":"https:\/\/die-webzeitung.de\/stuttgart\/wp-json\/wp\/v2\/categories?post=154824"},{"taxonomy":"post_tag","embeddable":true,"href":"https:\/\/die-webzeitung.de\/stuttgart\/wp-json\/wp\/v2\/tags?post=154824"}],"curies":[{"name":"wp","href":"https:\/\/api.w.org\/{rel}","templated":true}]}}