{"id":154506,"date":"2024-11-05T14:38:26","date_gmt":"2024-11-05T13:38:26","guid":{"rendered":"https:\/\/die-webzeitung.de\/stuttgart\/?p=154506"},"modified":"2024-11-05T14:38:26","modified_gmt":"2024-11-05T13:38:26","slug":"auf-zum-stadtforum","status":"publish","type":"post","link":"https:\/\/die-webzeitung.de\/stuttgart\/2024\/11\/05\/auf-zum-stadtforum\/","title":{"rendered":"Auf zum Stadtforum!"},"content":{"rendered":"<p style=\"text-align: justify;\"><strong>In den kommenden Tagen finden im Rahmen des Stadtforums \u201eKlimawandel in B\u00f6blingen\u201c wieder spannende Veranstaltungen f\u00fcr Jung und Alt statt.<\/strong><\/p>\n<ul style=\"text-align: justify;\">\n<li><strong>Mittwoch, 13. November, 15.30 Uhr: <\/strong><strong>Werksbesichtigung Restm\u00fcllheizkraftwerk B\u00f6blingen<\/strong><\/li>\n<\/ul>\n<p style=\"text-align: justify;\">Am Mittwoch, 13. November 2024, zwischen 15.30 und 18.00 Uhr (Treffpunkt: Restm\u00fcllheizkraftwerk B\u00f6blingen, Musberger Str\u00e4\u00dfle 11) bietet eine kostenlose Werksf\u00fchrung spannende Einblicke hinter die Kulissen des B\u00f6blinger Heizkraftwerks. Hier wird der Restm\u00fcll thermisch verwertet und die enthaltenen Schadstoffe der Umwelt dauerhaft entzogen. Die entstehende Energie wird dann in Strom und Fernw\u00e4rme umgesetzt. Die Teilnehmer*innenzahl ist begrenzt. Anmeldung per E-Mail an <a href=\"mailto:fuehrung@zvrbb.de\" target=\"_blank\" rel=\"noopener\">fuehrung@zvrbb.de<\/a> erforderlich. Weitere Informationen auf <a href=\"http:\/\/www.zvrbb.de\/fuhrungen\" target=\"_blank\" rel=\"noopener\" data-saferedirecturl=\"https:\/\/www.google.com\/url?q=http:\/\/www.zvrbb.de\/fuhrungen&amp;source=gmail&amp;ust=1730900057810000&amp;usg=AOvVaw1--fnYPguXTib8QBq51tyL\">www.zvrbb.de\/fuhrungen<\/a>.<\/p>\n<ul style=\"text-align: justify;\">\n<li><strong>Mittwoch, 13. November, 19.00 Uhr: <\/strong><strong>Holy Shit \u2013 Mit Sch#!$e die Welt retten<\/strong><\/li>\n<\/ul>\n<p style=\"text-align: justify;\">Im Filmzentrum B\u00e4ren (Poststra\u00dfe 36) begibt sich am 13. November 2024 um 19.00 Uhr der Dokumentarfilmer und Regisseur Rub\u00e9n Abru\u00f1a auf die investigative und unterhaltsame Suche durch 16 St\u00e4dte auf vier Kontinenten nach Antworten auf die Fragen: Was geschieht mit der Nahrung, die wir verdauen, nachdem sie unseren K\u00f6rper verlassen hat? Ist es Abfall, der weggeworfen wird oder eine Ressource, die wiederverwendet werden kann? Am Rande der Filmvorf\u00fchrung informiert Silke Musleh vom Zweckverband Restm\u00fcllheizkraftwerk \u00fcber die Zukunftsvision Kl\u00e4rschlammverwertung. Der Eintritt ist frei. Die Filmreihe wird pr\u00e4sentiert von der Kreissparkasse B\u00f6blingen. Kunden der Kreissparkasse B\u00f6blingen erhalten bei Vorlage ihrer SparkassenCard eine Portion Willkommens-Popcorn gratis.<\/p>\n<ul style=\"text-align: justify;\">\n<li><strong>Samstag, 16. November, 12.30 Uhr: <\/strong><strong>Klima-Puzzle<\/strong><\/li>\n<\/ul>\n<p style=\"text-align: justify;\">Der Klimawandel ist eine komplexe Herausforderung, die uns alle betrifft. Aber wer hat schon die Zeit, sich detailliert in die wissenschaftlichen Grundlagen einzuarbeiten? Das Klima-Puzzle schafft Abhilfe! Am Samstag, 16. November zwischen 12.30 und 16.00 Uhr k\u00f6nnen Interessierte im Treff am See, Poststra\u00dfe 38, ein fundiertes Verst\u00e4ndnis f\u00fcr die Herausforderungen des Klimawandels entwickeln und gemeinsam konstruktive Ma\u00dfnahmen zur Bek\u00e4mpfung des Klimawandels erarbeiten. Die Teilnahme ist offen f\u00fcr Menschen mit und ohne Vorkenntnisse. Das Klima-Puzzle wird moderiert von der B\u00f6blinger Klimapatin Martina Mazaheri.<\/p>\n<p style=\"text-align: justify;\">Weitere Informationen unter <a href=\"http:\/\/www.climatefresk.org\" target=\"_blank\" rel=\"noopener\" data-saferedirecturl=\"https:\/\/www.google.com\/url?q=http:\/\/www.climatefresk.org&amp;source=gmail&amp;ust=1730900057811000&amp;usg=AOvVaw0uDepFOlUNrzhRfalVznJ6\">www.climatefresk.org<\/a>. Zur Anmeldung geht es hier: <a href=\"https:\/\/shorturl.at\/G3zoy\" target=\"_blank\" rel=\"noopener\" data-saferedirecturl=\"https:\/\/www.google.com\/url?q=https:\/\/shorturl.at\/G3zoy&amp;source=gmail&amp;ust=1730900057811000&amp;usg=AOvVaw1phs1WOjvmaTT9vZU8OP5y\">https:\/\/shorturl.at\/G3zoy<\/a><\/p>\n<p style=\"text-align: justify;\"><strong>\u00d6ffnungszeiten der dreiteiligen Mitmachausstellung \u201eDer Preis ist hei\u00df \u2013 Klimawandel in B\u00f6blingen\u201c:<\/strong><\/p>\n<p style=\"text-align: justify;\"><strong>Standort Zehntscheuer: Unsere Nahrungsmittel<\/strong><br \/>\nPfarrgasse 2<br \/>\nMittwoch bis Freitag: 15.00 bis 18.00 Uhr<br \/>\nSamstag: 13.00 bis 18.00 Uhr<br \/>\nSonn- und Feiertag: 11.00 bis 17.00 Uhr<\/p>\n<p style=\"text-align: justify;\"><strong>Standort Untere Gasse: Unser Klimawandel<\/strong><br \/>\nUntere Gasse 9<br \/>\nMittwoch bis Freitag: 15.00 bis 18.00 Uhr<br \/>\nSamstag: 13.00 bis 18.00 Uhr<br \/>\nSonn- und Feiertag: 11.00 bis 17.00 Uhr<\/p>\n<p style=\"text-align: justify;\"><strong>Standort Neues Rathaus, Foyer: Unsere Transportmittel, Was von uns \u00fcbrig bleibt<\/strong><br \/>\nMarktplatz 16<br \/>\nMontag: 8.00 bis 12.30 Uhr und 13.00 bis 16.00 Uhr<br \/>\nDienstag und Donnerstag: 8.00 bis 12.30 Uhr und 13.00 bis 18.00 Uhr<br \/>\nMittwoch und Freitag: 8.00 bis 12.00 Uhr<\/p>\n<hr \/>\n<p style=\"text-align: justify;\">\n","protected":false},"excerpt":{"rendered":"<p>In den kommenden Tagen finden im Rahmen des Stadtforums \u201eKlimawandel in B\u00f6blingen\u201c wieder spannende Veranstaltungen f\u00fcr Jung und Alt statt. Mittwoch, 13. November, 15.30 Uhr: Werksbesichtigung Restm\u00fcllheizkraftwerk B\u00f6blingen Am Mittwoch, 13. November 2024, zwischen 15.30 und 18.00 Uhr (Treffpunkt: Restm\u00fcllheizkraftwerk B\u00f6blingen, Musberger Str\u00e4\u00dfle 11) bietet eine kostenlose Werksf\u00fchrung spannende Einblicke hinter die Kulissen des B\u00f6blinger [&hellip;]<\/p>\n","protected":false},"author":4,"featured_media":0,"comment_status":"closed","ping_status":"open","sticky":false,"template":"","format":"standard","meta":{"inline_featured_image":false,"_exactmetrics_skip_tracking":false,"_exactmetrics_sitenote_active":false,"_exactmetrics_sitenote_note":"","_exactmetrics_sitenote_category":0,"footnotes":""},"categories":[2242],"tags":[3061,14857,16388,68,17943],"class_list":{"0":"post-154506","1":"post","2":"type-post","3":"status-publish","4":"format-standard","6":"category-boeblingen","7":"tag-boblingen","8":"tag-die-webzeitung","9":"tag-klimawandel","10":"tag-online-zeitung","11":"tag-stadtforum"},"image_feature":null,"author_name":"Redaktion","pure_taxonomies":{"categories":[{"term_id":2242,"name":"B\u00f6blingen","slug":"boeblingen","term_group":0,"term_taxonomy_id":2255,"taxonomy":"category","description":"News und Informationen aus B\u00f6blingen und Sindelfingen","parent":1433,"count":22,"filter":"raw","image":""}],"tags":[{"term_id":3061,"name":"B\u00f6blingen","slug":"boblingen","term_group":0,"term_taxonomy_id":3075,"taxonomy":"post_tag","description":"","parent":0,"count":260,"filter":"raw","image":""},{"term_id":14857,"name":"Die-Webzeitung","slug":"die-webzeitung","term_group":0,"term_taxonomy_id":14876,"taxonomy":"post_tag","description":"","parent":0,"count":3625,"filter":"raw","image":""},{"term_id":16388,"name":"Klimawandel","slug":"klimawandel","term_group":0,"term_taxonomy_id":16407,"taxonomy":"post_tag","description":"","parent":0,"count":3,"filter":"raw","image":""},{"term_id":68,"name":"Online-Zeitung","slug":"online-zeitung","term_group":0,"term_taxonomy_id":69,"taxonomy":"post_tag","description":"","parent":0,"count":3595,"filter":"raw","image":""},{"term_id":17943,"name":"Stadtforum","slug":"stadtforum","term_group":0,"term_taxonomy_id":17962,"taxonomy":"post_tag","description":"","parent":0,"count":1,"filter":"raw","image":""}]},"_links":{"self":[{"href":"https:\/\/die-webzeitung.de\/stuttgart\/wp-json\/wp\/v2\/posts\/154506","targetHints":{"allow":["GET"]}}],"collection":[{"href":"https:\/\/die-webzeitung.de\/stuttgart\/wp-json\/wp\/v2\/posts"}],"about":[{"href":"https:\/\/die-webzeitung.de\/stuttgart\/wp-json\/wp\/v2\/types\/post"}],"author":[{"embeddable":true,"href":"https:\/\/die-webzeitung.de\/stuttgart\/wp-json\/wp\/v2\/users\/4"}],"replies":[{"embeddable":true,"href":"https:\/\/die-webzeitung.de\/stuttgart\/wp-json\/wp\/v2\/comments?post=154506"}],"version-history":[{"count":1,"href":"https:\/\/die-webzeitung.de\/stuttgart\/wp-json\/wp\/v2\/posts\/154506\/revisions"}],"predecessor-version":[{"id":154507,"href":"https:\/\/die-webzeitung.de\/stuttgart\/wp-json\/wp\/v2\/posts\/154506\/revisions\/154507"}],"wp:attachment":[{"href":"https:\/\/die-webzeitung.de\/stuttgart\/wp-json\/wp\/v2\/media?parent=154506"}],"wp:term":[{"taxonomy":"category","embeddable":true,"href":"https:\/\/die-webzeitung.de\/stuttgart\/wp-json\/wp\/v2\/categories?post=154506"},{"taxonomy":"post_tag","embeddable":true,"href":"https:\/\/die-webzeitung.de\/stuttgart\/wp-json\/wp\/v2\/tags?post=154506"}],"curies":[{"name":"wp","href":"https:\/\/api.w.org\/{rel}","templated":true}]}}