{"id":153716,"date":"2024-08-04T10:46:11","date_gmt":"2024-08-04T09:46:11","guid":{"rendered":"https:\/\/die-webzeitung.de\/stuttgart\/2024\/08\/04\/verkehrsunfallbilanz-erstes-halbjahr-2024\/"},"modified":"2024-08-04T10:46:11","modified_gmt":"2024-08-04T09:46:11","slug":"verkehrsunfallbilanz-erstes-halbjahr-2024","status":"publish","type":"post","link":"https:\/\/die-webzeitung.de\/stuttgart\/2024\/08\/04\/verkehrsunfallbilanz-erstes-halbjahr-2024\/","title":{"rendered":"Verkehrsunfallbilanz erstes Halbjahr 2024"},"content":{"rendered":"<p style=\"text-align: justify;\"><strong>Weniger Get\u00f6tete und Schwerverletzte im Stra\u00dfenverkehr. Das zeigt die Verkehrsunfallbilanz im ersten Halbjahr 2024.<\/strong><\/p>\n<p style=\"text-align: justify;\">\u201eIm ersten Halbjahr 2024 verungl\u00fcckten weniger Menschen auf den Stra\u00dfen Baden-W\u00fcrttembergs als im ersten Halbjahr 2023. Es gab weniger Verkehrstote und Leichtverletzte, die Anzahl der Schwerverletzten ist auf einem historischen Tiefstand. Das zeigt: Wir bleiben auf Kurs! Wir haben unser Ziel \u2013 die Vision Zero, keine Verkehrstoten mehr \u2013 weiterhin fest im Blick\u201c, sagte der Stv. Ministerpr\u00e4sident und Innenminister Thomas Strobl anl\u00e4sslich der Ver\u00f6ffentlichung der Halbjahresstatistik am 2. August 2024.<\/p>\n<p style=\"text-align: justify;\">Im Vergleich zum ersten Halbjahr 2023 ist die Zahl der Verkehrsunf\u00e4lle in Baden-W\u00fcrttemberg von 149.860 auf 151.537 leicht gestiegen (+ 1,1 Prozent). Hierbei wurden insgesamt 16.715 Personen leicht (- 0,8 Prozent) und 2.805 Personen schwer (- 3,8 Prozent) verletzt. 160 Menschen (- 3,0 Prozent) verungl\u00fcckten t\u00f6dlich.<\/p>\n<p style=\"text-align: justify;\"><strong>Ein Blick auf ausgew\u00e4hlte Verkehrsmittel<\/strong><\/p>\n<p style=\"text-align: justify;\">Im Bereich des Zweiradverkehrs ist die Zwischenbilanz \u00fcberwiegend positiv: So sind R\u00fcckg\u00e4nge bei den get\u00f6teten Fahrrad- und Motorradfahrerinnen und Motorradfahrern sowie bei den schwerverletzten Fahrradfahrerinnen und Fahrradfahrern zu verzeichnen. Die Anzahl der schwerverletzten Motorradfahrerinnen und Motorradfahrer ist dagegen gestiegen. \u201eDer deutliche R\u00fcckgang der get\u00f6teten Bikerinnen und Biker um rund ein Drittel sowie der get\u00f6teten Fahrradfahrerinnen und Fahrradfahrer um rund f\u00fcnf Prozent zeigen: Unsere Anstrengungen zahlen sich aus. Unsere Fachkonzepte und unser 5-Punkte-Plan Motorrad leisten einen wesentlichen Beitrag f\u00fcr mehr Verkehrssicherheit im Zweiradverkehr\u201c, so Innenminister Thomas Strobl.<\/p>\n<p style=\"text-align: justify;\">Im Mai 2024 f\u00fchrte die Polizei Baden-W\u00fcrttemberg einen Aktionsmonat zur Bek\u00e4mpfung von Motorradunf\u00e4llen und Motorradl\u00e4rm durch. Mehr als 1.200 Polizeibeamtinnen und Polizeibeamte kontrollierten bei mehr als 350 Kontrollaktionen rund 4.500 Bikerinnen und Biker. Dabei wurden 434 Geschwindigkeitsverst\u00f6\u00dfe und 546 technische Manipulationen bzw. M\u00e4ngel festgestellt. Weiter f\u00fchrte die Polizei 55 Pr\u00e4ventionsma\u00dfnahmen durch. \u201eDie Sicherheit der Bikerinnen und Biker ist uns eine sehr wichtige Sache. Deshalb kontrollieren wir nicht nur, sondern kommen ins Gespr\u00e4ch und informieren und sensibilisieren ganz gezielt f\u00fcr die Gefahren, die das Motorradfahren mit sich bringen kann\u201c, erl\u00e4uterte Innenminister Thomas Strobl.<\/p>\n<p style=\"text-align: justify;\"><strong>Unfallursache Nr. 1: \u00dcberh\u00f6hte Geschwindigkeit<\/strong><\/p>\n<p style=\"text-align: justify;\">Auch im ersten Halbjahr 2024 war die Unfallursache Nr. 1 f\u00fcr t\u00f6dliche Verkehrsunf\u00e4lle \u00fcberh\u00f6hte oder nicht angepasste Geschwindigkeit. \u201eWir richten unsere Verkehrs\u00fcberwachungsma\u00dfnahmen gezielt auf die Hauptunfallursachen f\u00fcr schwere Verkehrsunf\u00e4lle aus. 58 Menschen starben in den ersten sechs Monaten, weil jemand zu schnell unterwegs war. Zur Bek\u00e4mpfung von Geschwindigkeitsverst\u00f6\u00dfen setzen wir auf einen Technikmix aus mobilen, station\u00e4ren und semistation\u00e4ren Messger\u00e4ten. Damit halten wir den Kontrolldruck hoch \u2013 nicht um Kasse zu machen, sondern um Leben zu retten\u201c, betonte Innenminister Thomas Strobl.<\/p>\n<p style=\"text-align: justify;\">Bei den E-Scootern, den sogenannten Elektrokleinstfahrzeugen, stellt die Polizei weiterhin steigende Unfallzahlen fest. Mit 583 Verkehrsunf\u00e4llen hat sie deutlich mehr als im ersten Halbjahr 2023 registriert (+ 29,0 Prozent). Zudem gab es 36 Prozent mehr Verungl\u00fcckte, darunter auch zwei get\u00f6tete Fahrerinnen und Fahrer von Elektrokleinstfahrzeugen. \u201eNat\u00fcrlich haben wir auch die E-Scooter im Blick. Und das ist wichtig, denn die Verungl\u00fcckten mit E-Scootern werden leider immer mehr\u201c, schloss Innenminister Thomas Strobl.<\/p>\n<hr \/>\n<p style=\"text-align: justify;\">\n","protected":false},"excerpt":{"rendered":"<p>Weniger Get\u00f6tete und Schwerverletzte im Stra\u00dfenverkehr. Das zeigt die Verkehrsunfallbilanz im ersten Halbjahr 2024. \u201eIm ersten Halbjahr 2024 verungl\u00fcckten weniger Menschen auf den Stra\u00dfen Baden-W\u00fcrttembergs als im ersten Halbjahr 2023. Es gab weniger Verkehrstote und Leichtverletzte, die Anzahl der Schwerverletzten ist auf einem historischen Tiefstand. Das zeigt: Wir bleiben auf Kurs! Wir haben unser Ziel [&hellip;]<\/p>\n","protected":false},"author":4,"featured_media":153717,"comment_status":"closed","ping_status":"open","sticky":false,"template":"","format":"standard","meta":{"inline_featured_image":false,"_exactmetrics_skip_tracking":false,"_exactmetrics_sitenote_active":false,"_exactmetrics_sitenote_note":"","_exactmetrics_sitenote_category":0,"footnotes":""},"categories":[59],"tags":[854,313,14857,6,68,275,944,584],"class_list":{"0":"post-153716","1":"post","2":"type-post","3":"status-publish","4":"format-standard","5":"has-post-thumbnail","7":"category-aktuell","8":"tag-autofahrer","9":"tag-bilanz","10":"tag-die-webzeitung","11":"tag-ludwigsburg","12":"tag-online-zeitung","13":"tag-stuttgart","14":"tag-unfall","15":"tag-verkehr"},"image_feature":"https:\/\/die-webzeitung.de\/stuttgart\/wp-content\/uploads\/sites\/4\/2024\/08\/fire-fighters-8734971_1280-scaled.jpg","author_name":"Redaktion","pure_taxonomies":{"categories":[{"term_id":59,"name":"Aktuell","slug":"aktuell","term_group":0,"term_taxonomy_id":60,"taxonomy":"category","description":"","parent":0,"count":1017,"filter":"raw","image":""}],"tags":[{"term_id":854,"name":"Autofahrer","slug":"autofahrer","term_group":0,"term_taxonomy_id":863,"taxonomy":"post_tag","description":"","parent":0,"count":1,"filter":"raw","image":""},{"term_id":313,"name":"Bilanz","slug":"bilanz","term_group":0,"term_taxonomy_id":319,"taxonomy":"post_tag","description":"","parent":0,"count":4,"filter":"raw","image":""},{"term_id":14857,"name":"Die-Webzeitung","slug":"die-webzeitung","term_group":0,"term_taxonomy_id":14876,"taxonomy":"post_tag","description":"","parent":0,"count":3616,"filter":"raw","image":""},{"term_id":6,"name":"Ludwigsburg","slug":"ludwigsburg","term_group":0,"term_taxonomy_id":6,"taxonomy":"post_tag","description":"","parent":0,"count":180,"filter":"raw","image":""},{"term_id":68,"name":"Online-Zeitung","slug":"online-zeitung","term_group":0,"term_taxonomy_id":69,"taxonomy":"post_tag","description":"","parent":0,"count":3586,"filter":"raw","image":""},{"term_id":275,"name":"Stuttgart","slug":"stuttgart","term_group":0,"term_taxonomy_id":281,"taxonomy":"post_tag","description":"","parent":0,"count":1193,"filter":"raw","image":""},{"term_id":944,"name":"Unfall","slug":"unfall","term_group":0,"term_taxonomy_id":953,"taxonomy":"post_tag","description":"","parent":0,"count":10,"filter":"raw","image":""},{"term_id":584,"name":"Verkehr","slug":"verkehr","term_group":0,"term_taxonomy_id":592,"taxonomy":"post_tag","description":"","parent":0,"count":6,"filter":"raw","image":""}]},"_links":{"self":[{"href":"https:\/\/die-webzeitung.de\/stuttgart\/wp-json\/wp\/v2\/posts\/153716","targetHints":{"allow":["GET"]}}],"collection":[{"href":"https:\/\/die-webzeitung.de\/stuttgart\/wp-json\/wp\/v2\/posts"}],"about":[{"href":"https:\/\/die-webzeitung.de\/stuttgart\/wp-json\/wp\/v2\/types\/post"}],"author":[{"embeddable":true,"href":"https:\/\/die-webzeitung.de\/stuttgart\/wp-json\/wp\/v2\/users\/4"}],"replies":[{"embeddable":true,"href":"https:\/\/die-webzeitung.de\/stuttgart\/wp-json\/wp\/v2\/comments?post=153716"}],"version-history":[{"count":0,"href":"https:\/\/die-webzeitung.de\/stuttgart\/wp-json\/wp\/v2\/posts\/153716\/revisions"}],"wp:featuredmedia":[{"embeddable":true,"href":"https:\/\/die-webzeitung.de\/stuttgart\/wp-json\/wp\/v2\/media\/153717"}],"wp:attachment":[{"href":"https:\/\/die-webzeitung.de\/stuttgart\/wp-json\/wp\/v2\/media?parent=153716"}],"wp:term":[{"taxonomy":"category","embeddable":true,"href":"https:\/\/die-webzeitung.de\/stuttgart\/wp-json\/wp\/v2\/categories?post=153716"},{"taxonomy":"post_tag","embeddable":true,"href":"https:\/\/die-webzeitung.de\/stuttgart\/wp-json\/wp\/v2\/tags?post=153716"}],"curies":[{"name":"wp","href":"https:\/\/api.w.org\/{rel}","templated":true}]}}