{"id":153633,"date":"2024-07-24T16:41:35","date_gmt":"2024-07-24T15:41:35","guid":{"rendered":"https:\/\/die-webzeitung.de\/stuttgart\/?p=153633"},"modified":"2024-07-24T16:41:35","modified_gmt":"2024-07-24T15:41:35","slug":"an-und-ummeldung-des-wohnsitzes-neu-auch-digital-moeglich","status":"publish","type":"post","link":"https:\/\/die-webzeitung.de\/stuttgart\/2024\/07\/24\/an-und-ummeldung-des-wohnsitzes-neu-auch-digital-moeglich\/","title":{"rendered":"An- und Ummeldung des Wohnsitzes neu auch digital m\u00f6glich"},"content":{"rendered":"<p style=\"text-align: justify;\"><strong>Die Stadtverwaltung B\u00f6blingen bietet den B\u00fcrger*innen neben der pers\u00f6nlichen neu auch die digitale An- und Ummeldung des Wohnsitzes an.<\/strong><\/p>\n<p style=\"text-align: justify;\">B\u00f6blingen.| Damit sind Beh\u00f6rdeng\u00e4nge zum Einwohnermeldeamt nicht mehr zwingend notwendig. Der gesamte An- und Ummelde-Prozess, der bei einem Umzug entsteht, l\u00e4sst sich \u00fcber den Online-Dienst vollst\u00e4ndig abbilden. \u00c4nderungen der Adressdaten im Melderegister bis hin zur Aktualisierung der Adressdaten des Personalausweises und Reisepasses sind digital rund um die Uhr m\u00f6glich.<\/p>\n<p style=\"text-align: justify;\">Die elektronische Wohnsitz-Anmeldung hat die freie Hansestadt Hamburg als Teilprojekt der Umsetzung des Onlinezugangsgesetzes nach dem \u201eEiner-f\u00fcr-Alle-Prinzip\u201c (EfA) entwickelt. Auf dem EfA-Prinzip basiert ein bundesweites Kooperationsmodell, das die Zust\u00e4ndigkeiten f\u00fcr hunderte von Online-Diensten regelt. Jedes Land verantwortet dabei einen bestimmten Bereich und stellt seine Services den anderen Bundesl\u00e4ndern zur Verf\u00fcgung. Nach der erfolgreichen Pilotphase kann auch die Stadt B\u00f6blingen, neben mehr als 75 St\u00e4dten und Gemeinden in Baden-W\u00fcrttemberg, von diesem Prozess profitieren.<\/p>\n<p style=\"text-align: justify;\">Der Service steht der B\u00fcrgerschaft kostenlos zur Verf\u00fcgung und ben\u00f6tigt nur wenige Schritte:<\/p>\n<ol style=\"text-align: justify;\">\n<li>\u00dcber das Nutzerkonto mit Online-Ausweis (z.B. Bund-ID) anmelden \u2013 hierzu wird ein g\u00fcltiger Personalausweis mit freigeschalteter Onlinefunktion oder eine eID-Karte ben\u00f6tigt sowie die Ausweis-App mit einem NFC-f\u00e4higem Smartphone oder ein USB-Kartenleseger\u00e4t.<\/li>\n<li>Bei einem Mietverh\u00e4ltnis: Wohnungsgeberbest\u00e4tigung hochladen<\/li>\n<li>Nach erfolgreicher Pr\u00fcfung durch das Einwohnermeldeamt (ca. 3-4 Arbeitstage) steht der Antrag im Online-Dienst zum Download bereit.<\/li>\n<li>Die Nutzer*innen k\u00f6nnen die Adressdaten auf dem Chip ihres Personalausweises selbstst\u00e4ndig \u00fcber den Online-Dienst und die AusweisApp aktualisieren.<\/li>\n<li>Zum Schluss erfolgt ein automatisches Anschreiben der Bundesdruckerei mit einem Adressaufkleber f\u00fcr den Personalausweis und einem Wohnortaufkleber f\u00fcr den Reisepass.<\/li>\n<\/ol>\n<p style=\"text-align: justify;\">Der direkte Link zur elektronischen Wohnsitzanmeldung lautet: <a href=\"http:\/\/www.wohnsitzanmeldung.de\" target=\"_blank\" rel=\"noopener\" data-saferedirecturl=\"https:\/\/www.google.com\/url?q=http:\/\/www.wohnsitzanmeldung.de&amp;source=gmail&amp;ust=1721920067635000&amp;usg=AOvVaw1mCAZt6I3TSo8ODaNKPJW1\">www.wohnsitzanmeldung.de<\/a><\/p>\n<p style=\"text-align: justify;\"><strong>Im Zuge des Onlinezugangsgesetzes (OZG) sind auch weitere Beh\u00f6rdeng\u00e4nge online m\u00f6glich<\/strong><\/p>\n<p style=\"text-align: justify;\">Seit August 2022 arbeitet die Stadt B\u00f6blingen intensiv daran, der B\u00fcrgerschaft und Unternehmen Verwaltungsdienstleistungen, die vor Ort beantragt werden k\u00f6nnen, auch digital anzubieten.<\/p>\n<p style=\"text-align: justify;\">Unter dem Leitmotto \u201eBBwirdDigital\u201c schreitet die Digitalisierung bei der Stadt B\u00f6blingen voran und die Umsetzung des OZG spielt hierbei eine gro\u00dfe Rolle. Das OZG verpflichtet Bund, L\u00e4nder und Kommunen gesetzlich dazu, Verwaltungsdienstleistungen sowie die Bereitstellung dieser Dienstleistungen \u00fcber Verwaltungsportale zu digitalisieren. Somit erm\u00f6glicht das OZG der Stadtverwaltung B\u00f6blingen, die Digitalisierung ziel- und ergebnisorientiert, ressourceneffizient sowie transparent voranzubringen und zu steuern.<\/p>\n<p style=\"text-align: justify;\">Alle aktuellen Online-Angebote sowie die Funktionen des Service-Kontos \u201eservice-bw\u201c und der eID-Nutzung (Bund-ID), finden sich auf folgender Internetseite: <a href=\"http:\/\/www.boeblingen.de\/BUERGERSERVICE\" target=\"_blank\" rel=\"noopener\" data-saferedirecturl=\"https:\/\/www.google.com\/url?q=http:\/\/www.boeblingen.de\/BUERGERSERVICE&amp;source=gmail&amp;ust=1721920067635000&amp;usg=AOvVaw3Smf7kk_BZW_bvrex5tsZo\">www.boeblingen.de\/BUERGERSERVICE<\/a><\/p>\n<hr \/>\n<p style=\"text-align: justify;\">\n","protected":false},"excerpt":{"rendered":"<p>Die Stadtverwaltung B\u00f6blingen bietet den B\u00fcrger*innen neben der pers\u00f6nlichen neu auch die digitale An- und Ummeldung des Wohnsitzes an. B\u00f6blingen.| Damit sind Beh\u00f6rdeng\u00e4nge zum Einwohnermeldeamt nicht mehr zwingend notwendig. Der gesamte An- und Ummelde-Prozess, der bei einem Umzug entsteht, l\u00e4sst sich \u00fcber den Online-Dienst vollst\u00e4ndig abbilden. \u00c4nderungen der Adressdaten im Melderegister bis hin zur Aktualisierung [&hellip;]<\/p>\n","protected":false},"author":4,"featured_media":0,"comment_status":"closed","ping_status":"open","sticky":false,"template":"","format":"standard","meta":{"inline_featured_image":false,"_exactmetrics_skip_tracking":false,"_exactmetrics_sitenote_active":false,"_exactmetrics_sitenote_note":"","_exactmetrics_sitenote_category":0,"footnotes":""},"categories":[2242],"tags":[10306,3061,14857,68,17879],"class_list":{"0":"post-153633","1":"post","2":"type-post","3":"status-publish","4":"format-standard","6":"category-boeblingen","7":"tag-anmeldung","8":"tag-boblingen","9":"tag-die-webzeitung","10":"tag-online-zeitung","11":"tag-ummeldung"},"image_feature":null,"author_name":"Redaktion","pure_taxonomies":{"categories":[{"term_id":2242,"name":"B\u00f6blingen","slug":"boeblingen","term_group":0,"term_taxonomy_id":2255,"taxonomy":"category","description":"News und Informationen aus B\u00f6blingen und Sindelfingen","parent":1433,"count":22,"filter":"raw","image":""}],"tags":[{"term_id":10306,"name":"Anmeldung","slug":"anmeldung","term_group":0,"term_taxonomy_id":10338,"taxonomy":"post_tag","description":"","parent":0,"count":1,"filter":"raw","image":""},{"term_id":3061,"name":"B\u00f6blingen","slug":"boblingen","term_group":0,"term_taxonomy_id":3075,"taxonomy":"post_tag","description":"","parent":0,"count":260,"filter":"raw","image":""},{"term_id":14857,"name":"Die-Webzeitung","slug":"die-webzeitung","term_group":0,"term_taxonomy_id":14876,"taxonomy":"post_tag","description":"","parent":0,"count":3625,"filter":"raw","image":""},{"term_id":68,"name":"Online-Zeitung","slug":"online-zeitung","term_group":0,"term_taxonomy_id":69,"taxonomy":"post_tag","description":"","parent":0,"count":3595,"filter":"raw","image":""},{"term_id":17879,"name":"Ummeldung","slug":"ummeldung","term_group":0,"term_taxonomy_id":17898,"taxonomy":"post_tag","description":"","parent":0,"count":1,"filter":"raw","image":""}]},"_links":{"self":[{"href":"https:\/\/die-webzeitung.de\/stuttgart\/wp-json\/wp\/v2\/posts\/153633","targetHints":{"allow":["GET"]}}],"collection":[{"href":"https:\/\/die-webzeitung.de\/stuttgart\/wp-json\/wp\/v2\/posts"}],"about":[{"href":"https:\/\/die-webzeitung.de\/stuttgart\/wp-json\/wp\/v2\/types\/post"}],"author":[{"embeddable":true,"href":"https:\/\/die-webzeitung.de\/stuttgart\/wp-json\/wp\/v2\/users\/4"}],"replies":[{"embeddable":true,"href":"https:\/\/die-webzeitung.de\/stuttgart\/wp-json\/wp\/v2\/comments?post=153633"}],"version-history":[{"count":1,"href":"https:\/\/die-webzeitung.de\/stuttgart\/wp-json\/wp\/v2\/posts\/153633\/revisions"}],"predecessor-version":[{"id":153634,"href":"https:\/\/die-webzeitung.de\/stuttgart\/wp-json\/wp\/v2\/posts\/153633\/revisions\/153634"}],"wp:attachment":[{"href":"https:\/\/die-webzeitung.de\/stuttgart\/wp-json\/wp\/v2\/media?parent=153633"}],"wp:term":[{"taxonomy":"category","embeddable":true,"href":"https:\/\/die-webzeitung.de\/stuttgart\/wp-json\/wp\/v2\/categories?post=153633"},{"taxonomy":"post_tag","embeddable":true,"href":"https:\/\/die-webzeitung.de\/stuttgart\/wp-json\/wp\/v2\/tags?post=153633"}],"curies":[{"name":"wp","href":"https:\/\/api.w.org\/{rel}","templated":true}]}}