{"id":153486,"date":"2024-07-06T11:14:08","date_gmt":"2024-07-06T10:14:08","guid":{"rendered":"https:\/\/die-webzeitung.de\/stuttgart\/?p=153486"},"modified":"2024-07-06T11:14:08","modified_gmt":"2024-07-06T10:14:08","slug":"letztes-fussballspiel-in-der-stuttgart-arena","status":"publish","type":"post","link":"https:\/\/die-webzeitung.de\/stuttgart\/2024\/07\/06\/letztes-fussballspiel-in-der-stuttgart-arena\/","title":{"rendered":"Letztes Fu\u00dfballspiel in der Stuttgart-Arena"},"content":{"rendered":"<p style=\"text-align: justify;\"><strong>Polizei zufrieden mit dem Einsatzverlauf<\/strong><\/p>\n<p style=\"text-align: justify;\">Stuttgart.| Das letzte Spiel in der Stuttgart-Arena haben am Freitag (05.07.2024) nochmals zehntausende Fans genutzt, um ausgelassen die Partie Spanien &#8211; Deutschland zu feiern.<\/p>\n<p style=\"text-align: justify;\">Im Laufe des Nachmittags trafen sich die Anh\u00e4nger der deutschen Mannschaft im Unteren Schlossgarten am Fan Meeting Point und fieberten dem Spiel entgegen. Von dort aus starteten die Fans den Fanwalk in Richtung Stadion, dem sich in der Spitze bis zu 12.000 Personen anschlossen und die Stra\u00dfen in ein schwarz-rot-goldenes Fahnenmeer verwandelten. Mehrfach wurde dabei Pyrotechnik abgebrannt. Auch einige Hundert spanische Fans sammelten sich in einem Biergarten im Stuttgarter Osten und gingen gemeinsam zum Stadion.<\/p>\n<p style=\"text-align: justify;\">In der Innenstadt feierten mehrere 10.000 Deutschlandfans gemeinsam mit spanischen Fu\u00dfballbegeisterten in den Fan Zones und dem Cityring das vorgezogene Finale. Gegen 17.15 Uhr musste die Fan Zone auf dem Schlossplatz geschlossen werden, da die Kapazit\u00e4tsgrenze erreicht wurde. W\u00e4hrend des ganzen Tages herrschte in der Stadt eine ausgelassene und fr\u00f6hliche Stimmung. Im Gegensatz zu den hitzigen K\u00e4mpfen auf dem Rasen musste die Polizei w\u00e4hrend des Einsatzes nur wenige gelbe Karten verteilen und Fans vom Platz stellen. Auch am letzten Spieltag in Stuttgart stand das Fu\u00dfballfest im Vordergrund.<\/p>\n<p style=\"text-align: justify;\"><strong>Ein gro\u00dfer Dank gilt all den Beamtinnen und Beamten die f\u00fcr Ruhe und Ordnung sorgten und somit erheblich zu dem friedlichen Fanfest beitrugen.<\/strong><\/p>\n<hr \/>\n<p style=\"text-align: justify;\">\n","protected":false},"excerpt":{"rendered":"<p>Polizei zufrieden mit dem Einsatzverlauf Stuttgart.| Das letzte Spiel in der Stuttgart-Arena haben am Freitag (05.07.2024) nochmals zehntausende Fans genutzt, um ausgelassen die Partie Spanien &#8211; Deutschland zu feiern. Im Laufe des Nachmittags trafen sich die Anh\u00e4nger der deutschen Mannschaft im Unteren Schlossgarten am Fan Meeting Point und fieberten dem Spiel entgegen. Von dort aus [&hellip;]<\/p>\n","protected":false},"author":4,"featured_media":144524,"comment_status":"closed","ping_status":"open","sticky":false,"template":"","format":"standard","meta":{"inline_featured_image":false,"_exactmetrics_skip_tracking":false,"_exactmetrics_sitenote_active":false,"_exactmetrics_sitenote_note":"","_exactmetrics_sitenote_category":0,"footnotes":""},"categories":[59],"tags":[2103,14857,9788,9105,17868,12896,68,205,10694],"class_list":{"0":"post-153486","1":"post","2":"type-post","3":"status-publish","4":"format-standard","5":"has-post-thumbnail","7":"category-aktuell","8":"tag-deutschland","9":"tag-die-webzeitung","10":"tag-em","11":"tag-euro","12":"tag-fan-walk","13":"tag-fans","14":"tag-online-zeitung","16":"tag-spanien"},"image_feature":"https:\/\/die-webzeitung.de\/stuttgart\/wp-content\/uploads\/sites\/4\/2021\/12\/Polizei.jpg","author_name":"Redaktion","pure_taxonomies":{"categories":[{"term_id":59,"name":"Aktuell","slug":"aktuell","term_group":0,"term_taxonomy_id":60,"taxonomy":"category","description":"","parent":0,"count":1018,"filter":"raw","image":""}],"tags":[{"term_id":2103,"name":"Deutschland","slug":"deutschland","term_group":0,"term_taxonomy_id":2115,"taxonomy":"post_tag","description":"","parent":0,"count":8,"filter":"raw","image":""},{"term_id":14857,"name":"Die-Webzeitung","slug":"die-webzeitung","term_group":0,"term_taxonomy_id":14876,"taxonomy":"post_tag","description":"","parent":0,"count":3630,"filter":"raw","image":""},{"term_id":9788,"name":"EM","slug":"em","term_group":0,"term_taxonomy_id":9819,"taxonomy":"post_tag","description":"","parent":0,"count":14,"filter":"raw","image":""},{"term_id":9105,"name":"Euro","slug":"euro","term_group":0,"term_taxonomy_id":9131,"taxonomy":"post_tag","description":"","parent":0,"count":9,"filter":"raw","image":""},{"term_id":17868,"name":"Fan-Walk","slug":"fan-walk","term_group":0,"term_taxonomy_id":17887,"taxonomy":"post_tag","description":"","parent":0,"count":1,"filter":"raw","image":""},{"term_id":12896,"name":"Fans","slug":"fans","term_group":0,"term_taxonomy_id":12937,"taxonomy":"post_tag","description":"","parent":0,"count":2,"filter":"raw","image":""},{"term_id":68,"name":"Online-Zeitung","slug":"online-zeitung","term_group":0,"term_taxonomy_id":69,"taxonomy":"post_tag","description":"","parent":0,"count":3600,"filter":"raw","image":""},{"term_id":205,"name":"Polizei","slug":"polizei","term_group":0,"term_taxonomy_id":208,"taxonomy":"post_tag","description":"","parent":0,"count":277,"filter":"raw","image":""},{"term_id":10694,"name":"Spanien","slug":"spanien","term_group":0,"term_taxonomy_id":10730,"taxonomy":"post_tag","description":"","parent":0,"count":1,"filter":"raw","image":""}]},"_links":{"self":[{"href":"https:\/\/die-webzeitung.de\/stuttgart\/wp-json\/wp\/v2\/posts\/153486","targetHints":{"allow":["GET"]}}],"collection":[{"href":"https:\/\/die-webzeitung.de\/stuttgart\/wp-json\/wp\/v2\/posts"}],"about":[{"href":"https:\/\/die-webzeitung.de\/stuttgart\/wp-json\/wp\/v2\/types\/post"}],"author":[{"embeddable":true,"href":"https:\/\/die-webzeitung.de\/stuttgart\/wp-json\/wp\/v2\/users\/4"}],"replies":[{"embeddable":true,"href":"https:\/\/die-webzeitung.de\/stuttgart\/wp-json\/wp\/v2\/comments?post=153486"}],"version-history":[{"count":1,"href":"https:\/\/die-webzeitung.de\/stuttgart\/wp-json\/wp\/v2\/posts\/153486\/revisions"}],"predecessor-version":[{"id":153487,"href":"https:\/\/die-webzeitung.de\/stuttgart\/wp-json\/wp\/v2\/posts\/153486\/revisions\/153487"}],"wp:featuredmedia":[{"embeddable":true,"href":"https:\/\/die-webzeitung.de\/stuttgart\/wp-json\/wp\/v2\/media\/144524"}],"wp:attachment":[{"href":"https:\/\/die-webzeitung.de\/stuttgart\/wp-json\/wp\/v2\/media?parent=153486"}],"wp:term":[{"taxonomy":"category","embeddable":true,"href":"https:\/\/die-webzeitung.de\/stuttgart\/wp-json\/wp\/v2\/categories?post=153486"},{"taxonomy":"post_tag","embeddable":true,"href":"https:\/\/die-webzeitung.de\/stuttgart\/wp-json\/wp\/v2\/tags?post=153486"}],"curies":[{"name":"wp","href":"https:\/\/api.w.org\/{rel}","templated":true}]}}