{"id":151842,"date":"2023-12-29T11:12:44","date_gmt":"2023-12-29T10:12:44","guid":{"rendered":"https:\/\/die-webzeitung.de\/stuttgart\/?p=151842"},"modified":"2023-12-29T11:12:44","modified_gmt":"2023-12-29T10:12:44","slug":"aenderung-beim-busverkehr","status":"publish","type":"post","link":"https:\/\/die-webzeitung.de\/stuttgart\/2023\/12\/29\/aenderung-beim-busverkehr\/","title":{"rendered":"\u00c4nderung beim Busverkehr"},"content":{"rendered":"<h6 style=\"text-align: justify;\"><strong>Neuer Betreiber f\u00fcr die Busverkehre der Linien 652, 653(A), 655(A) sowie 765 im Verkehrsraum \u201eOberes Heckeng\u00e4u\u201c ab dem 01. Januar 2024<\/strong><\/h6>\n<p style=\"text-align: justify;\">Enzkreis\/B\u00f6blingen.| Der Landkreis B\u00f6blingen sowie der Enzkreis organisieren gemeinsam die Busverkehre auf den Linien 652, 653(A), 655(A) sowie 765 im Verkehrsraum \u201eOberes Heckeng\u00e4u\u201c. Durch den Widerruf der Genehmigung des Busunternehmens Reise- und Verkehrsgesellschaft Seitter GmbH &amp; Co. KG musste das Angebot im \u201eOberen Heckeng\u00e4u\u201c eingeschr\u00e4nkt und \u00fcbergangsweise bis Ende des Jahres durch die Firmen Eberhardt und Klingel gefahren werden. Ab Beginn des neuen Jahres werden die Busverkehre der Linien 652, 653(A), 655(A) sowie 765 im betreffenden Verkehrsraum voraussichtlich von der Firma Seitter Mobilit\u00e4ts Service mit Sitz in Friolzheim betrieben.<\/p>\n<p style=\"text-align: justify;\">Zum 1. Januar 2024 soll das Angebot schrittweise wieder ausgebaut werden. Ziel ist es, dass voraussichtlich zum Schuljahresbeginn im September 2024 wieder alle Busse nach dem gewohnten Fahrplan unterwegs sind.<\/p>\n<p style=\"text-align: justify;\">\u00dcber die konkreten Fahrpl\u00e4ne, die ab dem 1. Januar 2024 gelten, kann man sich auf der Homepage der Verkehrsverb\u00fcnde Verkehrs- und Tarifverbund Stuttgart (VVS) und Pforzheim-Enzkreis (VPE) informieren: <a href=\"http:\/\/www.vvs.de\" target=\"_blank\" rel=\"noopener\">www.vvs.de<\/a> und <a href=\"http:\/\/www.vpe.de\" target=\"_blank\" rel=\"noopener\">www.vpe.de<\/a><\/p>\n<p style=\"text-align: justify;\"><strong><u>Die \u00c4nderungen im \u00dcberblick:<\/u><\/strong><\/p>\n<p style=\"text-align: justify;\"><strong>Linie 652 (Leonberg \u2013 Rutesheim \u2013 Heimsheim \u2013 Tiefenbronn \u2013 Friolzheim \u2013 Weissach Porsche)<br \/>\n<\/strong><\/p>\n<p style=\"text-align: justify;\">Die Busse der Linie 652 sind seit Anfang Oktober nur zwischen Heimsheim und Tiefenbronn gependelt. Ab 1. Januar 2024 f\u00e4hrt die Linie 652 wieder auf der gewohnten Strecke zwischen Leonberg, Perouse, Heimsheim, Tiefenbronn und Weissach Porsche. Die Busse sind von ca. 5 bis 20 Uhr alle Stunde im Einsatz. Zusammen mit der Linie 653 sind zwischen Heimsheim und Leonberg wieder drei Busse in der Stunde unterwegs.<\/p>\n<p style=\"text-align: justify;\"><strong>Linie 653 <\/strong><strong>(Leonberg \u2013 Rutesheim \u2013 Heimsheim \u2013 M\u00f6nsheim \u2013 Weissach Porsche \/ Wiernsheim)<\/strong><\/p>\n<p style=\"text-align: justify;\">Die Busse der Linie 653, die zwischen Leonberg, M\u00f6nsheim und Weissach Porsche fahren, starten ab 1. Januar 2024 von Montag bis Freitag (bis 20 Uhr) von M\u00f6nsheim in Richtung Leonberg bis zu drei Minuten fr\u00fcher. Durch den neuen Fahrplan sollen die Busse k\u00fcnftig p\u00fcnktlicher unterwegs sein.<\/p>\n<p style=\"text-align: justify;\"><strong>Linie 655 (Rutesheim Bahnhof \u2013 Rutesheim)<\/strong><\/p>\n<p style=\"text-align: justify;\">Die bisherigen Ruftaxi-Fahrten der Linie 655 werden von Montag bis Samstag ab ca. 21 Uhr sowie an Sonn- und Feiertagen ganzt\u00e4tig durch das neue On-Demand-Angebot \u201eVVS-Rider\u201c ersetzt. Die Kleinbusse fahren auf Abruf und ganz ohne Fahrplan. Mehr Infos zum \u201eVVS-Rider\u201c sowie zur Buchung finden Fahrg\u00e4ste unter <a href=\"http:\/\/www.vvs.de\/rider\" target=\"_blank\" rel=\"noopener\">www.vvs.de\/rider<\/a>.<\/p>\n<p style=\"text-align: justify;\"><strong>Linie 765 (Weissach Porsche \u2013 M\u00f6nsheim \u2013 Wiernsheim)<\/strong><\/p>\n<p style=\"text-align: justify;\">Fahrg\u00e4ste der Linie 765 profitieren von Montag bis Freitag bis 20 Uhr von einem verbesserten Anschluss in M\u00f6nsheim Marktplatz von und zur Linie 653 in Richtung Friolzheim und Leonberg. Auf der Linie 765 \u00e4ndern sich au\u00dferdem die Abfahrtszeiten.<\/p>\n<p style=\"text-align: justify;\">Auf den Linien des Sch\u00fclerverkehrs 653A und 655A kommt es zu keinen \u00c4nderungen.<\/p>\n<p style=\"text-align: justify;\">Aus vergaberechtlichen Gr\u00fcnden erfolgt die Beauftragung zun\u00e4chst w\u00e4hrend eines zweij\u00e4hrigen Interimszeitraumes bis zum 31.12.2025. Im Rahmen eines weiteren Vergabeverfahrens, welches in dieser Zeit durchgef\u00fchrt wird, wird entschieden, wer die Verkehre ab dem 01.01.2026 langfristig betreiben wird.<\/p>\n<p style=\"text-align: justify;\">Der Landkreis B\u00f6blingen und der Enzkreis werden alles daf\u00fcr tun, dass der Verkehr im Oberen Heckeng\u00e4u so reibungslos wie m\u00f6glich l\u00e4uft. Durch die sehr knappe Zeit zwischen der Auftragserteilung und dem Betriebsbeginn ist es allerdings sehr wahrscheinlich, dass es in den ersten Tagen im neuen Jahr zu Anlaufschwierigkeiten kommt. Der Landkreis B\u00f6blingen sowie der Enzkreis bitten daf\u00fcr bereits im Vorfeld um Verst\u00e4ndnis.<\/p>\n<hr \/>\n<p style=\"text-align: justify;\">\n","protected":false},"excerpt":{"rendered":"<p>Neuer Betreiber f\u00fcr die Busverkehre der Linien 652, 653(A), 655(A) sowie 765 im Verkehrsraum \u201eOberes Heckeng\u00e4u\u201c ab dem 01. Januar 2024 Enzkreis\/B\u00f6blingen.| Der Landkreis B\u00f6blingen sowie der Enzkreis organisieren gemeinsam die Busverkehre auf den Linien 652, 653(A), 655(A) sowie 765 im Verkehrsraum \u201eOberes Heckeng\u00e4u\u201c. Durch den Widerruf der Genehmigung des Busunternehmens Reise- und Verkehrsgesellschaft Seitter [&hellip;]<\/p>\n","protected":false},"author":4,"featured_media":0,"comment_status":"closed","ping_status":"open","sticky":false,"template":"","format":"standard","meta":{"inline_featured_image":false,"_exactmetrics_skip_tracking":false,"_exactmetrics_sitenote_active":false,"_exactmetrics_sitenote_note":"","_exactmetrics_sitenote_category":0,"footnotes":""},"categories":[2246],"tags":[3061,14868,14857,68],"class_list":{"0":"post-151842","1":"post","2":"type-post","3":"status-publish","4":"format-standard","6":"category-kreis-boeblingen","7":"tag-boblingen","8":"tag-busverkehr","9":"tag-die-webzeitung","10":"tag-online-zeitung"},"image_feature":null,"author_name":"Redaktion","pure_taxonomies":{"categories":[{"term_id":2246,"name":"Kreis B\u00f6blingen","slug":"kreis-boeblingen","term_group":0,"term_taxonomy_id":2259,"taxonomy":"category","description":"","parent":171,"count":197,"filter":"raw","image":""}],"tags":[{"term_id":3061,"name":"B\u00f6blingen","slug":"boblingen","term_group":0,"term_taxonomy_id":3075,"taxonomy":"post_tag","description":"","parent":0,"count":260,"filter":"raw","image":""},{"term_id":14868,"name":"Busverkehr","slug":"busverkehr","term_group":0,"term_taxonomy_id":14887,"taxonomy":"post_tag","description":"","parent":0,"count":7,"filter":"raw","image":""},{"term_id":14857,"name":"Die-Webzeitung","slug":"die-webzeitung","term_group":0,"term_taxonomy_id":14876,"taxonomy":"post_tag","description":"","parent":0,"count":3630,"filter":"raw","image":""},{"term_id":68,"name":"Online-Zeitung","slug":"online-zeitung","term_group":0,"term_taxonomy_id":69,"taxonomy":"post_tag","description":"","parent":0,"count":3600,"filter":"raw","image":""}]},"_links":{"self":[{"href":"https:\/\/die-webzeitung.de\/stuttgart\/wp-json\/wp\/v2\/posts\/151842","targetHints":{"allow":["GET"]}}],"collection":[{"href":"https:\/\/die-webzeitung.de\/stuttgart\/wp-json\/wp\/v2\/posts"}],"about":[{"href":"https:\/\/die-webzeitung.de\/stuttgart\/wp-json\/wp\/v2\/types\/post"}],"author":[{"embeddable":true,"href":"https:\/\/die-webzeitung.de\/stuttgart\/wp-json\/wp\/v2\/users\/4"}],"replies":[{"embeddable":true,"href":"https:\/\/die-webzeitung.de\/stuttgart\/wp-json\/wp\/v2\/comments?post=151842"}],"version-history":[{"count":1,"href":"https:\/\/die-webzeitung.de\/stuttgart\/wp-json\/wp\/v2\/posts\/151842\/revisions"}],"predecessor-version":[{"id":151843,"href":"https:\/\/die-webzeitung.de\/stuttgart\/wp-json\/wp\/v2\/posts\/151842\/revisions\/151843"}],"wp:attachment":[{"href":"https:\/\/die-webzeitung.de\/stuttgart\/wp-json\/wp\/v2\/media?parent=151842"}],"wp:term":[{"taxonomy":"category","embeddable":true,"href":"https:\/\/die-webzeitung.de\/stuttgart\/wp-json\/wp\/v2\/categories?post=151842"},{"taxonomy":"post_tag","embeddable":true,"href":"https:\/\/die-webzeitung.de\/stuttgart\/wp-json\/wp\/v2\/tags?post=151842"}],"curies":[{"name":"wp","href":"https:\/\/api.w.org\/{rel}","templated":true}]}}