{"id":151635,"date":"2023-12-05T14:34:29","date_gmt":"2023-12-05T13:34:29","guid":{"rendered":"https:\/\/die-webzeitung.de\/stuttgart\/?p=151635"},"modified":"2023-12-05T14:34:29","modified_gmt":"2023-12-05T13:34:29","slug":"zeitweiliger-schienenersatzverkehr-auf-der-schoenbuchbahn","status":"publish","type":"post","link":"https:\/\/die-webzeitung.de\/stuttgart\/2023\/12\/05\/zeitweiliger-schienenersatzverkehr-auf-der-schoenbuchbahn\/","title":{"rendered":"Zeitweiliger Schienenersatzverkehr auf der Sch\u00f6nbuchbahn"},"content":{"rendered":"<p style=\"text-align: justify;\"><strong>Wegen Probe- und Abnahmefahrten kommt es abends vereinzelt zu Schienenersatzverkehr auf der Sch\u00f6nbuchbahn <\/strong><\/p>\n<p style=\"text-align: justify;\">F\u00fcr die Zulassung der neuen Elektroz\u00fcge finden bereits seit Anfang Oktober in den N\u00e4chten Probefahrten durch den Hersteller statt. Zus\u00e4tzlich wird der Zweckverband ebenfalls ausgiebige Test- und Abnahmefahrten im Dezember in den Abend- und Nachtstunden durchf\u00fchren.<\/p>\n<p style=\"text-align: justify;\">Am 7. Dezember und in den folgenden zwei Wochen wird es deshalb jeweils von Montag bis Mittwoch ab 20 Uhr einen Schienenersatzverkehr (SEV) geben (11.-13. Dez. und 18.-20. Dez.).<\/p>\n<p style=\"text-align: justify;\">Weitere einzelne Termine wird es voraussichtlich auch in den Monaten Januar bis M\u00e4rz geben.<\/p>\n<p style=\"text-align: justify;\">An diesen Tagen verkehren die letzten Z\u00fcge ab Dettenhausen um 19:02 Uhr, von Holzgerlingen nach B\u00f6blingen um 19:27 Uhr und ab B\u00f6blingen nach Dettenhausen um 19:35 Uhr. Danach setzt der Busverkehr ein.<\/p>\n<p style=\"text-align: justify;\">Ab Dettenhausen verkehren die Busse jeweils zur Minute 15 und 45 (19:15 \u2013 23:45 Uhr). Ab B\u00f6blingen sind die Abfahrten zur Minute 6 und 36 (20:06 \u2013 00:36 Uhr).<\/p>\n<p style=\"text-align: justify;\">Die Ersatzbusse fahren vom ZOB B\u00f6blingen (Bahnsteig 14) und halten in der Berliner und T\u00fcbinger Stra\u00dfe und Sch\u00f6nbuchstra\u00dfe. In Holzgerlingen werden die Haltestellen Achalmstra\u00dfe, Bahnhof und Buch (T\u00fcbinger Str.) angefahren, in Weil im Sch\u00f6nbuch die Haltestellen Troppel, Haupt-, Wilhelmstra\u00dfe und Turnhalle. In Dettenhausen wird an den Haltestellen Altes Rathaus, Schule und T\u00fcbinger Str. zum Aussteigen angehalten, Endstation Bahnhof. Auf der R\u00fcckfahrt von Dettenhausen Bahnhof nach B\u00f6blingen h\u00e4lt der Bus auch an den Haltestellen Schule und Altes Rathaus zum Einsteigen.<\/p>\n<p style=\"text-align: justify;\">Der Fahrplan f\u00fcr den SEV h\u00e4ngt an den Haltestellen der Sch\u00f6nbuchbahn und an den Bus-Ersatzhaltestellen aus. Im Internet ist der Fahrplan auf den Seiten des VVS (<a href=\"http:\/\/www.vvs.de\" target=\"_blank\" rel=\"noopener\">www.vvs.de<\/a>), der WEG (<a href=\"http:\/\/www.weg-bahn.de\" target=\"_blank\" rel=\"noopener\">www.weg-bahn.de<\/a>) und des Zweckverbandes Sch\u00f6nbuchbahn (www.schoenbuchbahn.de) abrufbar.<\/p>\n<p style=\"text-align: justify;\">Der Zweckverband Sch\u00f6nbuchbahn k\u00fcndigt bereits jetzt an, dass im Januar der allj\u00e4hrliche Vegetationsr\u00fcckschnitt entlang der Strecke vom 12.-14.01. (Fr-So) stattfinden wird.<\/p>\n<p style=\"text-align: justify;\">Gleichzeitig werden kleinere Bauarbeiten durchgef\u00fchrt. An diesen Tagen wird ebenfalls ein SEV von B\u00f6blingen bis Dettenhausen eingerichtet. Die Informationen zum Fahrplan werden rechtzeitig ver\u00f6ffentlicht.<\/p>\n<p style=\"text-align: justify;\">Der Zweckverband bittet alle Fahrg\u00e4ste um Verst\u00e4ndnis.<\/p>\n<hr \/>\n<p style=\"text-align: justify;\">\n","protected":false},"excerpt":{"rendered":"<p>Wegen Probe- und Abnahmefahrten kommt es abends vereinzelt zu Schienenersatzverkehr auf der Sch\u00f6nbuchbahn F\u00fcr die Zulassung der neuen Elektroz\u00fcge finden bereits seit Anfang Oktober in den N\u00e4chten Probefahrten durch den Hersteller statt. Zus\u00e4tzlich wird der Zweckverband ebenfalls ausgiebige Test- und Abnahmefahrten im Dezember in den Abend- und Nachtstunden durchf\u00fchren. Am 7. Dezember und in den [&hellip;]<\/p>\n","protected":false},"author":4,"featured_media":0,"comment_status":"closed","ping_status":"open","sticky":false,"template":"","format":"standard","meta":{"inline_featured_image":false,"_exactmetrics_skip_tracking":false,"_exactmetrics_sitenote_active":false,"_exactmetrics_sitenote_note":"","_exactmetrics_sitenote_category":0,"footnotes":""},"categories":[2246],"tags":[3061,14857,68,17736,14992],"class_list":{"0":"post-151635","1":"post","2":"type-post","3":"status-publish","4":"format-standard","6":"category-kreis-boeblingen","7":"tag-boblingen","8":"tag-die-webzeitung","9":"tag-online-zeitung","10":"tag-schienenersatzverkehr","11":"tag-schoenbuchbahn"},"image_feature":null,"author_name":"Redaktion","pure_taxonomies":{"categories":[{"term_id":2246,"name":"Kreis B\u00f6blingen","slug":"kreis-boeblingen","term_group":0,"term_taxonomy_id":2259,"taxonomy":"category","description":"","parent":171,"count":197,"filter":"raw","image":""}],"tags":[{"term_id":3061,"name":"B\u00f6blingen","slug":"boblingen","term_group":0,"term_taxonomy_id":3075,"taxonomy":"post_tag","description":"","parent":0,"count":260,"filter":"raw","image":""},{"term_id":14857,"name":"Die-Webzeitung","slug":"die-webzeitung","term_group":0,"term_taxonomy_id":14876,"taxonomy":"post_tag","description":"","parent":0,"count":3630,"filter":"raw","image":""},{"term_id":68,"name":"Online-Zeitung","slug":"online-zeitung","term_group":0,"term_taxonomy_id":69,"taxonomy":"post_tag","description":"","parent":0,"count":3600,"filter":"raw","image":""},{"term_id":17736,"name":"Schienenersatzverkehr","slug":"schienenersatzverkehr","term_group":0,"term_taxonomy_id":17755,"taxonomy":"post_tag","description":"","parent":0,"count":2,"filter":"raw","image":""},{"term_id":14992,"name":"Sch\u00f6nbuchbahn","slug":"schoenbuchbahn","term_group":0,"term_taxonomy_id":15011,"taxonomy":"post_tag","description":"","parent":0,"count":17,"filter":"raw","image":""}]},"_links":{"self":[{"href":"https:\/\/die-webzeitung.de\/stuttgart\/wp-json\/wp\/v2\/posts\/151635","targetHints":{"allow":["GET"]}}],"collection":[{"href":"https:\/\/die-webzeitung.de\/stuttgart\/wp-json\/wp\/v2\/posts"}],"about":[{"href":"https:\/\/die-webzeitung.de\/stuttgart\/wp-json\/wp\/v2\/types\/post"}],"author":[{"embeddable":true,"href":"https:\/\/die-webzeitung.de\/stuttgart\/wp-json\/wp\/v2\/users\/4"}],"replies":[{"embeddable":true,"href":"https:\/\/die-webzeitung.de\/stuttgart\/wp-json\/wp\/v2\/comments?post=151635"}],"version-history":[{"count":1,"href":"https:\/\/die-webzeitung.de\/stuttgart\/wp-json\/wp\/v2\/posts\/151635\/revisions"}],"predecessor-version":[{"id":151636,"href":"https:\/\/die-webzeitung.de\/stuttgart\/wp-json\/wp\/v2\/posts\/151635\/revisions\/151636"}],"wp:attachment":[{"href":"https:\/\/die-webzeitung.de\/stuttgart\/wp-json\/wp\/v2\/media?parent=151635"}],"wp:term":[{"taxonomy":"category","embeddable":true,"href":"https:\/\/die-webzeitung.de\/stuttgart\/wp-json\/wp\/v2\/categories?post=151635"},{"taxonomy":"post_tag","embeddable":true,"href":"https:\/\/die-webzeitung.de\/stuttgart\/wp-json\/wp\/v2\/tags?post=151635"}],"curies":[{"name":"wp","href":"https:\/\/api.w.org\/{rel}","templated":true}]}}