{"id":151550,"date":"2023-11-24T17:12:58","date_gmt":"2023-11-24T16:12:58","guid":{"rendered":"https:\/\/die-webzeitung.de\/stuttgart\/?p=151550"},"modified":"2023-11-24T17:12:58","modified_gmt":"2023-11-24T16:12:58","slug":"kfz-zulassung-stellt-auf-terminvergabe-um","status":"publish","type":"post","link":"https:\/\/die-webzeitung.de\/stuttgart\/2023\/11\/24\/kfz-zulassung-stellt-auf-terminvergabe-um\/","title":{"rendered":"Kfz-Zulassung stellt auf Terminvergabe um"},"content":{"rendered":"<p style=\"text-align: justify;\">Kreis Esslingen.| Bei den Kraftfahrzeugzulassungsstellen des Landkreises Esslingen ist der Besuch vor Ort von 1. Dezember an nur noch mit einem vorher vereinbarten Termin m\u00f6glich. Viele Zulassungsvorg\u00e4nge lassen sich mittlerweile komplett digital abwickeln.<\/p>\n<p style=\"text-align: justify;\">Lange Wartezeiten bei den Zulassungsstellen sollen k\u00fcnftig der Vergangenheit angeh\u00f6ren. Daher wird ab Dezember das Verfahren in den Zulassungsstellen umgestellt. Von 1. Dezember an sind Zulassungen mit einer pers\u00f6nlichen Vorsprache vor Ort nur noch mit einer vorherigen Terminvereinbarung m\u00f6glich. Termine f\u00fcr die Kfz-Zulassung k\u00f6nnen ab sofort auf der Webseite des Landkreises Esslingen unter www.Landkreis-Esslingen.de gebucht werden. Eine Terminbuchung ist bis zu vier Wochen im Voraus m\u00f6glich. Es werden aber auch kurz- und mittelfristige Termine eingestellt, so dass immer auch kurzfristige Buchungen m\u00f6glich sind. Niemand soll wochenlang auf einen freien Termin warten m\u00fcssen.<\/p>\n<p style=\"text-align: justify;\">Inzwischen ist die pers\u00f6nliche Vorsprache bei der Zulassungsbeh\u00f6rde aber nicht mehr unbedingt notwendig. Viele Zulassungsvorg\u00e4nge lassen sich mittlerweile komplett \u00fcber das Internet abwickeln. Der Landkreis Esslingen bietet hier alles an, was derzeit technisch machbar und rechtlich m\u00f6glich ist. Mit der aktuellen Ausbaustufe des sogenannten i-Kfz-Verfahrens wurde das \u201esofortige Losfahren\u201c verwirklicht. So muss man nicht mehr wie seither warten, bis einem die Zulassungsplaketten und Fahrzeugpapiere mit der Post zugestellt werden. Stattdessen kann man sich eine Bescheinigung herunterladen und ausdrucken, welche einen berechtigt, bis zu zehn Tage lang ohne Zulassungsplaketten zu fahren, bis die Unterlagen mit der Post kommen. Auch Firmenfahrzeuge k\u00f6nnen mittlerweile \u00fcber das Internet zugelassen werden. Die Verwaltungsgeb\u00fchren f\u00fcr Internetvorg\u00e4nge sind gr\u00f6\u00dftenteils erheblich niedriger als bei der Bearbeitung vor Ort. Es lohnt sich also auf jeden Fall, sich auf der Homepage des Landkreises \u00fcber die verschiedenen M\u00f6glichkeiten zu informieren.<\/p>\n<hr \/>\n<p style=\"text-align: justify;\">\n","protected":false},"excerpt":{"rendered":"<p>Kreis Esslingen.| Bei den Kraftfahrzeugzulassungsstellen des Landkreises Esslingen ist der Besuch vor Ort von 1. Dezember an nur noch mit einem vorher vereinbarten Termin m\u00f6glich. Viele Zulassungsvorg\u00e4nge lassen sich mittlerweile komplett digital abwickeln. Lange Wartezeiten bei den Zulassungsstellen sollen k\u00fcnftig der Vergangenheit angeh\u00f6ren. Daher wird ab Dezember das Verfahren in den Zulassungsstellen umgestellt. Von 1. [&hellip;]<\/p>\n","protected":false},"author":4,"featured_media":0,"comment_status":"closed","ping_status":"open","sticky":false,"template":"","format":"standard","meta":{"inline_featured_image":false,"_exactmetrics_skip_tracking":false,"_exactmetrics_sitenote_active":false,"_exactmetrics_sitenote_note":"","_exactmetrics_sitenote_category":0,"footnotes":""},"categories":[2247],"tags":[14857,14440,17687,68],"class_list":{"0":"post-151550","1":"post","2":"type-post","3":"status-publish","4":"format-standard","6":"category-kreis-esslingen","7":"tag-die-webzeitung","8":"tag-esslingen","9":"tag-kfz-zulassung","10":"tag-online-zeitung"},"image_feature":null,"author_name":"Redaktion","pure_taxonomies":{"categories":[{"term_id":2247,"name":"Kreis Esslingen","slug":"kreis-esslingen","term_group":0,"term_taxonomy_id":2260,"taxonomy":"category","description":"Informationen aus dem Landkreis Esslingen","parent":171,"count":214,"filter":"raw","image":""}],"tags":[{"term_id":14857,"name":"Die-Webzeitung","slug":"die-webzeitung","term_group":0,"term_taxonomy_id":14876,"taxonomy":"post_tag","description":"","parent":0,"count":3623,"filter":"raw","image":""},{"term_id":14440,"name":"Esslingen","slug":"esslingen","term_group":0,"term_taxonomy_id":3885,"taxonomy":"post_tag","description":"","parent":0,"count":202,"filter":"raw","image":""},{"term_id":17687,"name":"Kfz-Zulassung","slug":"kfz-zulassung","term_group":0,"term_taxonomy_id":17706,"taxonomy":"post_tag","description":"","parent":0,"count":2,"filter":"raw","image":""},{"term_id":68,"name":"Online-Zeitung","slug":"online-zeitung","term_group":0,"term_taxonomy_id":69,"taxonomy":"post_tag","description":"","parent":0,"count":3593,"filter":"raw","image":""}]},"_links":{"self":[{"href":"https:\/\/die-webzeitung.de\/stuttgart\/wp-json\/wp\/v2\/posts\/151550","targetHints":{"allow":["GET"]}}],"collection":[{"href":"https:\/\/die-webzeitung.de\/stuttgart\/wp-json\/wp\/v2\/posts"}],"about":[{"href":"https:\/\/die-webzeitung.de\/stuttgart\/wp-json\/wp\/v2\/types\/post"}],"author":[{"embeddable":true,"href":"https:\/\/die-webzeitung.de\/stuttgart\/wp-json\/wp\/v2\/users\/4"}],"replies":[{"embeddable":true,"href":"https:\/\/die-webzeitung.de\/stuttgart\/wp-json\/wp\/v2\/comments?post=151550"}],"version-history":[{"count":1,"href":"https:\/\/die-webzeitung.de\/stuttgart\/wp-json\/wp\/v2\/posts\/151550\/revisions"}],"predecessor-version":[{"id":151551,"href":"https:\/\/die-webzeitung.de\/stuttgart\/wp-json\/wp\/v2\/posts\/151550\/revisions\/151551"}],"wp:attachment":[{"href":"https:\/\/die-webzeitung.de\/stuttgart\/wp-json\/wp\/v2\/media?parent=151550"}],"wp:term":[{"taxonomy":"category","embeddable":true,"href":"https:\/\/die-webzeitung.de\/stuttgart\/wp-json\/wp\/v2\/categories?post=151550"},{"taxonomy":"post_tag","embeddable":true,"href":"https:\/\/die-webzeitung.de\/stuttgart\/wp-json\/wp\/v2\/tags?post=151550"}],"curies":[{"name":"wp","href":"https:\/\/api.w.org\/{rel}","templated":true}]}}