{"id":151383,"date":"2023-11-03T12:34:23","date_gmt":"2023-11-03T11:34:23","guid":{"rendered":"https:\/\/die-webzeitung.de\/stuttgart\/?p=151383"},"modified":"2023-11-03T12:34:23","modified_gmt":"2023-11-03T11:34:23","slug":"vorlaeufige-prognose-anschlussunterbringung-2024-lage-ist-angespannt","status":"publish","type":"post","link":"https:\/\/die-webzeitung.de\/stuttgart\/2023\/11\/03\/vorlaeufige-prognose-anschlussunterbringung-2024-lage-ist-angespannt\/","title":{"rendered":"Vorl\u00e4ufige Prognose Anschlussunterbringung 2024 &#8211; Lage ist angespannt"},"content":{"rendered":"<p style=\"text-align: justify;\"><strong>Landrat Bernhard: \u201eFluchtmigration muss begrenzt werden\u201c<\/strong><\/p>\n<p style=\"text-align: justify;\">B\u00f6blingen.| Das Landratsamt B\u00f6blingen hat die Oberb\u00fcrgermeister, B\u00fcrgermeisterinnen und B\u00fcrgermeister in einem Schreiben \u00fcber die Prognose zur kommunalen Anschlussunterbringung f\u00fcr n\u00e4chstes Jahr informiert. Landrat Roland Bernhard erkl\u00e4rt: \u201eDie Lage zur Aufnahme Gefl\u00fcchteter im Landkreis B\u00f6blingen hat sich deutlich versch\u00e4rft. Derzeit werden dem Kreis B\u00f6blingen monatlich rund 350 Personen zur Unterbringung zugewiesen. Je nach weiterem Verlauf ist \u00a0nicht auszuschlie\u00dfen, dass wir sp\u00e4ter auch wieder verst\u00e4rkt auf Sporthallen zur\u00fcckgreifen m\u00fcssen. Unser Ziel ist aber, dies nach M\u00f6glichkeit zu vermeiden. Bereits jetzt nutzen wir zwei kreiseigene Sporthallen, deren Nutzung bereits enden h\u00e4tte sollen, aber immer wieder verl\u00e4ngert werden musste. Auch f\u00fcr die Kommunen sind die hohen Zuweisungszahlen in der Anschlussunterbringung von Gefl\u00fcchteten eine immense Herausforderung und ein Kraftakt. Nach der vorl\u00e4ufigen Prognose werden n\u00e4chstes Jahr 1.900 Gefl\u00fcchtete von der vorl\u00e4ufigen Unterbringung beim Landkreis in die kommunale Anschlussunterbringung wechseln. Weder auf Ebene des Kreises noch auf Ebene der Kommunen k\u00f6nnen wir dauerhaft die Aufnahme von Gefl\u00fcchteten in dieser Gr\u00f6\u00dfenordnung bew\u00e4ltigen. Gem\u00e4\u00df den Forderungen der kommunalen Landesverb\u00e4nde muss die Fluchtmigration begrenzt werden. Meine Erwartung an den am Montag stattfindenden Fl\u00fcchtlingsgipfel von Bundeskanzler und den L\u00e4ndern ist, dass wirksame Ma\u00dfnahmen, die vor Ort schnell entlasten, beschlossen und umgesetzt werden. Nur so kann die Versorgung der hier Schutz Suchenden weiter gelingen\u201c.<\/p>\n<p style=\"text-align: justify;\">Aktuell leben rund 11.500 Menschen im Landkreis, die vor Krieg oder politischer Verfolgung gefl\u00fcchtet sind. \u00dcber 4.700 Menschen sind dabei aus der Ukraine. Monatlich rund 350 Personen werden dem Landkreis B\u00f6blingen zur Unterbringung zugewiesen. Hauptherkunftsl\u00e4nder sind die Ukraine mit 15 %, die T\u00fcrkei mit 29 %, L\u00e4nder mit guter Bleibeperspektive (Syrien, Afghanistan, Iran, Irak) mit 20 %, Georgien mit 9% und Mazedonien mit 8 %.<\/p>\n<p style=\"text-align: justify;\">Soweit ukrainische Gefl\u00fcchtete keinen eigenst\u00e4ndigen Wohnraum nachweisen k\u00f6nnen, ist der Landkreis verpflichtet, f\u00fcr die Dauer von sechs Monaten Wohnraum in der vorl\u00e4ufigen Unterbringung bereit zu stellen. Danach erfolgt die Unterbringung in kommunaler Anschlussunterbringung der St\u00e4dte und Gemeinden. Asylantragsteller sind in der Regel bis zum Abschluss des Asylverfahrens in der vorl\u00e4ufigen Unterbringung aufzunehmen. Diese endet jedoch sp\u00e4testens nach einer maximalen Verweildauer von zwei Jahren. Danach werden die Personen ebenfalls den St\u00e4dten und Gemeinden zur kommunalen Anschlussunterbringung zugewiesen. Die kommunale Anschlussunterbringung ist daher eine wichtige S\u00e4ule bei der Aufnahme von Gefl\u00fcchteten.<\/p>\n<p style=\"text-align: justify;\">Aktuell betreibt der Landkreis B\u00f6blingen dezentral an 11 Standorten 26 Unterk\u00fcnfte zur vorl\u00e4ufigen Unterbringung von Gefl\u00fcchteten. Derzeit sind rund 1.900 Personen untergebracht. Zwei Objekte der vorl\u00e4ufigen Unterbringung sind Notunterk\u00fcnfte in Form von Sporthallen an den Standorten Gottlieb- Daimler-Schule Sindelfingen und dem Berufsschulzentrum Leonberg.<\/p>\n<p style=\"text-align: justify;\">Seitens des Bundes gibt es keine Prognose, wie sich die Zuweisungszahl von Gefl\u00fcchteten an die Landkreise in den n\u00e4chsten Monaten entwickeln wird. Landrat Bernhard erl\u00e4utert: \u201eAufgrund eigener Einsch\u00e4tzungen m\u00fcssen wir davon ausgehen, dass die hohen Zuweisungszahlen weiterhin auf einem hohen Niveau sein werden. Die Kapazit\u00e4tsplanung des Landkreises ist derzeit in Pr\u00fcfung und muss nochmals nach oben angepasst werden\u201c.<\/p>\n<hr \/>\n<p style=\"text-align: justify;\">\n","protected":false},"excerpt":{"rendered":"<p>Landrat Bernhard: \u201eFluchtmigration muss begrenzt werden\u201c B\u00f6blingen.| Das Landratsamt B\u00f6blingen hat die Oberb\u00fcrgermeister, B\u00fcrgermeisterinnen und B\u00fcrgermeister in einem Schreiben \u00fcber die Prognose zur kommunalen Anschlussunterbringung f\u00fcr n\u00e4chstes Jahr informiert. Landrat Roland Bernhard erkl\u00e4rt: \u201eDie Lage zur Aufnahme Gefl\u00fcchteter im Landkreis B\u00f6blingen hat sich deutlich versch\u00e4rft. Derzeit werden dem Kreis B\u00f6blingen monatlich rund 350 Personen zur [&hellip;]<\/p>\n","protected":false},"author":4,"featured_media":0,"comment_status":"closed","ping_status":"open","sticky":false,"template":"","format":"standard","meta":{"inline_featured_image":false,"_exactmetrics_skip_tracking":false,"_exactmetrics_sitenote_active":false,"_exactmetrics_sitenote_note":"","_exactmetrics_sitenote_category":0,"footnotes":""},"categories":[2246],"tags":[3061,14857,2083,68,13731],"class_list":{"0":"post-151383","1":"post","2":"type-post","3":"status-publish","4":"format-standard","6":"category-kreis-boeblingen","7":"tag-boblingen","8":"tag-die-webzeitung","9":"tag-fluchtling","10":"tag-online-zeitung","11":"tag-unterbringung"},"image_feature":null,"author_name":"Redaktion","pure_taxonomies":{"categories":[{"term_id":2246,"name":"Kreis B\u00f6blingen","slug":"kreis-boeblingen","term_group":0,"term_taxonomy_id":2259,"taxonomy":"category","description":"","parent":171,"count":197,"filter":"raw","image":""}],"tags":[{"term_id":3061,"name":"B\u00f6blingen","slug":"boblingen","term_group":0,"term_taxonomy_id":3075,"taxonomy":"post_tag","description":"","parent":0,"count":260,"filter":"raw","image":""},{"term_id":14857,"name":"Die-Webzeitung","slug":"die-webzeitung","term_group":0,"term_taxonomy_id":14876,"taxonomy":"post_tag","description":"","parent":0,"count":3630,"filter":"raw","image":""},{"term_id":2083,"name":"Fl\u00fcchtling","slug":"fluchtling","term_group":0,"term_taxonomy_id":2095,"taxonomy":"post_tag","description":"","parent":0,"count":2,"filter":"raw","image":""},{"term_id":68,"name":"Online-Zeitung","slug":"online-zeitung","term_group":0,"term_taxonomy_id":69,"taxonomy":"post_tag","description":"","parent":0,"count":3600,"filter":"raw","image":""},{"term_id":13731,"name":"Unterbringung","slug":"unterbringung","term_group":0,"term_taxonomy_id":13773,"taxonomy":"post_tag","description":"","parent":0,"count":3,"filter":"raw","image":""}]},"_links":{"self":[{"href":"https:\/\/die-webzeitung.de\/stuttgart\/wp-json\/wp\/v2\/posts\/151383","targetHints":{"allow":["GET"]}}],"collection":[{"href":"https:\/\/die-webzeitung.de\/stuttgart\/wp-json\/wp\/v2\/posts"}],"about":[{"href":"https:\/\/die-webzeitung.de\/stuttgart\/wp-json\/wp\/v2\/types\/post"}],"author":[{"embeddable":true,"href":"https:\/\/die-webzeitung.de\/stuttgart\/wp-json\/wp\/v2\/users\/4"}],"replies":[{"embeddable":true,"href":"https:\/\/die-webzeitung.de\/stuttgart\/wp-json\/wp\/v2\/comments?post=151383"}],"version-history":[{"count":1,"href":"https:\/\/die-webzeitung.de\/stuttgart\/wp-json\/wp\/v2\/posts\/151383\/revisions"}],"predecessor-version":[{"id":151384,"href":"https:\/\/die-webzeitung.de\/stuttgart\/wp-json\/wp\/v2\/posts\/151383\/revisions\/151384"}],"wp:attachment":[{"href":"https:\/\/die-webzeitung.de\/stuttgart\/wp-json\/wp\/v2\/media?parent=151383"}],"wp:term":[{"taxonomy":"category","embeddable":true,"href":"https:\/\/die-webzeitung.de\/stuttgart\/wp-json\/wp\/v2\/categories?post=151383"},{"taxonomy":"post_tag","embeddable":true,"href":"https:\/\/die-webzeitung.de\/stuttgart\/wp-json\/wp\/v2\/tags?post=151383"}],"curies":[{"name":"wp","href":"https:\/\/api.w.org\/{rel}","templated":true}]}}