{"id":151065,"date":"2023-09-28T17:05:04","date_gmt":"2023-09-28T16:05:04","guid":{"rendered":"https:\/\/die-webzeitung.de\/stuttgart\/?p=151065"},"modified":"2023-09-28T17:05:04","modified_gmt":"2023-09-28T16:05:04","slug":"neue-betreiber-fuer-die-busverkehre-im-verkehrsraum-oberes-heckengaeu","status":"publish","type":"post","link":"https:\/\/die-webzeitung.de\/stuttgart\/2023\/09\/28\/neue-betreiber-fuer-die-busverkehre-im-verkehrsraum-oberes-heckengaeu\/","title":{"rendered":"Neue Betreiber f\u00fcr die Busverkehre im Verkehrsraum \u201eOberes Heckeng\u00e4u\u201c"},"content":{"rendered":"<p style=\"text-align: justify;\">Enzkreis\/B\u00f6blingen.| Der Landkreis B\u00f6blingen sowie der Enzkreis organisieren gemeinsam die Busverkehre auf den Linien 652, 653(A), 655(A) sowie 765 im Verkehrsraum \u201eOberes Heckeng\u00e4u\u201c. Bisher wurden diese Verkehre von der Firma Seitter RVG mbH &amp; Co. KG eigenwirtschaftlich betrieben.<\/p>\n<p style=\"text-align: justify;\">Ab Montag, den 9. Oktober 2023, \u00fcbernehmen die Firmen Richard Eberhardt GmbH und Klingel GmbH diese Verkehrsleistungen. Damit ist ein nahtloser \u00dcbergang gew\u00e4hrleistet. Wegen eines Nachpr\u00fcfungsantrags bei der Vergabekammer Baden-W\u00fcrttemberg hatte die Kammer zun\u00e4chst das Vergabeverfahren gestoppt und die Zuschlagserteilung konnte nicht wie zun\u00e4chst geplant bereits am Montag geschehen. Im schlimmsten Fall h\u00e4tte eine Verz\u00f6gerung bedeutet, dass ab dem 9. Oktober wom\u00f6glich wochenlang kein \u00f6ffentlicher Busverkehr und Sch\u00fclerverkehr mehr auf den Linien h\u00e4tte stattfinden k\u00f6nnen. Dieser \u201eSuper-Gau im Heckeng\u00e4u\u201c konnte durch die Beteiligten abgewendet werden. Am Donnerstag, den 28.09.2023, teilte die Vergabekammer den Landkreisen schriftlich mit, dass der Nachpr\u00fcfungsantrag zur\u00fcckgenommen wurde.<\/p>\n<p style=\"text-align: justify;\">Aus Gr\u00fcnden des Vergaberechts erfolgt die Beauftragung zun\u00e4chst bis zum 31.12.2023. Im Rahmen eines weiteren Vergabeverfahrens wird entschieden, wer die Verkehre ab dem 01.01.2024 betreiben wird.<\/p>\n<p style=\"text-align: justify;\">Trotz dieser kurzfristig notwendig gewordenen \u00c4nderungen, welche f\u00fcr die genannten Verkehrsunternehmen mit gro\u00dfen Herausforderungen verbunden sind, kann f\u00fcr einen \u00dcbergangszeitraum zumindest ein Grundangebot sichergestellt werden. Den beiden Landkreisen war besonders wichtig, die Interessen der verschiedenen Fahrgastgruppen bestm\u00f6glich zu wahren. Ein besonderes Augenmerk wurde auf die Erbringung der Schulfahrten gelegt. Alle Beteiligten arbeiten mit Hochdruck daran, das Verkehrsangebot schnellstm\u00f6glich wieder auf das Niveau der Nahverkehrspl\u00e4ne anzuheben.<\/p>\n<p style=\"text-align: justify;\">Bis dahin d\u00fcrfte die Lage auf den genannten Linien weiter sehr angespannt bleiben und es muss ggfs. mit weiteren, aufgrund der Kurzfristigkeit eventuell auch nicht mehr kommunizierbaren Ausf\u00e4llen gerechnet werden. Der Landkreis B\u00f6blingen sowie der Enzkreis bitten daf\u00fcr bereits im Vorfeld um Verst\u00e4ndnis.<\/p>\n<p style=\"text-align: justify;\">\u00dcber die konkreten Fahrpl\u00e4ne, die ab dem 9. Oktober 2023 gelten, kann man sich auf der Homepage der Verkehrsverb\u00fcnde Verkehrs- und Tarifverbund Stuttgart (VVS) und Pforzheim-Enzkreis (VPE) informieren: <a href=\"http:\/\/www.vvs.de\" target=\"_blank\" rel=\"noopener\">www.vvs.de<\/a> und <a href=\"http:\/\/www.vpe.de\" target=\"_blank\" rel=\"noopener\">www.vpe.de<\/a><\/p>\n<p style=\"text-align: justify;\">Der Landkreis B\u00f6blingen sowie der Enzkreis sind \u00fcberzeugt, dass die oben genannten \u00c4nderungen zu einer verl\u00e4sslicheren Durchf\u00fchrung der Busverkehrsleistungen beitragen werden.<\/p>\n<hr \/>\n<p style=\"text-align: justify;\">\n","protected":false},"excerpt":{"rendered":"<p>Enzkreis\/B\u00f6blingen.| Der Landkreis B\u00f6blingen sowie der Enzkreis organisieren gemeinsam die Busverkehre auf den Linien 652, 653(A), 655(A) sowie 765 im Verkehrsraum \u201eOberes Heckeng\u00e4u\u201c. Bisher wurden diese Verkehre von der Firma Seitter RVG mbH &amp; Co. KG eigenwirtschaftlich betrieben. Ab Montag, den 9. Oktober 2023, \u00fcbernehmen die Firmen Richard Eberhardt GmbH und Klingel GmbH diese Verkehrsleistungen. [&hellip;]<\/p>\n","protected":false},"author":4,"featured_media":0,"comment_status":"closed","ping_status":"open","sticky":false,"template":"","format":"standard","meta":{"inline_featured_image":false,"_exactmetrics_skip_tracking":false,"_exactmetrics_sitenote_active":false,"_exactmetrics_sitenote_note":"","_exactmetrics_sitenote_category":0,"footnotes":""},"categories":[2246],"tags":[3061,14868,14857,14809,68],"class_list":{"0":"post-151065","1":"post","2":"type-post","3":"status-publish","4":"format-standard","6":"category-kreis-boeblingen","7":"tag-boblingen","8":"tag-busverkehr","9":"tag-die-webzeitung","10":"tag-heckengaeu","11":"tag-online-zeitung"},"image_feature":null,"author_name":"Redaktion","pure_taxonomies":{"categories":[{"term_id":2246,"name":"Kreis B\u00f6blingen","slug":"kreis-boeblingen","term_group":0,"term_taxonomy_id":2259,"taxonomy":"category","description":"","parent":171,"count":197,"filter":"raw","image":""}],"tags":[{"term_id":3061,"name":"B\u00f6blingen","slug":"boblingen","term_group":0,"term_taxonomy_id":3075,"taxonomy":"post_tag","description":"","parent":0,"count":260,"filter":"raw","image":""},{"term_id":14868,"name":"Busverkehr","slug":"busverkehr","term_group":0,"term_taxonomy_id":14887,"taxonomy":"post_tag","description":"","parent":0,"count":7,"filter":"raw","image":""},{"term_id":14857,"name":"Die-Webzeitung","slug":"die-webzeitung","term_group":0,"term_taxonomy_id":14876,"taxonomy":"post_tag","description":"","parent":0,"count":3630,"filter":"raw","image":""},{"term_id":14809,"name":"Heckeng\u00e4u","slug":"heckengaeu","term_group":0,"term_taxonomy_id":14828,"taxonomy":"post_tag","description":"","parent":0,"count":4,"filter":"raw","image":""},{"term_id":68,"name":"Online-Zeitung","slug":"online-zeitung","term_group":0,"term_taxonomy_id":69,"taxonomy":"post_tag","description":"","parent":0,"count":3600,"filter":"raw","image":""}]},"_links":{"self":[{"href":"https:\/\/die-webzeitung.de\/stuttgart\/wp-json\/wp\/v2\/posts\/151065","targetHints":{"allow":["GET"]}}],"collection":[{"href":"https:\/\/die-webzeitung.de\/stuttgart\/wp-json\/wp\/v2\/posts"}],"about":[{"href":"https:\/\/die-webzeitung.de\/stuttgart\/wp-json\/wp\/v2\/types\/post"}],"author":[{"embeddable":true,"href":"https:\/\/die-webzeitung.de\/stuttgart\/wp-json\/wp\/v2\/users\/4"}],"replies":[{"embeddable":true,"href":"https:\/\/die-webzeitung.de\/stuttgart\/wp-json\/wp\/v2\/comments?post=151065"}],"version-history":[{"count":1,"href":"https:\/\/die-webzeitung.de\/stuttgart\/wp-json\/wp\/v2\/posts\/151065\/revisions"}],"predecessor-version":[{"id":151066,"href":"https:\/\/die-webzeitung.de\/stuttgart\/wp-json\/wp\/v2\/posts\/151065\/revisions\/151066"}],"wp:attachment":[{"href":"https:\/\/die-webzeitung.de\/stuttgart\/wp-json\/wp\/v2\/media?parent=151065"}],"wp:term":[{"taxonomy":"category","embeddable":true,"href":"https:\/\/die-webzeitung.de\/stuttgart\/wp-json\/wp\/v2\/categories?post=151065"},{"taxonomy":"post_tag","embeddable":true,"href":"https:\/\/die-webzeitung.de\/stuttgart\/wp-json\/wp\/v2\/tags?post=151065"}],"curies":[{"name":"wp","href":"https:\/\/api.w.org\/{rel}","templated":true}]}}