{"id":150982,"date":"2023-09-18T13:26:52","date_gmt":"2023-09-18T12:26:52","guid":{"rendered":"https:\/\/die-webzeitung.de\/stuttgart\/?p=150982"},"modified":"2023-09-18T13:26:52","modified_gmt":"2023-09-18T12:26:52","slug":"einschraenkungen-im-bereich-heckengaeu","status":"publish","type":"post","link":"https:\/\/die-webzeitung.de\/stuttgart\/2023\/09\/18\/einschraenkungen-im-bereich-heckengaeu\/","title":{"rendered":"Einschr\u00e4nkungen im Bereich Heckeng\u00e4u"},"content":{"rendered":"<p style=\"text-align: justify;\"><strong>Betroffen sind die Buslinien 652, 653 und 765 der Firma Seitter<\/strong><\/p>\n<p style=\"text-align: justify;\">Das Busangebot der Firma Seitter im Bereich Heckeng\u00e4u wird ab Montag, 18. September bis auf Weiteres erheblich reduziert. Betroffen sind die Linien 652 (Rutesheim \u2013 Heimsheim \u2013 Tiefenbronn \u2013 Friolzheim), 653 (Leonberg \u2013 Rutesheim \u2013 Heimsheim \u2013 M\u00f6nsheim \u2013 Weissach Porsche \/ Wiernsheim) und 765 (Weissach Porsche \u2013 M\u00f6nsheim \u2013 Wiernsheim). Das Busunternehmen hat einen Notfahrplan erstellt, in dem insbesondere die Nebenverkehrszeit ausged\u00fcnnt wurde \u2013 der Sch\u00fclerverkehr (Linie 653A) und die Linie 655 (Rutesheim Bahnhof \u2013 Rutesheim Rathaus) sind von der Angebotsausd\u00fcnnung nicht betroffen. Der Hauptgrund f\u00fcr die Ausf\u00e4lle ist ein kurzfristig aufgetretener massiver Fahrermangel beim Busunternehmen Seitter.<\/p>\n<p style=\"text-align: justify;\">Der VVS empfiehlt seinen Fahrg\u00e4sten, ihre pers\u00f6nliche Verbindung \u00fcber die VVS-Fahrplanauskunft \u00fcber die Homepage oder App \u201eVVS Mobil\u201c zu pr\u00fcfen. Die Ausf\u00e4lle werden dort angezeigt. Das Landratsamt B\u00f6blingen, das Landratsamt Enzkreis, die Firma Seitter und der VVS suchen nach einer dauerhaften L\u00f6sung.<\/p>\n<hr \/>\n<p style=\"text-align: justify;\">\n","protected":false},"excerpt":{"rendered":"<p>Betroffen sind die Buslinien 652, 653 und 765 der Firma Seitter Das Busangebot der Firma Seitter im Bereich Heckeng\u00e4u wird ab Montag, 18. September bis auf Weiteres erheblich reduziert. Betroffen sind die Linien 652 (Rutesheim \u2013 Heimsheim \u2013 Tiefenbronn \u2013 Friolzheim), 653 (Leonberg \u2013 Rutesheim \u2013 Heimsheim \u2013 M\u00f6nsheim \u2013 Weissach Porsche \/ Wiernsheim) und [&hellip;]<\/p>\n","protected":false},"author":4,"featured_media":0,"comment_status":"closed","ping_status":"open","sticky":false,"template":"","format":"standard","meta":{"inline_featured_image":false,"_exactmetrics_skip_tracking":false,"_exactmetrics_sitenote_active":false,"_exactmetrics_sitenote_note":"","_exactmetrics_sitenote_category":0,"footnotes":""},"categories":[2246],"tags":[695,14857,14809,9],"class_list":{"0":"post-150982","1":"post","2":"type-post","3":"status-publish","4":"format-standard","6":"category-kreis-boeblingen","7":"tag-bus","8":"tag-die-webzeitung","9":"tag-heckengaeu","10":"tag-schaumedia"},"image_feature":null,"author_name":"Redaktion","pure_taxonomies":{"categories":[{"term_id":2246,"name":"Kreis B\u00f6blingen","slug":"kreis-boeblingen","term_group":0,"term_taxonomy_id":2259,"taxonomy":"category","description":"","parent":171,"count":197,"filter":"raw","image":""}],"tags":[{"term_id":695,"name":"Bus","slug":"bus","term_group":0,"term_taxonomy_id":703,"taxonomy":"post_tag","description":"","parent":0,"count":17,"filter":"raw","image":""},{"term_id":14857,"name":"Die-Webzeitung","slug":"die-webzeitung","term_group":0,"term_taxonomy_id":14876,"taxonomy":"post_tag","description":"","parent":0,"count":3630,"filter":"raw","image":""},{"term_id":14809,"name":"Heckeng\u00e4u","slug":"heckengaeu","term_group":0,"term_taxonomy_id":14828,"taxonomy":"post_tag","description":"","parent":0,"count":4,"filter":"raw","image":""},{"term_id":9,"name":"SchauMedia","slug":"schaumedia","term_group":0,"term_taxonomy_id":9,"taxonomy":"post_tag","description":"","parent":0,"count":1607,"filter":"raw","image":""}]},"_links":{"self":[{"href":"https:\/\/die-webzeitung.de\/stuttgart\/wp-json\/wp\/v2\/posts\/150982","targetHints":{"allow":["GET"]}}],"collection":[{"href":"https:\/\/die-webzeitung.de\/stuttgart\/wp-json\/wp\/v2\/posts"}],"about":[{"href":"https:\/\/die-webzeitung.de\/stuttgart\/wp-json\/wp\/v2\/types\/post"}],"author":[{"embeddable":true,"href":"https:\/\/die-webzeitung.de\/stuttgart\/wp-json\/wp\/v2\/users\/4"}],"replies":[{"embeddable":true,"href":"https:\/\/die-webzeitung.de\/stuttgart\/wp-json\/wp\/v2\/comments?post=150982"}],"version-history":[{"count":1,"href":"https:\/\/die-webzeitung.de\/stuttgart\/wp-json\/wp\/v2\/posts\/150982\/revisions"}],"predecessor-version":[{"id":150984,"href":"https:\/\/die-webzeitung.de\/stuttgart\/wp-json\/wp\/v2\/posts\/150982\/revisions\/150984"}],"wp:attachment":[{"href":"https:\/\/die-webzeitung.de\/stuttgart\/wp-json\/wp\/v2\/media?parent=150982"}],"wp:term":[{"taxonomy":"category","embeddable":true,"href":"https:\/\/die-webzeitung.de\/stuttgart\/wp-json\/wp\/v2\/categories?post=150982"},{"taxonomy":"post_tag","embeddable":true,"href":"https:\/\/die-webzeitung.de\/stuttgart\/wp-json\/wp\/v2\/tags?post=150982"}],"curies":[{"name":"wp","href":"https:\/\/api.w.org\/{rel}","templated":true}]}}