{"id":150709,"date":"2023-08-17T13:32:24","date_gmt":"2023-08-17T12:32:24","guid":{"rendered":"https:\/\/die-webzeitung.de\/stuttgart\/?p=150709"},"modified":"2023-08-17T13:32:24","modified_gmt":"2023-08-17T12:32:24","slug":"bauarbeiten-auf-der-schoenbuchbahn-3","status":"publish","type":"post","link":"https:\/\/die-webzeitung.de\/stuttgart\/2023\/08\/17\/bauarbeiten-auf-der-schoenbuchbahn-3\/","title":{"rendered":"Bauarbeiten auf der Sch\u00f6nbuchbahn"},"content":{"rendered":"<p style=\"text-align: justify;\"><strong>Schienenersatzverkehr wird eingerichtet<\/strong><\/p>\n<p style=\"text-align: justify;\">Von Samstag, 19. August, bis Sonntag 10. September, werden verschiedene Instandhaltungsma\u00dfnahmen auf der Strecke der Sch\u00f6nbuchbahn durchgef\u00fchrt. Unter anderem werden an mehreren Stellen Stopfarbeiten zur Verbesserung der Gleislage durchgef\u00fchrt. Au\u00dferdem werden alte Schwellen, insbesondere im Bereich B\u00f6blingen-Zimmerschlag und Dettenhausen erneuert. Die gesamte Strecke muss deshalb gesperrt werden. W\u00e4hrend dieser Zeit wird ein Schienenersatzverkehr mit Bussen eingerichtet.<\/p>\n<p style=\"text-align: justify;\">Die Ersatzbusse fahren vom ZOB B\u00f6blingen (Bahnsteig 9) und halten in der Berliner und T\u00fcbinger Stra\u00dfe und Sch\u00f6nbuchstra\u00dfe. In Holzgerlingen werden die Haltestellen Achalmstra\u00dfe, Bahnhof und Buch (G.-Binder-Stra\u00dfe) angefahren, in Weil im Sch\u00f6nbuch die Haltestellen Troppel, Haupt-, Wilhelmstra\u00dfe und Turnhalle. In Dettenhausen wird an den Haltestellen Altes Rathaus, Schule und T\u00fcbinger Str. zum Aussteigen angehalten, Endstation Bahnhof. Auf der R\u00fcckfahrt von Dettenhausen Bahnhof nach B\u00f6blingen h\u00e4lt der Bus auch an den Haltestellen Schule und Altes Rathaus zum Einsteigen.<\/p>\n<p style=\"text-align: justify;\">Der Fahrplan f\u00fcr den Schienenersatzverkehr h\u00e4ngt an den Haltestellen der Sch\u00f6nbuchbahn und an den Bus-Ersatzhaltestellen aus. Im Internet ist der Fahrplan auf den Seiten des VVS (<a href=\"http:\/\/www.vvs.de\" target=\"_blank\" rel=\"noopener\"><span style=\"color: #0000ff;\">www.vvs.de<\/span><\/a>), der WEG (<span style=\"color: #0000ff;\"><a style=\"color: #0000ff;\" href=\"http:\/\/www.weg-bahn.de\" target=\"_blank\" rel=\"noopener\">www.weg-bahn.de<\/a><\/span>) und des Zweckverbandes Sch\u00f6nbuchbahn (<a href=\"http:\/\/www.schoenbuchbahn.de\" target=\"_blank\" rel=\"noopener\"><span style=\"color: #0000ff;\">www.schoenbuchbahn.de<\/span><\/a>) abrufbar.<\/p>\n<p style=\"text-align: justify;\">Der Zweckverband Sch\u00f6nbuchbahn und die W\u00fcrttembergische Eisenbahn-Gesellschaft m\u00f6chten die Anwohner darauf hinweisen, dass es im Bereich der Bauma\u00dfnahmen, insbesondere im Bereich B\u00f6blingen Danziger Stra\u00dfe, zwischen Zimmerschlag und H\u00fclben sowie in Dettenhausen auch nachts zu erh\u00f6hten L\u00e4rmpegel kommen kann und bitten f\u00fcr die Unannehmlichkeiten um Verst\u00e4ndnis.<\/p>\n<hr \/>\n<p style=\"text-align: justify;\">\n","protected":false},"excerpt":{"rendered":"<p>Schienenersatzverkehr wird eingerichtet Von Samstag, 19. August, bis Sonntag 10. September, werden verschiedene Instandhaltungsma\u00dfnahmen auf der Strecke der Sch\u00f6nbuchbahn durchgef\u00fchrt. Unter anderem werden an mehreren Stellen Stopfarbeiten zur Verbesserung der Gleislage durchgef\u00fchrt. Au\u00dferdem werden alte Schwellen, insbesondere im Bereich B\u00f6blingen-Zimmerschlag und Dettenhausen erneuert. Die gesamte Strecke muss deshalb gesperrt werden. W\u00e4hrend dieser Zeit wird ein [&hellip;]<\/p>\n","protected":false},"author":4,"featured_media":0,"comment_status":"closed","ping_status":"open","sticky":false,"template":"","format":"standard","meta":{"inline_featured_image":false,"_exactmetrics_skip_tracking":false,"_exactmetrics_sitenote_active":false,"_exactmetrics_sitenote_note":"","_exactmetrics_sitenote_category":0,"footnotes":""},"categories":[2246],"tags":[3061,14857,68,14992],"class_list":{"0":"post-150709","1":"post","2":"type-post","3":"status-publish","4":"format-standard","6":"category-kreis-boeblingen","7":"tag-boblingen","8":"tag-die-webzeitung","9":"tag-online-zeitung","10":"tag-schoenbuchbahn"},"image_feature":null,"author_name":"Redaktion","pure_taxonomies":{"categories":[{"term_id":2246,"name":"Kreis B\u00f6blingen","slug":"kreis-boeblingen","term_group":0,"term_taxonomy_id":2259,"taxonomy":"category","description":"","parent":171,"count":197,"filter":"raw","image":""}],"tags":[{"term_id":3061,"name":"B\u00f6blingen","slug":"boblingen","term_group":0,"term_taxonomy_id":3075,"taxonomy":"post_tag","description":"","parent":0,"count":260,"filter":"raw","image":""},{"term_id":14857,"name":"Die-Webzeitung","slug":"die-webzeitung","term_group":0,"term_taxonomy_id":14876,"taxonomy":"post_tag","description":"","parent":0,"count":3630,"filter":"raw","image":""},{"term_id":68,"name":"Online-Zeitung","slug":"online-zeitung","term_group":0,"term_taxonomy_id":69,"taxonomy":"post_tag","description":"","parent":0,"count":3600,"filter":"raw","image":""},{"term_id":14992,"name":"Sch\u00f6nbuchbahn","slug":"schoenbuchbahn","term_group":0,"term_taxonomy_id":15011,"taxonomy":"post_tag","description":"","parent":0,"count":17,"filter":"raw","image":""}]},"_links":{"self":[{"href":"https:\/\/die-webzeitung.de\/stuttgart\/wp-json\/wp\/v2\/posts\/150709","targetHints":{"allow":["GET"]}}],"collection":[{"href":"https:\/\/die-webzeitung.de\/stuttgart\/wp-json\/wp\/v2\/posts"}],"about":[{"href":"https:\/\/die-webzeitung.de\/stuttgart\/wp-json\/wp\/v2\/types\/post"}],"author":[{"embeddable":true,"href":"https:\/\/die-webzeitung.de\/stuttgart\/wp-json\/wp\/v2\/users\/4"}],"replies":[{"embeddable":true,"href":"https:\/\/die-webzeitung.de\/stuttgart\/wp-json\/wp\/v2\/comments?post=150709"}],"version-history":[{"count":1,"href":"https:\/\/die-webzeitung.de\/stuttgart\/wp-json\/wp\/v2\/posts\/150709\/revisions"}],"predecessor-version":[{"id":150710,"href":"https:\/\/die-webzeitung.de\/stuttgart\/wp-json\/wp\/v2\/posts\/150709\/revisions\/150710"}],"wp:attachment":[{"href":"https:\/\/die-webzeitung.de\/stuttgart\/wp-json\/wp\/v2\/media?parent=150709"}],"wp:term":[{"taxonomy":"category","embeddable":true,"href":"https:\/\/die-webzeitung.de\/stuttgart\/wp-json\/wp\/v2\/categories?post=150709"},{"taxonomy":"post_tag","embeddable":true,"href":"https:\/\/die-webzeitung.de\/stuttgart\/wp-json\/wp\/v2\/tags?post=150709"}],"curies":[{"name":"wp","href":"https:\/\/api.w.org\/{rel}","templated":true}]}}