{"id":150260,"date":"2023-06-30T13:44:41","date_gmt":"2023-06-30T12:44:41","guid":{"rendered":"https:\/\/die-webzeitung.de\/stuttgart\/?p=150260"},"modified":"2023-06-30T13:44:41","modified_gmt":"2023-06-30T12:44:41","slug":"der-landkreis-boeblingen-wird-50-und-laedt-alle-zum-buergerfest-ein","status":"publish","type":"post","link":"https:\/\/die-webzeitung.de\/stuttgart\/2023\/06\/30\/der-landkreis-boeblingen-wird-50-und-laedt-alle-zum-buergerfest-ein\/","title":{"rendered":"Der Landkreis B\u00f6blingen wird 50 und l\u00e4dt alle zum B\u00fcrgerfest ein"},"content":{"rendered":"<p style=\"text-align: justify;\"><strong>Landrat Roland Bernhard: \u201eDie Vielfalt macht den Unterschied.\u201c <\/strong><\/p>\n<p style=\"text-align: justify;\">Der Landkreis B\u00f6blingen wird 50. Seine Geburtsstunde war die Vereinigung mit dem fr\u00fcheren Landkreis Leonberg, der 1973 aufgel\u00f6st wurde. Die Geburtswehen sind l\u00e4ngst verklungen und der Nordkreis ist mit dem S\u00fcdkreis immer mehr zusammengewachsen. \u201eDas feiern wir mit einem gro\u00dfen Fest und laden alle dazu ein,\u201c so Landrat Roland Bernhard. \u201eF\u00fcr rund 400.000 Menschen ist der Landkreis die Heimat, in der sie in Frieden und Wohlstand leben. Wir organisieren uns in Vereinen, leben und arbeiten in unseren 26 St\u00e4dten und Gemeinden und wir fahren gerne ins Gr\u00fcne, etwa in den Glemswald, den Sch\u00f6nbuch, ins Heckeng\u00e4u oder in die sch\u00f6nen Streuobstwiesen. Jeder hat seinen eigenen Lieblingsplatz, wo er sich heimelig f\u00fchlt und vielleicht sogar sein Gl\u00fcck verortet. Die Vielfalt macht den Unterschied.\u201c<\/p>\n<p style=\"text-align: justify;\">Das B\u00fcrgerfest findet am 9. Juli von 11 bis 18 Uhr auf dem Flugfeld in B\u00f6blingen\/Sindelfingen statt. Auf die Besucherinnen und Besucher warten viele Angebote f\u00fcr Klein und Gro\u00df. Insbesondere gibt es zahlreiche Familienangebote sowohl an den einzelnen St\u00e4nden als auch in einem speziellen Kinderbereich mit beispielsweise einer H\u00fcpfburg, Kinderschminken oder auch einer Fahrt im DLRG-Rettungsboot auf dem Langen See. Auf dem Festplatz pr\u00e4sentieren sich viele \u00c4mter und Abteilungen des Landratsamts, wie beispielsweise der Abfallwirtschaftsbetrieb mit seinen M\u00fcllfahrzeugen, und zudem viele weitere Partner des Landkreises, etwa die Feuerwehren, Polizei, DRK, J\u00e4ger, Lebenshilfen, usw.<\/p>\n<p style=\"text-align: justify;\">Auf der benachbarten Baustelle des Flugfeldklinikums findet parallel ein Tag der Offenen Baustelle statt. B\u00fcrgerinnen und B\u00fcrger k\u00f6nnen die Baustelle besichtigen und sich vor Ort \u00fcber das Projekt und den Fortschritt der Arbeiten informieren. F\u00fchrungen durch den Rohbau erlauben au\u00dferdem exklusive Einblicke in das Projekt. F\u00fcr die kleinen Besucher gibt es Spiel- und Bastelangebote rund um die Baustelle.<\/p>\n<p style=\"text-align: justify;\">Nach der Fester\u00f6ffnung durch Landrat Roland Bernhard folgt auf der zentralen Sparkassen-B\u00fchne ein vielf\u00e4ltiges Musikprogramm. Es spielen die Jagdhornbl\u00e4ser der Kreisj\u00e4gervereinigung B\u00f6blingen und das Kreisjugendorchester des Blasmusik-Kreisverbands. Der Chor des Landratsamts und der Chor der Lebenshilfe werden stimmgewaltig auftreten. Der Musiker Patrick Bopp l\u00e4dt bei seinem Programm \u201eAus voller Kehle f\u00fcr die Seele\u201c zum Mitsingen ein. Als weiteren Programmpunkt pr\u00e4miert die Sindelfinger Zeitung\/B\u00f6blinger Zeitung die Gewinner des Fotowettbewerbs zum eigenen Lieblingsort, der im Rahmen der Sonderver\u00f6ffentlichung zum Landkreisjubil\u00e4um ausgerufen wurde. Zum Abschluss sorgt die Big Band des Albert-Einstein-Gymnasiums B\u00f6blingen f\u00fcr Stimmung.<\/p>\n<p style=\"text-align: justify;\">Sowohl zwischen Festplatz und Flugfeldklinikum als auch zwischen Busbahnhof B\u00f6blingen und den beiden Orten f\u00e4hrt st\u00e4ndig ein Shuttlebus im Kreis. Interessant ist auch die Anreise mit dem Fahrrad, denn auch ein kostenloser RadCHECK ist Teil des B\u00fcrgerfests \u2013 man kann in dem Zug also gleich sein Fahrrad begutachten lassen. Wer mit dem Auto kommt, sollte die umliegenden Parkh\u00e4user, z.B. in der Konrad-Zuse-Stra\u00dfe oder die P+R-Pl\u00e4tze an den S-Bahnen nutzen.<\/p>\n<p style=\"text-align: justify;\">\u201eWir danken besonders den Sponsoren, die unsere Jubil\u00e4umsaktionen erst erm\u00f6glicht haben,\u201c sagt Landrat Bernhard und z\u00e4hlt neben der Kreissparkasse B\u00f6blingen als Hauptsponsor auch Bosch, die Porsche AG, AOK und die Stadtwerke Sindelfingen sowie die Stadtwerke B\u00f6blingen auf.<\/p>\n<p style=\"text-align: justify;\">1973 fand die Kreisreform statt, und so feiert der Landkreis B\u00f6blingen 2023 den 50. Geburtstag. Mit der Landkreisreform wurde der Kreis, wie wir ihn heute kennen, gebildet. Zum bestehenden Kreis B\u00f6blingen kamen damals einige St\u00e4dte und Gemeinden des ehemaligen Landkreises Leonberg hinzu (neben Leonberg auch Weil der Stadt, Renningen, Rutesheim und Weissach) sowie auch die Gemeinde Deckenpfronn, die bis dahin dem Landkreis Calw angeh\u00f6rt hatte. (2 Jahre sp\u00e4ter, 1975, wurden Leinfelden und Musberg an den Landkreis Esslingen abgegeben). So kennt man den Landkreis B\u00f6blingen heute, mit seinen 26 Kommunen, darunter neun St\u00e4dte und vier Gro\u00dfe Kreisst\u00e4dte. Informationen rund zum Jubil\u00e4um und die Veranstaltungen, die dieses Jahr noch geplant sind, finden sich auf der Jubil\u00e4ums-Homepage <a href=\"http:\/\/www.50JahreKreisBB.de\" target=\"_blank\" rel=\"noopener\">www.50JahreKreisBB.de<\/a>.<\/p>\n<hr \/>\n<p style=\"text-align: justify;\">\n","protected":false},"excerpt":{"rendered":"<p>Landrat Roland Bernhard: \u201eDie Vielfalt macht den Unterschied.\u201c Der Landkreis B\u00f6blingen wird 50. Seine Geburtsstunde war die Vereinigung mit dem fr\u00fcheren Landkreis Leonberg, der 1973 aufgel\u00f6st wurde. Die Geburtswehen sind l\u00e4ngst verklungen und der Nordkreis ist mit dem S\u00fcdkreis immer mehr zusammengewachsen. \u201eDas feiern wir mit einem gro\u00dfen Fest und laden alle dazu ein,\u201c so [&hellip;]<\/p>\n","protected":false},"author":4,"featured_media":0,"comment_status":"closed","ping_status":"open","sticky":false,"template":"","format":"standard","meta":{"inline_featured_image":false,"_exactmetrics_skip_tracking":false,"_exactmetrics_sitenote_active":false,"_exactmetrics_sitenote_note":"","_exactmetrics_sitenote_category":0,"footnotes":""},"categories":[2246],"tags":[3061,14857,68],"class_list":{"0":"post-150260","1":"post","2":"type-post","3":"status-publish","4":"format-standard","6":"category-kreis-boeblingen","7":"tag-boblingen","8":"tag-die-webzeitung","9":"tag-online-zeitung"},"image_feature":null,"author_name":"Redaktion","pure_taxonomies":{"categories":[{"term_id":2246,"name":"Kreis B\u00f6blingen","slug":"kreis-boeblingen","term_group":0,"term_taxonomy_id":2259,"taxonomy":"category","description":"","parent":171,"count":197,"filter":"raw","image":""}],"tags":[{"term_id":3061,"name":"B\u00f6blingen","slug":"boblingen","term_group":0,"term_taxonomy_id":3075,"taxonomy":"post_tag","description":"","parent":0,"count":260,"filter":"raw","image":""},{"term_id":14857,"name":"Die-Webzeitung","slug":"die-webzeitung","term_group":0,"term_taxonomy_id":14876,"taxonomy":"post_tag","description":"","parent":0,"count":3630,"filter":"raw","image":""},{"term_id":68,"name":"Online-Zeitung","slug":"online-zeitung","term_group":0,"term_taxonomy_id":69,"taxonomy":"post_tag","description":"","parent":0,"count":3600,"filter":"raw","image":""}]},"_links":{"self":[{"href":"https:\/\/die-webzeitung.de\/stuttgart\/wp-json\/wp\/v2\/posts\/150260","targetHints":{"allow":["GET"]}}],"collection":[{"href":"https:\/\/die-webzeitung.de\/stuttgart\/wp-json\/wp\/v2\/posts"}],"about":[{"href":"https:\/\/die-webzeitung.de\/stuttgart\/wp-json\/wp\/v2\/types\/post"}],"author":[{"embeddable":true,"href":"https:\/\/die-webzeitung.de\/stuttgart\/wp-json\/wp\/v2\/users\/4"}],"replies":[{"embeddable":true,"href":"https:\/\/die-webzeitung.de\/stuttgart\/wp-json\/wp\/v2\/comments?post=150260"}],"version-history":[{"count":1,"href":"https:\/\/die-webzeitung.de\/stuttgart\/wp-json\/wp\/v2\/posts\/150260\/revisions"}],"predecessor-version":[{"id":150261,"href":"https:\/\/die-webzeitung.de\/stuttgart\/wp-json\/wp\/v2\/posts\/150260\/revisions\/150261"}],"wp:attachment":[{"href":"https:\/\/die-webzeitung.de\/stuttgart\/wp-json\/wp\/v2\/media?parent=150260"}],"wp:term":[{"taxonomy":"category","embeddable":true,"href":"https:\/\/die-webzeitung.de\/stuttgart\/wp-json\/wp\/v2\/categories?post=150260"},{"taxonomy":"post_tag","embeddable":true,"href":"https:\/\/die-webzeitung.de\/stuttgart\/wp-json\/wp\/v2\/tags?post=150260"}],"curies":[{"name":"wp","href":"https:\/\/api.w.org\/{rel}","templated":true}]}}