{"id":150113,"date":"2023-06-15T16:09:31","date_gmt":"2023-06-15T15:09:31","guid":{"rendered":"https:\/\/die-webzeitung.de\/stuttgart\/?p=150113"},"modified":"2023-06-15T16:09:31","modified_gmt":"2023-06-15T15:09:31","slug":"wuermtal-radweg-zwischen-aidlingen-und-grafenau-fertiggestellt","status":"publish","type":"post","link":"https:\/\/die-webzeitung.de\/stuttgart\/2023\/06\/15\/wuermtal-radweg-zwischen-aidlingen-und-grafenau-fertiggestellt\/","title":{"rendered":"W\u00fcrmtal-Radweg zwischen Aidlingen und Grafenau fertiggestellt"},"content":{"rendered":"<p style=\"text-align: justify;\">Der W\u00fcrmtal-Radweg zwischen Aidlingen und Grafenau, der eine wichtige Verbindung f\u00fcr den Alltags- und Freizeitradverkehr darstellt, wurde erfolgreich saniert. Die Bauarbeiten erstreckten sich \u00fcber einen Zeitraum von etwa f\u00fcnf Wochen und wurden nun abgeschlossen.<\/p>\n<p style=\"text-align: justify;\">Eine der besonderen Ver\u00e4nderungen des Radweges ist die Asphaltierung der Oberfl\u00e4che. Zudem wurde eine retroreflektierende Randmarkierung aufgebracht. Durch diese Ma\u00dfnahmen wird den Radfahrern nun eine noch angenehmere und sicherere Fahrt erm\u00f6glicht. Gleichzeitig konnte die Breite des Radweges beibehalten werden, was sich als \u00e4u\u00dferst positiv f\u00fcr den Naturschutz erweist. Der Erhalt des urspr\u00fcnglichen Ma\u00dfes stellt sicher, dass die nat\u00fcrliche Umgebung entlang des Radweges intakt bleibt.<\/p>\n<p style=\"text-align: justify;\">Die Kosten f\u00fcr den Bau des W\u00fcrmtalradweges beliefen sich auf rund 500.000 Euro. \u201eWir freuen uns, dass Land und Bund 90 % dieser Kosten f\u00f6rdern und danken den zust\u00e4ndigen Beh\u00f6rden herzlich daf\u00fcr,\u201c so Landrat Roland Bernhard. &#8220;Die Fertigstellung des W\u00fcrmtalradweges ist ein gro\u00dfer Erfolg f\u00fcr unseren Landkreis. Dieser Radweg ist nicht nur von gro\u00dfer Bedeutung f\u00fcr den Alltagsradverkehr, sondern auch f\u00fcr den Freizeitradverkehr. Der W\u00fcrmtalradweg wird zweifellos dazu beitragen, die Mobilit\u00e4t und Lebensqualit\u00e4t der Menschen im Heckeng\u00e4u zu verbessern. Der Landkreis l\u00e4dt alle Interessierten herzlich ein, den neuen W\u00fcrmtalradweg zu erkunden und das Radfahren als umweltfreundliche und gesunde Mobilit\u00e4tsalternative zu genie\u00dfen.\u201c<\/p>\n<p style=\"text-align: justify;\">Der W\u00fcrmtalradweg hat eine gro\u00dfe Bedeutung f\u00fcr den Alltagsradverkehr, da er als Ersatz f\u00fcr einen nicht realisierbaren stra\u00dfenbegleitenden Radweg entlang der K 1063 fungiert. Aufgrund von Platzmangel und Naturschutzauflagen ist es nicht m\u00f6glich, einen Radweg entlang dieser Stra\u00dfe zu errichten. Dank des neu sanierten W\u00fcrmtalradweges k\u00f6nnen Pendler und Anwohner nun sicher und komfortabel ihre t\u00e4glichen Wege mit dem Fahrrad zur\u00fccklegen.<\/p>\n<p style=\"text-align: justify;\">Dar\u00fcber hinaus spielt der W\u00fcrmtalradweg eine entscheidende Rolle f\u00fcr den Freizeitradverkehr. Der Abschnitt zwischen Aidlingen und Grafenau ist Teil der bekannten SCULPTOURA und auch des NAH.TOUR.RADWEGES (siehe auch: <a href=\"http:\/\/www.schoenbuch-heckengaeu.de\/erleben\/radfahren\/\" target=\"_blank\" rel=\"noopener\">www.schoenbuch-heckengaeu.de\/erleben\/radfahren<\/a>). Mit seiner landschaftlich reizvollen Streckenf\u00fchrung bietet er ein attraktives Angebot f\u00fcr Radfahrer aller Altersgruppen.<\/p>\n<p style=\"text-align: justify;\">Zur offiziellen Er\u00f6ffnung des diesj\u00e4hrigen Stadtradelns am 02.07.2023 wird bei einer Radtour auch der neu gestaltete Abschnitt des W\u00fcrmtalradwegs befahren.<\/p>\n<hr \/>\n<p style=\"text-align: justify;\">\n","protected":false},"excerpt":{"rendered":"<p>Der W\u00fcrmtal-Radweg zwischen Aidlingen und Grafenau, der eine wichtige Verbindung f\u00fcr den Alltags- und Freizeitradverkehr darstellt, wurde erfolgreich saniert. Die Bauarbeiten erstreckten sich \u00fcber einen Zeitraum von etwa f\u00fcnf Wochen und wurden nun abgeschlossen. Eine der besonderen Ver\u00e4nderungen des Radweges ist die Asphaltierung der Oberfl\u00e4che. Zudem wurde eine retroreflektierende Randmarkierung aufgebracht. Durch diese Ma\u00dfnahmen wird [&hellip;]<\/p>\n","protected":false},"author":4,"featured_media":0,"comment_status":"closed","ping_status":"open","sticky":false,"template":"","format":"standard","meta":{"inline_featured_image":false,"_exactmetrics_skip_tracking":false,"_exactmetrics_sitenote_active":false,"_exactmetrics_sitenote_note":"","_exactmetrics_sitenote_category":0,"footnotes":""},"categories":[2246],"tags":[3061,14857,68,17633],"class_list":{"0":"post-150113","1":"post","2":"type-post","3":"status-publish","4":"format-standard","6":"category-kreis-boeblingen","7":"tag-boblingen","8":"tag-die-webzeitung","9":"tag-online-zeitung","10":"tag-wuermtal-radweg"},"image_feature":null,"author_name":"Redaktion","pure_taxonomies":{"categories":[{"term_id":2246,"name":"Kreis B\u00f6blingen","slug":"kreis-boeblingen","term_group":0,"term_taxonomy_id":2259,"taxonomy":"category","description":"","parent":171,"count":197,"filter":"raw","image":""}],"tags":[{"term_id":3061,"name":"B\u00f6blingen","slug":"boblingen","term_group":0,"term_taxonomy_id":3075,"taxonomy":"post_tag","description":"","parent":0,"count":260,"filter":"raw","image":""},{"term_id":14857,"name":"Die-Webzeitung","slug":"die-webzeitung","term_group":0,"term_taxonomy_id":14876,"taxonomy":"post_tag","description":"","parent":0,"count":3630,"filter":"raw","image":""},{"term_id":68,"name":"Online-Zeitung","slug":"online-zeitung","term_group":0,"term_taxonomy_id":69,"taxonomy":"post_tag","description":"","parent":0,"count":3600,"filter":"raw","image":""},{"term_id":17633,"name":"W\u00fcrmtal-Radweg","slug":"wuermtal-radweg","term_group":0,"term_taxonomy_id":17652,"taxonomy":"post_tag","description":"","parent":0,"count":1,"filter":"raw","image":""}]},"_links":{"self":[{"href":"https:\/\/die-webzeitung.de\/stuttgart\/wp-json\/wp\/v2\/posts\/150113","targetHints":{"allow":["GET"]}}],"collection":[{"href":"https:\/\/die-webzeitung.de\/stuttgart\/wp-json\/wp\/v2\/posts"}],"about":[{"href":"https:\/\/die-webzeitung.de\/stuttgart\/wp-json\/wp\/v2\/types\/post"}],"author":[{"embeddable":true,"href":"https:\/\/die-webzeitung.de\/stuttgart\/wp-json\/wp\/v2\/users\/4"}],"replies":[{"embeddable":true,"href":"https:\/\/die-webzeitung.de\/stuttgart\/wp-json\/wp\/v2\/comments?post=150113"}],"version-history":[{"count":1,"href":"https:\/\/die-webzeitung.de\/stuttgart\/wp-json\/wp\/v2\/posts\/150113\/revisions"}],"predecessor-version":[{"id":150114,"href":"https:\/\/die-webzeitung.de\/stuttgart\/wp-json\/wp\/v2\/posts\/150113\/revisions\/150114"}],"wp:attachment":[{"href":"https:\/\/die-webzeitung.de\/stuttgart\/wp-json\/wp\/v2\/media?parent=150113"}],"wp:term":[{"taxonomy":"category","embeddable":true,"href":"https:\/\/die-webzeitung.de\/stuttgart\/wp-json\/wp\/v2\/categories?post=150113"},{"taxonomy":"post_tag","embeddable":true,"href":"https:\/\/die-webzeitung.de\/stuttgart\/wp-json\/wp\/v2\/tags?post=150113"}],"curies":[{"name":"wp","href":"https:\/\/api.w.org\/{rel}","templated":true}]}}