{"id":149828,"date":"2023-05-22T10:48:05","date_gmt":"2023-05-22T09:48:05","guid":{"rendered":"https:\/\/die-webzeitung.de\/stuttgart\/2023\/05\/22\/svl-schlaegt-potsdam-und-holt-platz-fuenf\/"},"modified":"2023-05-22T10:48:05","modified_gmt":"2023-05-22T09:48:05","slug":"svl-schlaegt-potsdam-und-holt-platz-fuenf","status":"publish","type":"post","link":"https:\/\/die-webzeitung.de\/stuttgart\/2023\/05\/22\/svl-schlaegt-potsdam-und-holt-platz-fuenf\/","title":{"rendered":"SVL schl\u00e4gt Potsdam und holt Platz f\u00fcnf\u00a0"},"content":{"rendered":"<p style=\"text-align: justify;\">Die SVL-Wasserballer haben am Samstagabend zuhause im Freibad Hoheneck den OSC Potsdam knapp mit 8:7 geschlagen und sind damit F\u00fcnfter. Ludwigsburg hat sich damit erneut f\u00fcr den Euro-Cup qualifiziert.<\/p>\n<p style=\"text-align: justify;\">Was f\u00fcr ein Abend f\u00fcr das erste echte Heimspiel der SVL-Bundesligawasserballer! Die Sonne lacht vom Himmel, die Stimmung bei den Zuschauern ist bestens. Bis dato wurde immer im Sportbad Stuttgart gespielt, jetzt, endlich, im Freibad Hoheneck.<\/p>\n<p style=\"text-align: justify;\">In ein paar Minuten wird die Partie gegen den OSC Potsdam, in der es um Platz f\u00fcnf geht, angepfiffen. Die Orcas sind ein junges, ehrgeiziges Team. Auch wenn Ludwigsburg favorisiert ist, gewonnen ist hier noch gar nichts. Adrijan Jakovcev springt mal wieder als SVL-Trainer ein, weil Marko Curic nach wie vor wegen einer Roten Karte gesperrt ist. \u201eFeuerwehrmann Adrian\u201c, sagt er und lacht.<\/p>\n<p style=\"text-align: justify;\">Das Spiel k\u00f6nnte das letzte in dieser Besetzung werden, ruft er den Wasserballern zu, die alle schwarz-gelb tragen &#8211; also: haut rein. Wenn die Partie gewonnen wird, ist die Saison beendet und Platz f\u00fcnf w\u00e4re erreicht. Sollte der SVL allerdings verlieren, dann w\u00fcrde gleich am Sonntag ein drittes, dann entscheidendes Spiel stattfinden. Das erste von maximal drei Spielen gegen die Orcas hat Ludwigsburg vor einer Woche souver\u00e4n f\u00fcr sich entscheiden k\u00f6nnen.<\/p>\n<p style=\"text-align: justify;\">Der Anpfiff. Das erste Anschwimmen holt Domagoj Mijatovic f\u00fcr den SVL. Erster Angriff, aber kein Tor. Auch im Gegenangriff, kein Tor. Bald ein Aufsetzer vom Kapit\u00e4n Nino Blazevic, knapp am Tor vorbei. Dann ein Lattentreffer der Orcas. Angriff SVL, Tor, Nino Blazevic bringt Ludwigsburg in F\u00fchrung. 1:0. Unterzahl SVL. Der n\u00e4chste Lattentreffer, Gl\u00fcck f\u00fcr Ludwigsburg. Ein bl\u00f6der Ballverlust, Angriff Potsdam, der Ausgleich. 1:1. Und gleich der n\u00e4chste Treffer f\u00fcr die Orcas. 1:2. \u00dcberzahl SVL, ein toller Treffer durch Vitor Pavicic Capucho, der Ausgleich zum 2:2. Aber im Gegenzug f\u00e4llt sofort das 2:3 f\u00fcr Potsdam. Die SVL-Abwehr hat Probleme. Unterzahl SVL. Und das 2:4. Ein Viertel weitgehend zum Vergessen f\u00fcr Ludwigsburg, vorne zu viele vergebene Chancen, hinten wackelt die Abwehr.<\/p>\n<p style=\"text-align: justify;\">Das zweite Viertel. Wieder holt der SVL den Ball. Aber wieder kein Tor. Angriff Orcas, der SVL-Keeper Josip Katusa verhindert das n\u00e4chste Gegentor. Dann &#8211; endlich &#8211; das 3:4 durch Guram Kutchuashvili. Ludwigsburg ist dran. Unterzahl SVL. Auszeit OSC. Viele Fehlsch\u00fcsse auf beiden Seiten. Auszeit SVL. Vitor Pavicic Capucho fasst sich ein Herz, ein knallharter Schuss aus der zweiten Reihe, Treffer. Der Ausgleich zum 4:4. Halbzeit.<\/p>\n<p style=\"text-align: justify;\">Auch das dritte Anschwimmen geht an Ludwigsburg. Angriff, top Parade des Orca-Torwarts. Auch auf der anderen Seite: eine super Parade von Josip Katusa. Domagoj Mijatovic bringt Ludwigsburg in F\u00fchrung. Ein tolles Abstauber-Tor. 5:4. Angriff Orcas, toll verteidigt von Nino Blacevic. N\u00e4chster Angriff Potsdam, Parade Josip Katusa. Foul SVL, Strafwurf, verschossen. Die Latte rettet Ludwigsburg. Weiter 5:4. Und wieder Josip Katusa, der SVL-Torwart pfl\u00fcckt den Ball aus der Luft.<\/p>\n<p style=\"text-align: justify;\">Und das vierte Anschwimmen, wieder vom SVL gewonnen. Aber keine Torausbeute. Unterzahl Ludwigsburg und der erneute Ausgleich. 5:5. Es bleibt spannend. Dann schl\u00e4gt erneut Vitor Pavicic Capucho zu, ein Distanzschuss zum 6:5. Was f\u00fcr ein Tor! Foul OSC, Strafwurf, der SVL-Kapit\u00e4n haut den Ball rein ins Tor der Orcas, 7:5. Zwei Tore vorne, aber im Gegenzug f\u00e4llt das 7:6. Unterzahl SVL. Angriff Orcas, gut verteidigt, noch gut zwei Minuten, Vitor Pavicic Capucho macht seinen vierten Treffer zum 8:6. Reicht das? Abwarten. Auszeit Orcas. Unterzahl SVL. Der OSC macht das 8:7, aber zu sp\u00e4t. Es ist nur noch eine Sekunde ist auf der Uhr. Der Abpfiff.<\/p>\n<p style=\"text-align: justify;\">Der knappe Kommentar von Volker Heyn: \u201eNa also.\u201c Platz f\u00fcnf bedeutet die Qualifikation f\u00fcr den Euro-Cup im Herbst. \u201eDas Minimalziel ist erreicht\u201c, sagt der SVL-Pr\u00e4sident. Eigentlich war zu Beginn der Saison Platz vier als Ziel ausgerufen worden, und es hie\u00df: wenn alles glatt l\u00e4uft, dann sei wom\u00f6glich sogar Platz drei drinnen. Manches lief aber nicht rund, immer wieder waren zu viele SVL-Spieler verletzt oder krank. Und dann war da auch noch die Trennung vom Trainer Marko Martinic in der Winterpause. Im Januar hat Marco Curic \u00fcbernommen und der Mannschaft zu mehr Stabilit\u00e4t verholfen.<\/p>\n<p style=\"text-align: justify;\">Ludwigsburg hatte vor ein paar Wochen das Spiel um Platz drei im DSV-Pokal unerwartet und ziemlich deutlich gegen den OSC Potsdam verloren. Jetzt die Revanche, sagt ein zufriedener SVL-Betreuer Dieter Gscheidle. W\u00e4hrend der Minuten nach dem Abpfiff denken die Spieler sicherlich nicht an diese bittere Niederlage im Pokal.<\/p>\n<p style=\"text-align: justify;\">Sie lassen sich von den Fans feiern und kommen zusammen f\u00fcr das Siegerfoto. Zu sehen sind viele strahlende Gesichter und in den Himmel ausgestreckte Arme. Der SVL-Nationalspieler Tobias Bauer grinst und sagt: \u201eWir haben gemacht, was wir mussten.\u201c Und der Kapit\u00e4n Nino Blazevic erkl\u00e4rt knapp: \u201eDer Job ist erledigt &#8211; und wir sind auch erledigt.\u201c Das Team habe wieder Ausf\u00e4lle kompensieren m\u00fcssen, Jure Bozan und Jakov Skiljic &#8211; zwei ganz wichtige Spieler &#8211; sind verletzt. Nino Blazevic gratuliert \u201edem jungen Team aus Potsdam\u201c zu Platz sechs. F\u00fcr den SVL sei es toll, dass die Saison mit einen Sieg ende.<\/p>\n<p style=\"text-align: justify;\">Marko Curic steht ein bisschen abseits. Der Trainer, der seine Mannschaft an diesem Tag nicht coachen durfte, sagt, er sei sehr zufrieden &#8211; mit diesem Sieg gegen den OSC und mit dem Verlauf der Saison. Der SVL habe im Pokal die Runde der letzten vier erreicht und jetzt die Quali f\u00fcr Europa geschafft. Viel mehr sei nicht drinnen gewesen, aber klar, \u201ewir sind traurig, dass wir im Pokal die Medaille verpasst haben\u201c. Schnee von gestern.<\/p>\n<p style=\"text-align: justify;\">Der Interimstrainer Adrijan Jakovcev sagt, bei diesem Spiel gegen Potsdam habe die Mannschaft Charakter gezeigt &#8211; das sei gut f\u00fcr die kommenden Partien in der neuen Saison und auch ganz allgemein f\u00fcr die Zukunft jedes einzelnen Spielers. Josip Katusa sagt, was vermutlich alle denken: \u201eGottseidank m\u00fcssen wir am Sonntag nicht nochmal spielen.\u201c Dieter Gscheidle spricht von einem \u201eerwartet engen Spiel gegen Potsdam &#8211; mit einem vers\u00f6hnlichen Ende\u201c.<\/p>\n<p style=\"text-align: justify;\">Und dann wird am Beckenrand ein bisschen gefeiert &#8211; mit Bier, Grillwurst und Steaks. Der SVL-Vizepr\u00e4sident Matthias Nagel verabschiedet zwei Wasserballer, die im n\u00e4chsten Jahr nicht mehr f\u00fcr den SVL antreten werden: Mikael Metodiev &#8211; er ist seit zwei Jahren in Ludwigsburg &#8211; wechselt nach Italien in die Erste Liga zu Palermo.<\/p>\n<p style=\"text-align: justify;\">Und der zweite Torwart Ivan Pisk tritt zur\u00fcck, er war sechs Jahre lang beim SVL, vier Jahre lang die Nummer eins im Tor und drei Jahre lang der Kapit\u00e4n. Ivan spricht von \u201eeiner sch\u00f6nen Zeit\u201c. Er sei traurig und froh zugleich, sagt er. Fortan gar kein Sport mehr? Nein, antwortet Ivan, das sei f\u00fcr ihn keine Option. Er werde Rad fahren, schwimmen, ins Fitnessstudio gehen. Nie mehr Wasserball spielen? \u201eDie n\u00e4chste Saison jedenfalls nicht.\u201c Er k\u00f6nne sich aber vorstellen, danach in der zweiten oder dritten Mannschaft zu spielen. Bei den n\u00e4chsten SVL-Partien in der Bundesliga werde er aber ganz bestimmt immer mal wieder dabei sein &#8211; als Zuschauer, als Helfer oder als Betreuer.<\/p>\n<hr \/>\n<p style=\"text-align: justify;\">\n","protected":false},"excerpt":{"rendered":"<p>Die SVL-Wasserballer haben am Samstagabend zuhause im Freibad Hoheneck den OSC Potsdam knapp mit 8:7 geschlagen und sind damit F\u00fcnfter. Ludwigsburg hat sich damit erneut f\u00fcr den Euro-Cup qualifiziert. Was f\u00fcr ein Abend f\u00fcr das erste echte Heimspiel der SVL-Bundesligawasserballer! Die Sonne lacht vom Himmel, die Stimmung bei den Zuschauern ist bestens. Bis dato wurde [&hellip;]<\/p>\n","protected":false},"author":4,"featured_media":0,"comment_status":"closed","ping_status":"open","sticky":false,"template":"","format":"standard","meta":{"inline_featured_image":false,"_exactmetrics_skip_tracking":false,"_exactmetrics_sitenote_active":false,"_exactmetrics_sitenote_note":"","_exactmetrics_sitenote_category":0,"footnotes":""},"categories":[110],"tags":[131,14857,68,15012,14387,14388,14027],"class_list":{"0":"post-149828","1":"post","2":"type-post","3":"status-publish","4":"format-standard","6":"category-sport","7":"tag-bundesliga","8":"tag-die-webzeitung","9":"tag-online-zeitung","10":"tag-schwimmen","11":"tag-schwimmverein","12":"tag-svl","13":"tag-wasserball"},"image_feature":null,"author_name":"Redaktion","pure_taxonomies":{"categories":[{"term_id":110,"name":"Sport","slug":"sport","term_group":0,"term_taxonomy_id":112,"taxonomy":"category","description":"Sportberichte","parent":0,"count":1043,"filter":"raw","image":""}],"tags":[{"term_id":131,"name":"Bundesliga","slug":"bundesliga","term_group":0,"term_taxonomy_id":133,"taxonomy":"post_tag","description":"","parent":0,"count":699,"filter":"raw","image":""},{"term_id":14857,"name":"Die-Webzeitung","slug":"die-webzeitung","term_group":0,"term_taxonomy_id":14876,"taxonomy":"post_tag","description":"","parent":0,"count":3621,"filter":"raw","image":""},{"term_id":68,"name":"Online-Zeitung","slug":"online-zeitung","term_group":0,"term_taxonomy_id":69,"taxonomy":"post_tag","description":"","parent":0,"count":3591,"filter":"raw","image":""},{"term_id":15012,"name":"schwimmen","slug":"schwimmen","term_group":0,"term_taxonomy_id":15031,"taxonomy":"post_tag","description":"","parent":0,"count":149,"filter":"raw","image":""},{"term_id":14387,"name":"Schwimmverein","slug":"schwimmverein","term_group":0,"term_taxonomy_id":14421,"taxonomy":"post_tag","description":"","parent":0,"count":152,"filter":"raw","image":""},{"term_id":14388,"name":"SVL","slug":"svl","term_group":0,"term_taxonomy_id":14422,"taxonomy":"post_tag","description":"","parent":0,"count":151,"filter":"raw","image":""},{"term_id":14027,"name":"Wasserball","slug":"wasserball","term_group":0,"term_taxonomy_id":14069,"taxonomy":"post_tag","description":"","parent":0,"count":132,"filter":"raw","image":""}]},"_links":{"self":[{"href":"https:\/\/die-webzeitung.de\/stuttgart\/wp-json\/wp\/v2\/posts\/149828","targetHints":{"allow":["GET"]}}],"collection":[{"href":"https:\/\/die-webzeitung.de\/stuttgart\/wp-json\/wp\/v2\/posts"}],"about":[{"href":"https:\/\/die-webzeitung.de\/stuttgart\/wp-json\/wp\/v2\/types\/post"}],"author":[{"embeddable":true,"href":"https:\/\/die-webzeitung.de\/stuttgart\/wp-json\/wp\/v2\/users\/4"}],"replies":[{"embeddable":true,"href":"https:\/\/die-webzeitung.de\/stuttgart\/wp-json\/wp\/v2\/comments?post=149828"}],"version-history":[{"count":0,"href":"https:\/\/die-webzeitung.de\/stuttgart\/wp-json\/wp\/v2\/posts\/149828\/revisions"}],"wp:attachment":[{"href":"https:\/\/die-webzeitung.de\/stuttgart\/wp-json\/wp\/v2\/media?parent=149828"}],"wp:term":[{"taxonomy":"category","embeddable":true,"href":"https:\/\/die-webzeitung.de\/stuttgart\/wp-json\/wp\/v2\/categories?post=149828"},{"taxonomy":"post_tag","embeddable":true,"href":"https:\/\/die-webzeitung.de\/stuttgart\/wp-json\/wp\/v2\/tags?post=149828"}],"curies":[{"name":"wp","href":"https:\/\/api.w.org\/{rel}","templated":true}]}}