{"id":149579,"date":"2023-04-28T16:19:56","date_gmt":"2023-04-28T15:19:56","guid":{"rendered":"https:\/\/die-webzeitung.de\/stuttgart\/?p=149579"},"modified":"2023-04-28T16:19:56","modified_gmt":"2023-04-28T15:19:56","slug":"baubedingte-fahrplanaenderungen-auf-der-gaeubahn","status":"publish","type":"post","link":"https:\/\/die-webzeitung.de\/stuttgart\/2023\/04\/28\/baubedingte-fahrplanaenderungen-auf-der-gaeubahn\/","title":{"rendered":"Baubedingte Fahrplan\u00e4nderungen auf der G\u00e4ubahn"},"content":{"rendered":"<p style=\"text-align: justify;\"><strong>Linien RE 4, RB\/RE 14a und RB\/RE 14b (KBS 740 G\u00e4ubahn) \u2013 Zugausf\u00e4lle und Ersatzverkehr im Zeitraum 3. Juni bis 26. Oktober 2023<\/strong><\/p>\n<p style=\"text-align: justify;\">Kreis B\u00f6blingen.| In diesem Jahr stehen wieder die Arbeiten f\u00fcr den zweigleisigen Ausbau der G\u00e4ubahn im Abschnitt Horb\u2013 Neckarhausen und f\u00fcr den Bau des neuen Elektronischen Stellwerks (ESTW) in Horb im Mittelpunkt. Au\u00dferdem werden mehrere St\u00fctzmauern zwischen Tuttlingen und Hattingen saniert. Des Weiteren werden am W\u00fcrmtal-Viadukt bei Ehningen Instandhaltungsarbeiten durchgef\u00fchrt und an der Freudenst\u00e4dter Strecke in Gr\u00fcntal-Wittlensweiler wird an einer Stra\u00dfenbr\u00fccke gearbeitet.<\/p>\n<p>F\u00fcr alle diese Arbeiten m\u00fcssen die Gleise der G\u00e4ubahn in verschiedenen Abschnitten und Zeitr\u00e4umen gesperrt werden. Fahrplan\u00e4nderungen und Ersatzverkehr mit Bussen sind leider \u2013 auch \u00fcber l\u00e4ngere Streckenabschnitte \u2013 unvermeidlich. Von den Sperrungen sind die Z\u00fcge des Fern- und Regionalverkehrs betroffen.<\/p>\n<p style=\"text-align: justify;\"><u><\/u><u><\/u><b>Horb <\/b><b>\u25c4\u25ba<\/b><b> Rottweil und Tuttlingen <\/b><b>\u25c4\u25ba<\/b><b> Singen<br \/>\n<\/b>3. Juni \u2013 26. Oktober 2023<u><\/u><u><\/u><\/p>\n<p style=\"text-align: justify;\"><b>B\u00f6blingen <\/b><b>\u25c4\u25ba<\/b><b> Herrenberg<br \/>\n<u><\/u><u><\/u><\/b>1. Juli \u2013 8. September 2023<u><\/u><u><\/u><\/p>\n<p style=\"text-align: justify;\"><b>Eutingen im G\u00e4<\/b><b>u <\/b><b>\u25c4\u25ba<\/b><b> Freudenstadt<\/b><br \/>\n12. Juni \u2013 8. September 2023<\/p>\n<p>W\u00e4hrend der Sommerferien ist auch der Stuttgarter S-Bahn-Tunnel f\u00fcr sechs Wochen vom 29. Juli bis 8. September 2023 wegen umfangreicher Modernisierungsarbeiten gesperrt. Weitere Infos unter <a href=\"https:\/\/www.s-bahn-stuttgart.de\/s-stuttgart\/aktuelles\/Stammstreckensperrung-2023-10424994\" target=\"_blank\" rel=\"noopener\" data-saferedirecturl=\"https:\/\/www.google.com\/url?q=https:\/\/www.s-bahn-stuttgart.de\/s-stuttgart\/aktuelles\/Stammstreckensperrung-2023-10424994&amp;source=gmail&amp;ust=1682768661389000&amp;usg=AOvVaw3eVNGhUKfy76TcfNq_e81e\">stammstrecke.info<\/a>.<\/p>\n<p style=\"text-align: justify;\">Die Ersatzhaltestellen k\u00f6nnen Sie sich <a href=\"https:\/\/www.google.com\/maps\/d\/viewer?mid=1sSgwLRH4UBoXhk8HG0gdDhJW7b1YuVKU&amp;ll=48.27340617963929%2C8.804572999999971&amp;z=8\" target=\"_blank\" rel=\"noopener\" data-saferedirecturl=\"https:\/\/www.google.com\/url?q=https:\/\/www.google.com\/maps\/d\/viewer?mid%3D1sSgwLRH4UBoXhk8HG0gdDhJW7b1YuVKU%26ll%3D48.27340617963929%252C8.804572999999971%26z%3D8&amp;source=gmail&amp;ust=1682768661389000&amp;usg=AOvVaw1hJ2lyKPLjOTuWp4qkBh8F\">hier<\/a> auf Google Maps anzeigen lassen. Auf der Seite <a href=\"https:\/\/www.bahnhof.de\/\" target=\"_blank\" rel=\"noopener\" data-saferedirecturl=\"https:\/\/www.google.com\/url?q=https:\/\/www.bahnhof.de\/&amp;source=gmail&amp;ust=1682768661389000&amp;usg=AOvVaw0UwlC36rKqMGCbaTYqxXPQ\"> Bahnhof.de<\/a> den Bahnhof ausw\u00e4hlen und Informationen zu Mobilit\u00e4t, Ausstattung und Services erhalten. Die Fahrpl\u00e4ne werden derzeit in die Reiseauskunft auf <a href=\"https:\/\/reiseauskunft.bahn.de\/bin\/query.exe\" target=\"_blank\" rel=\"noopener\" data-saferedirecturl=\"https:\/\/www.google.com\/url?q=https:\/\/reiseauskunft.bahn.de\/bin\/query.exe&amp;source=gmail&amp;ust=1682768661389000&amp;usg=AOvVaw1JtbzDZrEtty7j5zjNA7Zz\">bahn.de<\/a> und im <a href=\"https:\/\/www.bahn.de\/service\/mobile\/db-navigator\" target=\"_blank\" rel=\"noopener\" data-saferedirecturl=\"https:\/\/www.google.com\/url?q=https:\/\/www.bahn.de\/service\/mobile\/db-navigator&amp;source=gmail&amp;ust=1682768661389000&amp;usg=AOvVaw2AmF5dLV5Z9LaQ8CMHy3vQ\"> DB Navigator<\/a> eingearbeitet. Tagesaktuelle Informationen zu unseren Baustellen finden Sie im Internet unter <a href=\"https:\/\/bauinfos.deutschebahn.com\/kbs\/740\" target=\"_blank\" rel=\"noopener\" data-saferedirecturl=\"https:\/\/www.google.com\/url?q=https:\/\/bauinfos.deutschebahn.com\/kbs\/740&amp;source=gmail&amp;ust=1682768661389000&amp;usg=AOvVaw2yoWIVQyx9ysvx8P72tvxX\">bauinfos.deutschebahn.com<\/a> (mit Newsletter \u00fcber alle baubedingten Fahrplan\u00e4nderungen im Fern-, Regional- und S-Bahn-Verkehr der Deutschen Bahn).<\/p>\n<hr \/>\n<p style=\"text-align: justify;\">\n","protected":false},"excerpt":{"rendered":"<p>Linien RE 4, RB\/RE 14a und RB\/RE 14b (KBS 740 G\u00e4ubahn) \u2013 Zugausf\u00e4lle und Ersatzverkehr im Zeitraum 3. Juni bis 26. Oktober 2023 Kreis B\u00f6blingen.| In diesem Jahr stehen wieder die Arbeiten f\u00fcr den zweigleisigen Ausbau der G\u00e4ubahn im Abschnitt Horb\u2013 Neckarhausen und f\u00fcr den Bau des neuen Elektronischen Stellwerks (ESTW) in Horb im Mittelpunkt. [&hellip;]<\/p>\n","protected":false},"author":4,"featured_media":0,"comment_status":"closed","ping_status":"open","sticky":false,"template":"","format":"standard","meta":{"inline_featured_image":false,"_exactmetrics_skip_tracking":false,"_exactmetrics_sitenote_active":false,"_exactmetrics_sitenote_note":"","_exactmetrics_sitenote_category":0,"footnotes":""},"categories":[2246],"tags":[3061,14857,4324,68],"class_list":{"0":"post-149579","1":"post","2":"type-post","3":"status-publish","4":"format-standard","6":"category-kreis-boeblingen","7":"tag-boblingen","8":"tag-die-webzeitung","9":"tag-gaubahn","10":"tag-online-zeitung"},"image_feature":null,"author_name":"Redaktion","pure_taxonomies":{"categories":[{"term_id":2246,"name":"Kreis B\u00f6blingen","slug":"kreis-boeblingen","term_group":0,"term_taxonomy_id":2259,"taxonomy":"category","description":"","parent":171,"count":197,"filter":"raw","image":""}],"tags":[{"term_id":3061,"name":"B\u00f6blingen","slug":"boblingen","term_group":0,"term_taxonomy_id":3075,"taxonomy":"post_tag","description":"","parent":0,"count":260,"filter":"raw","image":""},{"term_id":14857,"name":"Die-Webzeitung","slug":"die-webzeitung","term_group":0,"term_taxonomy_id":14876,"taxonomy":"post_tag","description":"","parent":0,"count":3630,"filter":"raw","image":""},{"term_id":4324,"name":"G\u00e4ubahn","slug":"gaubahn","term_group":0,"term_taxonomy_id":4340,"taxonomy":"post_tag","description":"","parent":0,"count":5,"filter":"raw","image":""},{"term_id":68,"name":"Online-Zeitung","slug":"online-zeitung","term_group":0,"term_taxonomy_id":69,"taxonomy":"post_tag","description":"","parent":0,"count":3600,"filter":"raw","image":""}]},"_links":{"self":[{"href":"https:\/\/die-webzeitung.de\/stuttgart\/wp-json\/wp\/v2\/posts\/149579","targetHints":{"allow":["GET"]}}],"collection":[{"href":"https:\/\/die-webzeitung.de\/stuttgart\/wp-json\/wp\/v2\/posts"}],"about":[{"href":"https:\/\/die-webzeitung.de\/stuttgart\/wp-json\/wp\/v2\/types\/post"}],"author":[{"embeddable":true,"href":"https:\/\/die-webzeitung.de\/stuttgart\/wp-json\/wp\/v2\/users\/4"}],"replies":[{"embeddable":true,"href":"https:\/\/die-webzeitung.de\/stuttgart\/wp-json\/wp\/v2\/comments?post=149579"}],"version-history":[{"count":1,"href":"https:\/\/die-webzeitung.de\/stuttgart\/wp-json\/wp\/v2\/posts\/149579\/revisions"}],"predecessor-version":[{"id":149580,"href":"https:\/\/die-webzeitung.de\/stuttgart\/wp-json\/wp\/v2\/posts\/149579\/revisions\/149580"}],"wp:attachment":[{"href":"https:\/\/die-webzeitung.de\/stuttgart\/wp-json\/wp\/v2\/media?parent=149579"}],"wp:term":[{"taxonomy":"category","embeddable":true,"href":"https:\/\/die-webzeitung.de\/stuttgart\/wp-json\/wp\/v2\/categories?post=149579"},{"taxonomy":"post_tag","embeddable":true,"href":"https:\/\/die-webzeitung.de\/stuttgart\/wp-json\/wp\/v2\/tags?post=149579"}],"curies":[{"name":"wp","href":"https:\/\/api.w.org\/{rel}","templated":true}]}}