{"id":149320,"date":"2023-03-30T17:04:59","date_gmt":"2023-03-30T16:04:59","guid":{"rendered":"https:\/\/die-webzeitung.de\/stuttgart\/?p=149320"},"modified":"2023-03-30T17:04:59","modified_gmt":"2023-03-30T16:04:59","slug":"aufstallungspflicht-fuer-gefluegel-im-landkreis-boeblingen-endet","status":"publish","type":"post","link":"https:\/\/die-webzeitung.de\/stuttgart\/2023\/03\/30\/aufstallungspflicht-fuer-gefluegel-im-landkreis-boeblingen-endet\/","title":{"rendered":"Aufstallungspflicht f\u00fcr Gefl\u00fcgel im Landkreis B\u00f6blingen endet"},"content":{"rendered":"<p style=\"text-align: justify;\"><strong>Keine weiteren F\u00e4lle von Gefl\u00fcgelpest<\/strong><\/p>\n<p style=\"text-align: justify;\">Kreis B\u00f6blingen.| Der Landkreis B\u00f6blingen hatte im Februar eine Aufstallungspflicht erlassen, da es insgesamt vier best\u00e4tigte F\u00e4lle von Gefl\u00fcgelpest gegeben hatte. Zwei Graug\u00e4nse waren im Stadtgebiet Leonberg verendet, ebenso ein Turmfalke in Hildrizhausen sowie eine Wildente in Waldenbuch.<\/p>\n<p style=\"text-align: justify;\">Seither hat es keine weiteren F\u00e4lle von Gefl\u00fcgelpest gegeben, sodass die Aufstallungspflicht am 31. M\u00e4rz endet. Die Gefahr ist damit aber nicht vollst\u00e4ndig gebannt, mit einem Auftreten der Erreger muss weiterhin gerechnet werden.<\/p>\n<p style=\"text-align: justify;\">Der Landkreis B\u00f6blingen appelliert an alle Gefl\u00fcgelhalter penibel auf Biosicherheitsma\u00dfnahmen zu achten, um einen Eintrag in die Nutzgefl\u00fcgelhaltungen zu verhindern.<\/p>\n<hr \/>\n<p style=\"text-align: justify;\">\n","protected":false},"excerpt":{"rendered":"<p>Keine weiteren F\u00e4lle von Gefl\u00fcgelpest Kreis B\u00f6blingen.| Der Landkreis B\u00f6blingen hatte im Februar eine Aufstallungspflicht erlassen, da es insgesamt vier best\u00e4tigte F\u00e4lle von Gefl\u00fcgelpest gegeben hatte. Zwei Graug\u00e4nse waren im Stadtgebiet Leonberg verendet, ebenso ein Turmfalke in Hildrizhausen sowie eine Wildente in Waldenbuch. Seither hat es keine weiteren F\u00e4lle von Gefl\u00fcgelpest gegeben, sodass die Aufstallungspflicht [&hellip;]<\/p>\n","protected":false},"author":4,"featured_media":0,"comment_status":"closed","ping_status":"open","sticky":false,"template":"","format":"standard","meta":{"inline_featured_image":false,"_exactmetrics_skip_tracking":false,"_exactmetrics_sitenote_active":false,"_exactmetrics_sitenote_note":"","_exactmetrics_sitenote_category":0,"footnotes":""},"categories":[2246],"tags":[17571,3061,14857,68],"class_list":{"0":"post-149320","1":"post","2":"type-post","3":"status-publish","4":"format-standard","6":"category-kreis-boeblingen","7":"tag-aufstallungspflicht","8":"tag-boblingen","9":"tag-die-webzeitung","10":"tag-online-zeitung"},"image_feature":null,"author_name":"Redaktion","pure_taxonomies":{"categories":[{"term_id":2246,"name":"Kreis B\u00f6blingen","slug":"kreis-boeblingen","term_group":0,"term_taxonomy_id":2259,"taxonomy":"category","description":"","parent":171,"count":197,"filter":"raw","image":""}],"tags":[{"term_id":17571,"name":"Aufstallungspflicht","slug":"aufstallungspflicht","term_group":0,"term_taxonomy_id":17590,"taxonomy":"post_tag","description":"","parent":0,"count":1,"filter":"raw","image":""},{"term_id":3061,"name":"B\u00f6blingen","slug":"boblingen","term_group":0,"term_taxonomy_id":3075,"taxonomy":"post_tag","description":"","parent":0,"count":260,"filter":"raw","image":""},{"term_id":14857,"name":"Die-Webzeitung","slug":"die-webzeitung","term_group":0,"term_taxonomy_id":14876,"taxonomy":"post_tag","description":"","parent":0,"count":3630,"filter":"raw","image":""},{"term_id":68,"name":"Online-Zeitung","slug":"online-zeitung","term_group":0,"term_taxonomy_id":69,"taxonomy":"post_tag","description":"","parent":0,"count":3600,"filter":"raw","image":""}]},"_links":{"self":[{"href":"https:\/\/die-webzeitung.de\/stuttgart\/wp-json\/wp\/v2\/posts\/149320","targetHints":{"allow":["GET"]}}],"collection":[{"href":"https:\/\/die-webzeitung.de\/stuttgart\/wp-json\/wp\/v2\/posts"}],"about":[{"href":"https:\/\/die-webzeitung.de\/stuttgart\/wp-json\/wp\/v2\/types\/post"}],"author":[{"embeddable":true,"href":"https:\/\/die-webzeitung.de\/stuttgart\/wp-json\/wp\/v2\/users\/4"}],"replies":[{"embeddable":true,"href":"https:\/\/die-webzeitung.de\/stuttgart\/wp-json\/wp\/v2\/comments?post=149320"}],"version-history":[{"count":2,"href":"https:\/\/die-webzeitung.de\/stuttgart\/wp-json\/wp\/v2\/posts\/149320\/revisions"}],"predecessor-version":[{"id":149322,"href":"https:\/\/die-webzeitung.de\/stuttgart\/wp-json\/wp\/v2\/posts\/149320\/revisions\/149322"}],"wp:attachment":[{"href":"https:\/\/die-webzeitung.de\/stuttgart\/wp-json\/wp\/v2\/media?parent=149320"}],"wp:term":[{"taxonomy":"category","embeddable":true,"href":"https:\/\/die-webzeitung.de\/stuttgart\/wp-json\/wp\/v2\/categories?post=149320"},{"taxonomy":"post_tag","embeddable":true,"href":"https:\/\/die-webzeitung.de\/stuttgart\/wp-json\/wp\/v2\/tags?post=149320"}],"curies":[{"name":"wp","href":"https:\/\/api.w.org\/{rel}","templated":true}]}}