{"id":149216,"date":"2023-03-24T17:18:12","date_gmt":"2023-03-24T16:18:12","guid":{"rendered":"https:\/\/die-webzeitung.de\/stuttgart\/?p=149216"},"modified":"2023-03-24T17:18:12","modified_gmt":"2023-03-24T16:18:12","slug":"ergebnisse-der-repraesentativen-buergerumfrage-im-kreis","status":"publish","type":"post","link":"https:\/\/die-webzeitung.de\/stuttgart\/2023\/03\/24\/ergebnisse-der-repraesentativen-buergerumfrage-im-kreis\/","title":{"rendered":"Ergebnisse der repr\u00e4sentativen B\u00fcrgerumfrage im Kreis"},"content":{"rendered":"<ul>\n<li style=\"text-align: justify;\"><strong>Dr\u00e4ngendstes Thema ist bezahlbarer Wohnraum<\/strong><\/li>\n<li style=\"text-align: justify;\"><strong>Management der Corona-Krise im Landkreis findet Zustimmung<\/strong><\/li>\n<\/ul>\n<p style=\"text-align: justify;\">Kreis B\u00f6blingen: Wie nimmt die Bev\u00f6lkerung den Landkreis B\u00f6blingen wahr? Wie informieren sich die B\u00fcrgerinnen und B\u00fcrger \u00fcber Kommunalpolitik? Was ist ihre Haltung zu besonderen Herausforderungen? Eine repr\u00e4sentative Umfrage aus dem Herbst 2022 hat diese Fragen genauer beleuchtet. Nun wurden die Ergebnisse den Mitgliedern des Kreistags vorgestellt. Die Ergebnisse der Umfrage dienen der Verwaltungsspitze und der Kreispolitik bei ihren Entscheidungen als Erkenntnisquelle.<\/p>\n<p style=\"text-align: justify;\">So beleuchtet die Umfrage die Einstellung der Bev\u00f6lkerung zu den wichtigsten Themen im Landkreis (Verkehr, Gesundheit, Abfallwirtschaft), gibt Aufschluss \u00fcber die Wahrnehmung des Landkreises (Verbundenheit mit Gemeinde, Stadt und Kreis, Interesse f\u00fcr Politik und Zufriedenheit mit dem Landratsamt) und die Nutzung von Medien.<\/p>\n<p style=\"text-align: justify;\">Die Umfrage wurde zusammen mit dem Meinungsforschungsinstitut INSA-Consulere aus Erfurt durchgef\u00fchrt, das etwa f\u00fcr die BILD Zeitung die \u201eSonntagsfrage\u201c durchf\u00fchrt. Um m\u00f6glichst hohe Repr\u00e4sentativit\u00e4t zu erzielen, wurden 4.000 vollj\u00e4hrige Personen mit Hauptwohnsitz im Landkreis B\u00f6blingen angeschrieben. Die Adressen waren gleichm\u00e4\u00dfig auf die 26 Kommunen verteilt entsprechend deren Einwohneranteils an der Gesamtbev\u00f6lkerung. Die Auswahl der Befragten erfolgte dabei immer streng nach dem Zufallsprinzip, da nur so repr\u00e4sentative Ergebnisse erzielt werden k\u00f6nnen. Rund 800 Personen hatten den Fragebogen ausgef\u00fcllt und zur\u00fcckgesendet.<\/p>\n<p style=\"text-align: justify;\">Bei der Frage zur pers\u00f6nlichen Verbundenheit mit dem Landkreis B\u00f6blingen sagen 47 Prozent, dass sie sich mit dem Kreis verbunden oder stark verbunden f\u00fchlen \u2013 2016 betrug der Wert 55 Prozent. Zu erwarten war, dass dies bei der Verbundenheit mit der eigenen Stadt\/Gemeinde mit 66 Prozent (2016: 79 Prozent) deutlich h\u00f6her ausf\u00e4llt.<\/p>\n<p style=\"text-align: justify;\">Das Ergebnis zur Frage, dass die Menschen mit der Arbeit des Landratsamtes zufrieden oder sehr zufrieden sind, ist gg\u00fc. 2016 von 61 auf 54 Prozent gesunken. Die Verwaltung hat den Anspruch, ihre Dienstleistungen f\u00fcr Kundinnen und Kunden transparent, verbindlich und zuverl\u00e4ssig zu erbringen. Aus Sicht der Verwaltung hatten die multiplen Krisen seit Pandemie-Beginn jedoch auch allgemein zu einer gewissen Unzufriedenheit in der Gesellschaft mit staatlichen Leistungen gef\u00fchrt, die auch in anderen Umfragen zum Ausdruck kommen. Hinzu kommt ein eingeschr\u00e4nkter Kontakt zu den B\u00fcrgerinnen und B\u00fcrgern w\u00e4hrend der Pandemie. Mit ein Grund f\u00fcr die sinkende Zufriedenheit d\u00fcrften auch gesetzgeberische Aufgaben an die Landkreise sein, die nicht immer die Umsetzung bei begrenzten Ressourcen bedenkt. F\u00fcr die Verwaltung ist es dennoch Ansporn ihre Leistungen weiterhin zu verbessern.<\/p>\n<p style=\"text-align: justify;\">Dass demgegen\u00fcber die Arbeit des Landratsamtes w\u00e4hrend der Corona-Krise gut war, zeigt das Ergebnis zur Frage danach, wie man das Management der Pandemie beurteilt. Dabei sagen 68 Prozent, dass der Landkreis sie sehr oder eher gut bew\u00e4ltigt hat. Einen gro\u00dfen R\u00fcckhalt hat das Ziel des Landkreises, bis 2040 klimaneutral zu werden. 78% stimmen diesem Ziel zu, was deutlich zeigt, dass der eingeschlagene Weg zum Klimaschutz und klimaneutralen Landkreis der richtige ist.<\/p>\n<p style=\"text-align: justify;\">Die gr\u00f6\u00dfte Herausforderung im Landkreis ist nach Meinung der Befragten die Schaffung von bezahlbarem Wohnraum (55%) \u2013 bei der letzten Umfrage war dies hingegen das Verkehrsproblem, welches diesmal als zweitwichtigstes Thema genannt wurde bei nahezu selber Gewichtung (47 gg\u00fc. 48 %). Es folgt die Verbesserung der medizinischen Versorgung (38 %) und die Bew\u00e4ltigung des Klimawandels (33 %). Eine bessere Integration von Migranten sehen zw\u00f6lf Prozent als gr\u00f6\u00dfte Aufgabe. Die Krankenh\u00e4user werden mit f\u00fcnf Prozent erst nach dem Thema M\u00fcll und Wohnungsmarkt genannt.<\/p>\n<p style=\"text-align: justify;\">Bei der Mediennutzung geben 52 % der Befragten an eine Tageszeitung zu lesen, was ein stabiler Wert zur fr\u00fcheren Umfrage ist. Auch soziale Medien werden von mehr als der H\u00e4lfte genutzt, was eine moderate Steigerung gg\u00fc. 2016 bedeutet. Die Pr\u00e4senz des Landkreises B\u00f6blingen auf den beiden reichweitenst\u00e4rksten Kan\u00e4len Facebook und Instagram hat bereits heute im Vergleich zu allen baden-w\u00fcrttembergischen Landkreisen einen deutlichen Vorsprung bei der Anzahl der \u201eFans\/Follower\u201c. Auch mit der Beteiligungsplattform, die seit 2019 im Einsatz ist, besteht die M\u00f6glichkeit f\u00fcr die B\u00fcrgerinnen und B\u00fcrger sich aktiv an kommunalen Themen zu beteiligen.<\/p>\n<p style=\"text-align: justify;\">Insgesamt best\u00e4tigen die Ergebnisse die Arbeit des Landkreises in vielen Punkten und helfen in speziellen Themenfeldern besser auf die Bed\u00fcrfnisse der Bev\u00f6lkerung einzugehen. Beim Thema Verbundenheit zeigt sich ein leichter R\u00fcckgang sowohl mit dem Landkreis wie auch mit den St\u00e4dten und Gemeinden. Das Aktivit\u00e4ten und Veranstaltungen rund um das 50. Kreisjubil\u00e4um in 2023 sind desto wichtiger, um die Bedeutung und die Aufgaben des Landkreises der Bev\u00f6lkerung bewusst zu machen.<\/p>\n<hr \/>\n<p style=\"text-align: justify;\">\n","protected":false},"excerpt":{"rendered":"<p>Dr\u00e4ngendstes Thema ist bezahlbarer Wohnraum Management der Corona-Krise im Landkreis findet Zustimmung Kreis B\u00f6blingen: Wie nimmt die Bev\u00f6lkerung den Landkreis B\u00f6blingen wahr? Wie informieren sich die B\u00fcrgerinnen und B\u00fcrger \u00fcber Kommunalpolitik? Was ist ihre Haltung zu besonderen Herausforderungen? Eine repr\u00e4sentative Umfrage aus dem Herbst 2022 hat diese Fragen genauer beleuchtet. Nun wurden die Ergebnisse den [&hellip;]<\/p>\n","protected":false},"author":4,"featured_media":0,"comment_status":"closed","ping_status":"open","sticky":false,"template":"","format":"standard","meta":{"inline_featured_image":false,"_exactmetrics_skip_tracking":false,"_exactmetrics_sitenote_active":false,"_exactmetrics_sitenote_note":"","_exactmetrics_sitenote_category":0,"footnotes":""},"categories":[2246],"tags":[3061,10545,14857,68,14433],"class_list":{"0":"post-149216","1":"post","2":"type-post","3":"status-publish","4":"format-standard","6":"category-kreis-boeblingen","7":"tag-boblingen","8":"tag-burgerumfrage","9":"tag-die-webzeitung","10":"tag-online-zeitung","11":"tag-landkreis"},"image_feature":null,"author_name":"Redaktion","pure_taxonomies":{"categories":[{"term_id":2246,"name":"Kreis B\u00f6blingen","slug":"kreis-boeblingen","term_group":0,"term_taxonomy_id":2259,"taxonomy":"category","description":"","parent":171,"count":197,"filter":"raw","image":""}],"tags":[{"term_id":3061,"name":"B\u00f6blingen","slug":"boblingen","term_group":0,"term_taxonomy_id":3075,"taxonomy":"post_tag","description":"","parent":0,"count":260,"filter":"raw","image":""},{"term_id":10545,"name":"B\u00fcrgerumfrage","slug":"burgerumfrage","term_group":0,"term_taxonomy_id":10580,"taxonomy":"post_tag","description":"","parent":0,"count":1,"filter":"raw","image":""},{"term_id":14857,"name":"Die-Webzeitung","slug":"die-webzeitung","term_group":0,"term_taxonomy_id":14876,"taxonomy":"post_tag","description":"","parent":0,"count":3630,"filter":"raw","image":""},{"term_id":68,"name":"Online-Zeitung","slug":"online-zeitung","term_group":0,"term_taxonomy_id":69,"taxonomy":"post_tag","description":"","parent":0,"count":3600,"filter":"raw","image":""},{"term_id":14433,"name":"Region","slug":"landkreis","term_group":0,"term_taxonomy_id":10363,"taxonomy":"post_tag","description":"","parent":0,"count":12,"filter":"raw","image":""}]},"_links":{"self":[{"href":"https:\/\/die-webzeitung.de\/stuttgart\/wp-json\/wp\/v2\/posts\/149216","targetHints":{"allow":["GET"]}}],"collection":[{"href":"https:\/\/die-webzeitung.de\/stuttgart\/wp-json\/wp\/v2\/posts"}],"about":[{"href":"https:\/\/die-webzeitung.de\/stuttgart\/wp-json\/wp\/v2\/types\/post"}],"author":[{"embeddable":true,"href":"https:\/\/die-webzeitung.de\/stuttgart\/wp-json\/wp\/v2\/users\/4"}],"replies":[{"embeddable":true,"href":"https:\/\/die-webzeitung.de\/stuttgart\/wp-json\/wp\/v2\/comments?post=149216"}],"version-history":[{"count":2,"href":"https:\/\/die-webzeitung.de\/stuttgart\/wp-json\/wp\/v2\/posts\/149216\/revisions"}],"predecessor-version":[{"id":149218,"href":"https:\/\/die-webzeitung.de\/stuttgart\/wp-json\/wp\/v2\/posts\/149216\/revisions\/149218"}],"wp:attachment":[{"href":"https:\/\/die-webzeitung.de\/stuttgart\/wp-json\/wp\/v2\/media?parent=149216"}],"wp:term":[{"taxonomy":"category","embeddable":true,"href":"https:\/\/die-webzeitung.de\/stuttgart\/wp-json\/wp\/v2\/categories?post=149216"},{"taxonomy":"post_tag","embeddable":true,"href":"https:\/\/die-webzeitung.de\/stuttgart\/wp-json\/wp\/v2\/tags?post=149216"}],"curies":[{"name":"wp","href":"https:\/\/api.w.org\/{rel}","templated":true}]}}