{"id":145549,"date":"2022-03-31T13:45:37","date_gmt":"2022-03-31T12:45:37","guid":{"rendered":"https:\/\/die-webzeitung.de\/stuttgart\/2022\/03\/31\/ww-gruppe-erreicht-im-jahr-2021-rekordergebnis\/"},"modified":"2022-03-31T13:45:37","modified_gmt":"2022-03-31T12:45:37","slug":"ww-gruppe-erreicht-im-jahr-2021-rekordergebnis","status":"publish","type":"post","link":"https:\/\/die-webzeitung.de\/stuttgart\/2022\/03\/31\/ww-gruppe-erreicht-im-jahr-2021-rekordergebnis\/","title":{"rendered":"W&#038;W-Gruppe erreicht im Jahr 2021 Rekordergebnis"},"content":{"rendered":"<ul style=\"text-align: justify;\">\n<li><strong>Gutes Neugesch\u00e4ft, freundliches Kapitalmarktumfeld, Effizienzgewinne und vorsichtige Risikopolitik f\u00fchren zu einem Ergebnis deutlich \u00fcber den urspr\u00fcnglichen Erwartungen.<\/strong><\/li>\n<li><strong>Belastungen aus Elementarsch\u00e4den durch Sommer-Unwetter bilanziell bereits vollst\u00e4ndig verarbeitet.<\/strong><\/li>\n<li><strong>Deutliche Zuw\u00e4chse bei der Immobilienfinanzierung und im Versicherungsgesch\u00e4ft.<\/strong><\/li>\n<li><strong>Digitalversicherer \u201eAdam Riese\u201c setzt Erfolgsgeschichte fort.<\/strong><strong><br \/>\n<\/strong><\/li>\n<\/ul>\n<p style=\"text-align: justify;\"><strong>Die W\u00fcstenrot &amp; W\u00fcrttembergische-Gruppe (W&amp;W) hat das Gesch\u00e4ftsjahr 2021 mit einem Rekord\u00fcberschuss im Konzern abgeschlossen. Das IFRS-Konzernergebnis betrug 352,2\u00a0Millionen Euro, das ist eine Steigerung von 67 Prozent zum Vorjahreswert von 210,8\u00a0Millionen Euro. Das Ergebnis lag damit im Rahmen der zu Jahresbeginn 2022 noch einmal angehobenen Prognose. Die deutlich \u00fcber den urspr\u00fcnglichen Erwartungen liegende Ertragsentwicklung ist auf das Zusammenwirken eines guten Neugesch\u00e4fts, des 2021 deutlich freundlicheren Kapitalmarktumfelds, Effizienzgewinnen durch die fortschreitende Digitalisierung und eine vorsichtige und vorausschauende Risiko- und R\u00fcckversicherungspolitik zur\u00fcckzuf\u00fchren. Im Einzelabschluss der W&amp;W AG stieg der Jahres\u00fcberschuss (nach HGB) um 11,4 Prozent auf 111,7 Millionen Euro. Vorstand und Aufsichtsrat schlagen der ordentlichen Hauptversammlung der W&amp;W AG am 25. Mai 2022 vor, f\u00fcr das Jahr 2021 eine zum Vorjahr konstante Dividende von 65\u00a0Eurocent je Aktie zu zahlen. Damit setzt die W&amp;W ihre stabile und verl\u00e4ssliche Dividendenpolitik fort.<\/strong><\/p>\n<p style=\"text-align: justify;\"><strong>J\u00fcrgen A. Junker, Vorstandsvorsitzender der W&amp;W AG:<\/strong> \u201eIn angesichts des Krieges bedr\u00fcckenden Zeiten f\u00e4llt es schwer, \u00fcber eigene Erfolge zu sprechen. Die herausragende Gesch\u00e4ftsentwicklung 2021 beweist die innere St\u00e4rke der W&amp;W-Gruppe. Angesichts der Herausforderungen des vergangenen Jahres ist dies alles andere als selbstverst\u00e4ndlich. Alles, was wir selbst gestalten konnten, ist erfolgreich verlaufen. Der monatelange Lockdown durch die Coronavirus-Pandemie hat unsere Teams ebenso gefordert wie die starken Unwetter im Sommer, deren erhebliche Schadenbelastungen wir aber zu einem gro\u00dfen Teil durch unsere R\u00fcckversicherungspolitik auffangen konnten. Die Unwetterfolgen sind somit bereits bilanziell vollst\u00e4ndig verarbeitet. Es zeigt sich, dass die Transformation der W&amp;W-Gruppe, die vor f\u00fcnf Jahren begonnen hat, unser Unternehmen st\u00e4rker, ertragreicher und krisenfester gemacht hat. Wir sind agiler, kundenn\u00e4her, effizienter und digitaler geworden. Mein Dank und Respekt gelten allen Mitarbeiterinnen und Mitarbeitern sowie Beraterinnen und Beratern, die erneut gezeigt haben, dass die W&amp;W-Gruppe ein verl\u00e4sslicher und fairer Partner f\u00fcr unsere Kundinnen und Kunden ist.\u201c<strong>\u00a0<\/strong><\/p>\n<p style=\"text-align: justify;\"><strong>Neugesch\u00e4ft 2021<\/strong><\/p>\n<p style=\"text-align: justify;\">Die W&amp;W-Gruppe verbuchte 2021 teilweise sehr deutliche Zuw\u00e4chse im Neugesch\u00e4ft. In der <strong>Schaden-\/Unfallversicherung<\/strong> konnten die gebuchten Bruttobeitr\u00e4ge um 6,7 Prozent auf 2,19\u00a0Milliarden Euro erh\u00f6ht werden. Wie im Vorjahr war das Firmenkundengesch\u00e4ft Wachstumstreiber, aber auch die Sparten Kfz und Privatkunden legten zu.\u00a0 Die <strong>Schaden-Kosten-Relation<\/strong> in der Schaden-\/Unfallversicherung <strong>(Combined Ratio) <\/strong>verbesserte sich trotz der Belastungen durch die hohen Elementarsch\u00e4den um 1,3 Prozentpunkte auf 87,7\u00a0Prozent. Die Netto-Schadenquote erreichte sehr gute 62,6 Prozent (2020: 64,1 Prozent). Neben der generell vorsichtigen Zeichnungspolitik und der weitgehenden R\u00fcckversicherung der Unwettersch\u00e4den wirkte sich auch eine moderate Entwicklung der Kfz-Sch\u00e4den aus, da die Menschen pandemiebedingt weniger mobil waren.<\/p>\n<p style=\"text-align: justify;\">Der mittlerweile vielfach ausgezeichnete <strong>Digitalversicherer \u201eAdam Riese\u201c<\/strong> konnte im Jahr 2021 die Kundenzahl um knapp ein Drittel weiter steigern und kommt aktuell auf rund 250.000 Kunden, die aus sieben Versicherungsprodukten w\u00e4hlen k\u00f6nnen. In diesem Jahr wurde das Angebot um eine E-Scooter-Versicherung erweitert, um den Trend zur E-Mobilit\u00e4t im Leistungsangebot abzubilden.<\/p>\n<p style=\"text-align: justify;\">In der <strong>Personenversicherung<\/strong> stiegen 2021 die Bruttobeitr\u00e4ge weiter um 4,0 Prozent auf 2,54\u00a0Milliarden Euro, wozu sowohl die Lebens- als auch die Krankenversicherung beitrugen. Der Neubeitrag erh\u00f6hte sich sogar um 16,1 Prozent, getragen vom Lebensversicherungsgesch\u00e4ft. Die W\u00fcrttembergische Versicherung hat im Berichtsjahr ihr Angebot f\u00fcr fondsgebundene Renten, f\u00fcr betriebliche Altersvorsorge und f\u00fcr Berufsunf\u00e4higkeitsversicherungen ausgeweitet und sp\u00fcrbar flexibilisiert.<\/p>\n<p style=\"text-align: justify;\">Erneut stark legte das<strong> Kreditneugesch\u00e4ftsvolumen in der Baufinanzierung<\/strong> (inklusive Vermittlungen an Partnerbanken) im Gesch\u00e4ftsfeld Wohnen zu. Es wuchs 2021 um 12,5 Prozent auf 6,85 Milliarden Euro. Das f\u00fcnfte Jahr in Folge wurde damit ein Rekordwert erzielt. Die Nachfrage nach privatem Wohneigentum blieb hoch, ebenso investierten Immobilienbesitzer in die energetische Ert\u00fcchtigung ihrer Objekte, unterst\u00fctzt durch staatliche F\u00f6rderprogramme. Beeintr\u00e4chtigungen ergaben sich unter anderem aus Corona-bedingten Restriktionen sowie durch die hohe Auslastung von Handwerksbetrieben und steigende Materialpreise.<\/p>\n<p style=\"text-align: justify;\">Das <strong>Netto-Bausparneugesch\u00e4ft <\/strong> sank um 3,8\u00a0Prozent auf 10,0 Milliarden Euro. Da die Branche insgesamt rund 6 Prozent verlor, erh\u00f6hte sich der Marktanteil von W\u00fcstenrot leicht von 13,4\u00a0auf 13,7\u00a0Prozent. Insgesamt wurden mehr h\u00f6hervolumige Finanzierungen abgeschlossen als kleinvolumige Vorsorgevertr\u00e4ge. Zudem gab es von den Immobilient\u00f6chtern W\u00fcstenrot Haus- und St\u00e4dtebau (WHS) und W\u00fcstenrot Immobilien (WI) zahlreiche positive Impulse in Vertrieb und Ergebnis.<\/p>\n<p style=\"text-align: justify;\"><strong>Ausblick auf das Gesamtjahr 2022<\/strong><\/p>\n<p style=\"text-align: justify;\">Die W&amp;W-Gruppe wird auch im Jahr 2022 die digitale Transformation fortsetzen und in erheblichem Umfang in Produkte, Menschen und Prozesse investieren. Strategische Ziele bleiben ertragreiches Wachstum in allen Segmenten \u00fcber dem Marktdurchschnitt, Senkung der operativen Kosten auf Marktniveau und die weitere Steigerung der Kundenzufriedenheit. Neben dem Fortgang der Coronavirus-Pandemie und wachsenden Inflationstendenzen f\u00fchren vor allem die Folgen des Krieges gegen die Ukraine zu einer erh\u00f6hten Unsicherheit und Volatilit\u00e4t der Kapital- und Finanzm\u00e4rkte, deren Dauer und Ausma\u00df derzeit nicht seri\u00f6s abgesch\u00e4tzt werden kann. Auf Basis dieser Rahmenbedingungen und unter der Annahme einer wieder normalisierten Schadenentwicklung geht der Vorstand f\u00fcr das Jahr 2022 derzeit von einem Konzern\u00fcberschuss in der Gr\u00f6\u00dfenordnung von 250\u00a0Millionen Euro aus.<\/p>\n<p style=\"text-align: justify;\"><strong>J\u00fcrgen A. Junker:<\/strong> \u201eF\u00fcr alles das, was wir selbst als W&amp;W-Gruppe beeinflussen und bestimmen k\u00f6nnen, erwarten wir 2022 eine weiterhin positive Entwicklung. Wir sind bei der digitalen Transformation unseres Gesch\u00e4fts gut im Plan, wir gewinnen in vielen Bereichen Kunden und Marktanteile, und wir werden uns in diesem Jahr verst\u00e4rkt wichtigen Zukunftsthemen wie Employer Branding und Nachhaltigkeit widmen. Dennoch tun wir gut daran, vorsichtig zu sein und die gestiegenen gesamtwirtschaftlichen Risiken genau im Auge zu behalten.\u201c<\/p>\n<hr \/>\n<p style=\"text-align: justify;\">\n","protected":false},"excerpt":{"rendered":"<p>Gutes Neugesch\u00e4ft, freundliches Kapitalmarktumfeld, Effizienzgewinne und vorsichtige Risikopolitik f\u00fchren zu einem Ergebnis deutlich \u00fcber den urspr\u00fcnglichen Erwartungen. Belastungen aus Elementarsch\u00e4den durch Sommer-Unwetter bilanziell bereits vollst\u00e4ndig verarbeitet. Deutliche Zuw\u00e4chse bei der Immobilienfinanzierung und im Versicherungsgesch\u00e4ft. Digitalversicherer \u201eAdam Riese\u201c setzt Erfolgsgeschichte fort. Die W\u00fcstenrot &amp; W\u00fcrttembergische-Gruppe (W&amp;W) hat das Gesch\u00e4ftsjahr 2021 mit einem Rekord\u00fcberschuss im Konzern abgeschlossen. [&hellip;]<\/p>\n","protected":false},"author":4,"featured_media":0,"comment_status":"closed","ping_status":"open","sticky":false,"template":"","format":"standard","meta":{"inline_featured_image":false,"_exactmetrics_skip_tracking":false,"_exactmetrics_sitenote_active":false,"_exactmetrics_sitenote_note":"","_exactmetrics_sitenote_category":0,"footnotes":""},"categories":[479],"tags":[14857,259,6,68,9,1442,18,19],"class_list":{"0":"post-145549","1":"post","2":"type-post","3":"status-publish","4":"format-standard","6":"category-wirtschaft","7":"tag-die-webzeitung","8":"tag-kornwestheim","9":"tag-ludwigsburg","10":"tag-online-zeitung","11":"tag-schaumedia","12":"tag-ww","13":"tag-wurttembergische","14":"tag-wustenrot"},"image_feature":null,"author_name":"Redaktion","pure_taxonomies":{"categories":[{"term_id":479,"name":"Wirtschaft","slug":"wirtschaft","term_group":0,"term_taxonomy_id":1941,"taxonomy":"category","description":"","parent":0,"count":282,"filter":"raw","image":""}],"tags":[{"term_id":14857,"name":"Die-Webzeitung","slug":"die-webzeitung","term_group":0,"term_taxonomy_id":14876,"taxonomy":"post_tag","description":"","parent":0,"count":3628,"filter":"raw","image":""},{"term_id":259,"name":"Kornwestheim","slug":"kornwestheim","term_group":0,"term_taxonomy_id":264,"taxonomy":"post_tag","description":"","parent":0,"count":4,"filter":"raw","image":""},{"term_id":6,"name":"Ludwigsburg","slug":"ludwigsburg","term_group":0,"term_taxonomy_id":6,"taxonomy":"post_tag","description":"","parent":0,"count":180,"filter":"raw","image":""},{"term_id":68,"name":"Online-Zeitung","slug":"online-zeitung","term_group":0,"term_taxonomy_id":69,"taxonomy":"post_tag","description":"","parent":0,"count":3598,"filter":"raw","image":""},{"term_id":9,"name":"SchauMedia","slug":"schaumedia","term_group":0,"term_taxonomy_id":9,"taxonomy":"post_tag","description":"","parent":0,"count":1607,"filter":"raw","image":""},{"term_id":1442,"name":"W&amp;W","slug":"ww","term_group":0,"term_taxonomy_id":1451,"taxonomy":"post_tag","description":"","parent":0,"count":79,"filter":"raw","image":""},{"term_id":18,"name":"W\u00fcrttembergische","slug":"wurttembergische","term_group":0,"term_taxonomy_id":18,"taxonomy":"post_tag","description":"","parent":0,"count":111,"filter":"raw","image":""},{"term_id":19,"name":"W\u00fcstenrot","slug":"wustenrot","term_group":0,"term_taxonomy_id":19,"taxonomy":"post_tag","description":"","parent":0,"count":171,"filter":"raw","image":""}]},"_links":{"self":[{"href":"https:\/\/die-webzeitung.de\/stuttgart\/wp-json\/wp\/v2\/posts\/145549","targetHints":{"allow":["GET"]}}],"collection":[{"href":"https:\/\/die-webzeitung.de\/stuttgart\/wp-json\/wp\/v2\/posts"}],"about":[{"href":"https:\/\/die-webzeitung.de\/stuttgart\/wp-json\/wp\/v2\/types\/post"}],"author":[{"embeddable":true,"href":"https:\/\/die-webzeitung.de\/stuttgart\/wp-json\/wp\/v2\/users\/4"}],"replies":[{"embeddable":true,"href":"https:\/\/die-webzeitung.de\/stuttgart\/wp-json\/wp\/v2\/comments?post=145549"}],"version-history":[{"count":0,"href":"https:\/\/die-webzeitung.de\/stuttgart\/wp-json\/wp\/v2\/posts\/145549\/revisions"}],"wp:attachment":[{"href":"https:\/\/die-webzeitung.de\/stuttgart\/wp-json\/wp\/v2\/media?parent=145549"}],"wp:term":[{"taxonomy":"category","embeddable":true,"href":"https:\/\/die-webzeitung.de\/stuttgart\/wp-json\/wp\/v2\/categories?post=145549"},{"taxonomy":"post_tag","embeddable":true,"href":"https:\/\/die-webzeitung.de\/stuttgart\/wp-json\/wp\/v2\/tags?post=145549"}],"curies":[{"name":"wp","href":"https:\/\/api.w.org\/{rel}","templated":true}]}}