{"id":145540,"date":"2022-03-30T16:33:38","date_gmt":"2022-03-30T15:33:38","guid":{"rendered":"https:\/\/die-webzeitung.de\/stuttgart\/?p=145540"},"modified":"2022-03-30T17:52:00","modified_gmt":"2022-03-30T16:52:00","slug":"baseball-bundesliga-startet-reds-wollen-oben-mitmischen","status":"publish","type":"post","link":"https:\/\/die-webzeitung.de\/stuttgart\/2022\/03\/30\/baseball-bundesliga-startet-reds-wollen-oben-mitmischen\/","title":{"rendered":"Baseball Bundesliga startet: Reds wollen oben mitmischen"},"content":{"rendered":"<p style=\"text-align: justify;\">Stuttgart.| In den USA hei\u00dft es immer, wenn die Baseball Saison anf\u00e4ngt, &#8220;the boys of summer are back in town&#8221;. Leider sehen die Wetterprognosen aber f\u00fcr das kommende Wochenende eher winterlich aus. Die Baseballer des TV Cannstatt, die Stuttgart Reds, m\u00fcssen bedingt durch den Stadionbau auf dem Schnarrenberg zuerst zweimal hintereinander ausw\u00e4rts antreten.<\/p>\n<p style=\"text-align: justify;\">Der erste Doppelspieltag sieht am kommenden Samstag die richtungsweisende Partie in M\u00fcnchen bei den Haar Disciples vor. Am zweiten Spieltag muss man dann in Mannheim antreten. Nach den jeweiligen Playoff-Teilnahmen in den beiden letzten Jahren hintereinander m\u00f6chten die Reds genau dieses Ziel erneut erreichen und oben mitmischen.<\/p>\n<p style=\"text-align: justify;\">Doch quasi die ganze Liga hat keine Lust auf Playdowns. Nein, alle Teams in der S\u00fcd-Bundesliga schielen auf einen der ersten vier Tabellenpl\u00e4tze, die dazu berechtigen, in den Playoffs mit den besten vier Teams aus der Nord-Bundesliga zusammen um die Deutsche Meisterschaft zu spielen. Meisterschaftskampf macht nat\u00fcrlich viel mehr Spa\u00df als Abstiegskampf. Daher ist Spannung dieses Jahr in der Baseball Bundesliga garantiert. Klar ist, dass die Topteams der letzten Jahre, Heidenheim (vier Deutsche Meistertitel in den letzten f\u00fcnf Jahren) und Regensburg, zusammen mit dem Topteam aus dem Norden, den Bonn Capitals, die gro\u00dfen Favoriten f\u00fcr den Deutschen Meistertitel 2022 sind. Aber gerade danach ist die Hierarchie im S\u00fcden momentan \u00fcberhaupt nicht klar. Neben den Stuttgart Reds streiten hier Mannheim, Mainz, M\u00fcnchen, T\u00fcbingen und Ulm um die begehrten Playoff-Tickets.<u><\/u><u><\/u><\/p>\n<p style=\"text-align: justify;\">&#8220;Leider konnte man das Erfolgsteam der letzten beiden Jahre nicht zusammenhalten&#8221;, bedauert Andre Fink, der Teammanager der Reds, die abgeschlossene Kaderplanung. So mussten die Reds ihren bisherigen Pitcher, Neu-Nationalspieler Marcel Giraud, nach Mannheim, und ihren besten Schlagmann, wahrscheinlich der beste offensive Spieler der Liga, William Germaine, nach T\u00fcbingen schweren Herzens an die direkte Konkurrenz abgeben. Auch kehren die beiden kroatischen Publikumslieblinge Toni Horvatic (Olimpija Karlovac) und Kruno Gojkovic (Dornbirn Indians) nicht mehr an den Neckar zur\u00fcck. Doch hoffen die Verantwortlichen der Stuttgart Reds, dass man beide Spieler mit ihren Landsleuten Andrija Tomic und Jose Mendoza gleichwertig ersetzen konnte. Zudem wechselt mit Jos\u00e9 Pimentel ein gro\u00dfes Talent, spanischer Juniorennationalspieler, aus Genua zu den Reds und soll Marcel Giraud als Starting Pitcher ersetzen. Besonders freuen d\u00fcrfen sich die Baseballfans auf Neuzugang Marco Cardoso. Der deutsche Nationalspieler gilt als eines der gr\u00f6\u00dften Talente des Deutschen Baseballs. Im vergangenen Winter war Cardoso erst vom MLB-Topclub Boston Red Sox zu einem Trainingslager in der Karibik eingeladen worden und konnte sich dort internationalen Scouts zeigen. Der geb\u00fcrtige Paderborner suchte eine neue Herausforderung und wollte unbedingt in der vermeintlich st\u00e4rkeren S\u00fcd-Bundesliga spielen. Von der Altersstruktur passt Cardoso perfekt zu den Reds und wird daher in der Saison 2022 statt Ostwestfale nun ein Schwabe sein und zuk\u00fcnftig f\u00fcr das Team des TV Cannstatt auflaufen.<u><\/u><u><\/u><\/p>\n<p style=\"text-align: justify;\">Das erste Heimspiel steigt im Ballpark des TVC am Samstag, den 16. April, gegen den amtierenden Deutschen Meister, die Heidenheim Heidek\u00f6pfe, um 14:00 Uhr. Tickets k\u00f6nnen ausschlie\u00dflich an der Tageskasse erworben werden. Zus\u00e4tzlich bieten die Stuttgart Reds einen kostenlosen Live-Stream im Internet an. Weitere Informationen unter <a href=\"http:\/\/www.baseball-bundesliga.de\" target=\"_blank\" rel=\"noopener\" data-saferedirecturl=\"https:\/\/www.google.com\/url?q=http:\/\/www.baseball-bundesliga.de&amp;source=gmail&amp;ust=1648672921247000&amp;usg=AOvVaw1ZweNOMnTaj2nTEEAq9etX\">www.baseball-bundesliga.de<\/a><\/p>\n<hr \/>\n<p style=\"text-align: justify;\">\n","protected":false},"excerpt":{"rendered":"<p>Stuttgart.| In den USA hei\u00dft es immer, wenn die Baseball Saison anf\u00e4ngt, &#8220;the boys of summer are back in town&#8221;. Leider sehen die Wetterprognosen aber f\u00fcr das kommende Wochenende eher winterlich aus. Die Baseballer des TV Cannstatt, die Stuttgart Reds, m\u00fcssen bedingt durch den Stadionbau auf dem Schnarrenberg zuerst zweimal hintereinander ausw\u00e4rts antreten. Der erste [&hellip;]<\/p>\n","protected":false},"author":4,"featured_media":141775,"comment_status":"closed","ping_status":"open","sticky":false,"template":"","format":"standard","meta":{"inline_featured_image":false,"_exactmetrics_skip_tracking":false,"_exactmetrics_sitenote_active":false,"_exactmetrics_sitenote_note":"","_exactmetrics_sitenote_category":0,"footnotes":""},"categories":[110],"tags":[],"class_list":{"0":"post-145540","1":"post","2":"type-post","3":"status-publish","4":"format-standard","5":"has-post-thumbnail","7":"category-sport"},"image_feature":"https:\/\/die-webzeitung.de\/stuttgart\/wp-content\/uploads\/sites\/4\/2021\/03\/stgt-Reds-Logo-wz.jpg","author_name":"Redaktion","pure_taxonomies":{"categories":[{"term_id":110,"name":"Sport","slug":"sport","term_group":0,"term_taxonomy_id":112,"taxonomy":"category","description":"Sportberichte","parent":0,"count":1043,"filter":"raw","image":""}]},"_links":{"self":[{"href":"https:\/\/die-webzeitung.de\/stuttgart\/wp-json\/wp\/v2\/posts\/145540","targetHints":{"allow":["GET"]}}],"collection":[{"href":"https:\/\/die-webzeitung.de\/stuttgart\/wp-json\/wp\/v2\/posts"}],"about":[{"href":"https:\/\/die-webzeitung.de\/stuttgart\/wp-json\/wp\/v2\/types\/post"}],"author":[{"embeddable":true,"href":"https:\/\/die-webzeitung.de\/stuttgart\/wp-json\/wp\/v2\/users\/4"}],"replies":[{"embeddable":true,"href":"https:\/\/die-webzeitung.de\/stuttgart\/wp-json\/wp\/v2\/comments?post=145540"}],"version-history":[{"count":2,"href":"https:\/\/die-webzeitung.de\/stuttgart\/wp-json\/wp\/v2\/posts\/145540\/revisions"}],"predecessor-version":[{"id":145543,"href":"https:\/\/die-webzeitung.de\/stuttgart\/wp-json\/wp\/v2\/posts\/145540\/revisions\/145543"}],"wp:featuredmedia":[{"embeddable":true,"href":"https:\/\/die-webzeitung.de\/stuttgart\/wp-json\/wp\/v2\/media\/141775"}],"wp:attachment":[{"href":"https:\/\/die-webzeitung.de\/stuttgart\/wp-json\/wp\/v2\/media?parent=145540"}],"wp:term":[{"taxonomy":"category","embeddable":true,"href":"https:\/\/die-webzeitung.de\/stuttgart\/wp-json\/wp\/v2\/categories?post=145540"},{"taxonomy":"post_tag","embeddable":true,"href":"https:\/\/die-webzeitung.de\/stuttgart\/wp-json\/wp\/v2\/tags?post=145540"}],"curies":[{"name":"wp","href":"https:\/\/api.w.org\/{rel}","templated":true}]}}