{"id":145473,"date":"2022-03-23T17:07:45","date_gmt":"2022-03-23T16:07:45","guid":{"rendered":"https:\/\/die-webzeitung.de\/stuttgart\/?p=145473"},"modified":"2022-03-23T17:07:45","modified_gmt":"2022-03-23T16:07:45","slug":"dank-fuer-die-riesige-spendenbereitschaft","status":"publish","type":"post","link":"https:\/\/die-webzeitung.de\/stuttgart\/2022\/03\/23\/dank-fuer-die-riesige-spendenbereitschaft\/","title":{"rendered":"Dank f\u00fcr die riesige Spendenbereitschaft"},"content":{"rendered":"<p style=\"text-align: justify;\"><strong>Landrat Bernhard dankt allen, die Spenden auf das zentrale Spendenkonto des Landkreises, der St\u00e4dte und Kommunen im Kreis sowie der Kreissparkasse einbezahlt haben<\/strong><\/p>\n<h4 style=\"text-align: center;\"><strong>\u201eSpendenkonto Ukrainehilfen\u201c<\/strong><\/h4>\n<h4 style=\"text-align: center;\"><strong>IBAN DE05 6035 0130 0001 1320 49<\/strong><\/h4>\n<h4 style=\"text-align: center;\"><strong>Kreissparkasse B\u00f6blingen<\/strong><\/h4>\n<p style=\"text-align: justify;\">Kreis B\u00f6blingen.| Das gemeinsame Spendenkonto aller St\u00e4dte und Gemeinden im Landkreis B\u00f6blingen, der Kreissparkasse B\u00f6blingen und des Landkreises ist erst seit rd. zwei Wochen eingerichtet. Und schon ist die 100.000 Euro-Marke geknackt. \u201eIch kann nur sagen, herzlichen Dank f\u00fcr diese riesige Spendenbereitschaft\u201c, so Landrat Roland Bernhard.<\/p>\n<p style=\"text-align: justify;\">Das zentrale Spendenkonto wurde eingerichtet, um Aktionen und Projekte zur Unterst\u00fctzung von Kriegsfl\u00fcchtlingen aus der Ukraine zu erm\u00f6glichen. Dabei wurde an Hilfen f\u00fcr gefl\u00fcchtete Menschen im Landkreis B\u00f6blingen gedacht, aber auch an den Einsatz von Geldern f\u00fcr Aktionen in den zur ukrainischen Grenze nahe gelegenen Gebieten etwa in Polen oder Rum\u00e4nien oder auch in Partnerkommunen der St\u00e4dte und Gemeinden im Kreis.<\/p>\n<p style=\"text-align: justify;\">\u201eIch ermuntere die Vereine, Kommunen, aber auch Schulen oder andere Organisationen, die sich hier engagieren, einen Antrag zu stellen, um ihr Projekt aus dem Spendenkonto heraus finanziert zu bekommen\u201c, so der Landrat weiter. Die Richtlinien und ein Antragsformular finden sich auf der Homepage des Landkreises B\u00f6blingen; \u00fcber die Bewilligung entscheidet ein Ausschuss des Kreistags; ein Gremium aus Vertretern der Landkreisverwaltung, den Kommunen und der Kreissparkasse haben dabei eine beratende Funktion.<\/p>\n<p style=\"text-align: justify;\">Die erste Bewilligung erfolgt auf den Antrag des Sindelfinger Vereins \u201eHelfen statt Hamstern e.V.\u201c ein. Der Verein gr\u00fcndete sich vor rd. zwei Jahren als Solidargemeinschaft zur Unterst\u00fctzung w\u00e4hrend der Corona-Pandemie. Aus dieser Hilfe f\u00fcr Menschen, die nicht selbst einkaufen konnten o.\u00e4. wurde jetzt ein riesig angelegter Hilfsapparat zum Sammeln und Weitervermitteln von Sachspenden aller Art. Der Verein wird mit einer Summe von 15.000 Euro aus dem Spendenkonto heraus unterst\u00fctzt. Er unterst\u00fctzt mit einem riesigen Spendenaufkommen die Partnerstadt der Stadt Sindelfingen Chelm in Polen, unweit der ukrainischen Grenze, sowie auch Menschen, die hier angekommen sind. Das wird sicher auch im Rahmen der Belegung des Glaspalasts mit voraussichtlich bis zu 440 Menschen eine wichtige Rolle spielen.<\/p>\n<p style=\"text-align: justify;\">\u201eDie gro\u00dfe Hilfsbereitschaft der Menschen macht Mut in diesen Zeiten. Auch f\u00fcr die Kreissparkasse war von Anfang an klar, dass wir hier unterst\u00fctzen wollen. Umso mehr freut es uns, dass unsere Startspende in H\u00f6he von 10.000 Euro innerhalb weniger Tage bereits verzehnfacht wurde. Durch unser Mitwirken im Gremium f\u00fcr die Spendenvergabe k\u00f6nnen wir gemeinsam mit den anderen Partnern eine transparente Verteilung der Hilfen gew\u00e4hrleisten, um die Not der Menschen zu lindern\u201c, sagte Dr. Detlef Schmidt, Vorstandsvorsitzender der Kreissparkasse B\u00f6blingen.<\/p>\n<p style=\"text-align: justify;\">Als Vertreterin der Kommunen erg\u00e4nzt B\u00fcrgermeisterin Anna Walther aus Sch\u00f6naich: \u201eIch bin \u00fcberw\u00e4ltigt und dankbar f\u00fcr die unglaubliche Hilfsbereitschaft. F\u00fcr die Gefl\u00fcchteten, aber auch f\u00fcr uns St\u00e4dte und Kommunen im Kreis, ist die ehrenamtliche Unterst\u00fctzung in der aktuellen Lage ein wichtiger Anker. Mit dem Spendenkonto kann sichergestellt werden, dass jene, die Hilfe leisten, gezielt und z\u00fcgig mit den daf\u00fcr notwendigen Mitteln ausgestattet werden und so ihr Bestm\u00f6gliches f\u00fcr die Leidenden des schrecklichen Krieges in der Ukraine tun k\u00f6nnen.\u201c<\/p>\n<p style=\"text-align: justify;\">Informationen zum Spendenkonto finden sich auf der Homepage des Landkreises B\u00f6blingen. Dort ist auch der Antrag hinterlegt, um Mittel aus dem Spendenkonto zu beantragen. \u201eDiese nun ersten beiden Aktionen zeigen, wie wertvoll die Spenden sind und wie gut und transparent angelegt diese Spendengelder f\u00fcr die genannten Hilfsleistungen sind\u201c, unterstreicht Landrat Bernhard. \u201eIch bin sicher, wir werden noch viel Gutes mit dem Geld tun k\u00f6nnen, das auf dieses Konto gespendet wird.\u201c Die Kontoverbindung lautet: \u201eSpendenkonto Ukrainehilfen\u201c, Kreissparkasse B\u00f6blingen, IBAN DE05 6035 0130 0001 1320 49.<\/p>\n<hr \/>\n<p style=\"text-align: justify;\">\n","protected":false},"excerpt":{"rendered":"<p>Landrat Bernhard dankt allen, die Spenden auf das zentrale Spendenkonto des Landkreises, der St\u00e4dte und Kommunen im Kreis sowie der Kreissparkasse einbezahlt haben \u201eSpendenkonto Ukrainehilfen\u201c IBAN DE05 6035 0130 0001 1320 49 Kreissparkasse B\u00f6blingen Kreis B\u00f6blingen.| Das gemeinsame Spendenkonto aller St\u00e4dte und Gemeinden im Landkreis B\u00f6blingen, der Kreissparkasse B\u00f6blingen und des Landkreises ist erst seit [&hellip;]<\/p>\n","protected":false},"author":4,"featured_media":0,"comment_status":"closed","ping_status":"open","sticky":false,"template":"","format":"standard","meta":{"inline_featured_image":false,"_exactmetrics_skip_tracking":false,"_exactmetrics_sitenote_active":false,"_exactmetrics_sitenote_note":"","_exactmetrics_sitenote_category":0,"footnotes":""},"categories":[2246],"tags":[3061,14857,11132,1722,11155,68,148,2117],"class_list":{"0":"post-145473","1":"post","2":"type-post","3":"status-publish","4":"format-standard","6":"category-kreis-boeblingen","7":"tag-boblingen","8":"tag-die-webzeitung","9":"tag-fluchtlinge","10":"tag-hilfe","11":"tag-krieg","12":"tag-online-zeitung","13":"tag-spende","14":"tag-ukraine"},"image_feature":null,"author_name":"Redaktion","pure_taxonomies":{"categories":[{"term_id":2246,"name":"Kreis B\u00f6blingen","slug":"kreis-boeblingen","term_group":0,"term_taxonomy_id":2259,"taxonomy":"category","description":"","parent":171,"count":197,"filter":"raw","image":""}],"tags":[{"term_id":3061,"name":"B\u00f6blingen","slug":"boblingen","term_group":0,"term_taxonomy_id":3075,"taxonomy":"post_tag","description":"","parent":0,"count":260,"filter":"raw","image":""},{"term_id":14857,"name":"Die-Webzeitung","slug":"die-webzeitung","term_group":0,"term_taxonomy_id":14876,"taxonomy":"post_tag","description":"","parent":0,"count":3628,"filter":"raw","image":""},{"term_id":11132,"name":"Fl\u00fcchtlinge","slug":"fluchtlinge","term_group":0,"term_taxonomy_id":11170,"taxonomy":"post_tag","description":"","parent":0,"count":6,"filter":"raw","image":""},{"term_id":1722,"name":"Hilfe","slug":"hilfe","term_group":0,"term_taxonomy_id":1731,"taxonomy":"post_tag","description":"","parent":0,"count":9,"filter":"raw","image":""},{"term_id":11155,"name":"Krieg","slug":"krieg","term_group":0,"term_taxonomy_id":11193,"taxonomy":"post_tag","description":"","parent":0,"count":3,"filter":"raw","image":""},{"term_id":68,"name":"Online-Zeitung","slug":"online-zeitung","term_group":0,"term_taxonomy_id":69,"taxonomy":"post_tag","description":"","parent":0,"count":3598,"filter":"raw","image":""},{"term_id":148,"name":"Spende","slug":"spende","term_group":0,"term_taxonomy_id":150,"taxonomy":"post_tag","description":"","parent":0,"count":16,"filter":"raw","image":""},{"term_id":2117,"name":"Ukraine","slug":"ukraine","term_group":0,"term_taxonomy_id":2129,"taxonomy":"post_tag","description":"","parent":0,"count":8,"filter":"raw","image":""}]},"_links":{"self":[{"href":"https:\/\/die-webzeitung.de\/stuttgart\/wp-json\/wp\/v2\/posts\/145473","targetHints":{"allow":["GET"]}}],"collection":[{"href":"https:\/\/die-webzeitung.de\/stuttgart\/wp-json\/wp\/v2\/posts"}],"about":[{"href":"https:\/\/die-webzeitung.de\/stuttgart\/wp-json\/wp\/v2\/types\/post"}],"author":[{"embeddable":true,"href":"https:\/\/die-webzeitung.de\/stuttgart\/wp-json\/wp\/v2\/users\/4"}],"replies":[{"embeddable":true,"href":"https:\/\/die-webzeitung.de\/stuttgart\/wp-json\/wp\/v2\/comments?post=145473"}],"version-history":[{"count":1,"href":"https:\/\/die-webzeitung.de\/stuttgart\/wp-json\/wp\/v2\/posts\/145473\/revisions"}],"predecessor-version":[{"id":145474,"href":"https:\/\/die-webzeitung.de\/stuttgart\/wp-json\/wp\/v2\/posts\/145473\/revisions\/145474"}],"wp:attachment":[{"href":"https:\/\/die-webzeitung.de\/stuttgart\/wp-json\/wp\/v2\/media?parent=145473"}],"wp:term":[{"taxonomy":"category","embeddable":true,"href":"https:\/\/die-webzeitung.de\/stuttgart\/wp-json\/wp\/v2\/categories?post=145473"},{"taxonomy":"post_tag","embeddable":true,"href":"https:\/\/die-webzeitung.de\/stuttgart\/wp-json\/wp\/v2\/tags?post=145473"}],"curies":[{"name":"wp","href":"https:\/\/api.w.org\/{rel}","templated":true}]}}