{"id":145424,"date":"2022-03-18T15:57:35","date_gmt":"2022-03-18T14:57:35","guid":{"rendered":"https:\/\/die-webzeitung.de\/stuttgart\/?p=145424"},"modified":"2022-03-18T15:57:35","modified_gmt":"2022-03-18T14:57:35","slug":"impfstuetzpunkte-im-landkreis-esslingen-schliessen-ende-maerz","status":"publish","type":"post","link":"https:\/\/die-webzeitung.de\/stuttgart\/2022\/03\/18\/impfstuetzpunkte-im-landkreis-esslingen-schliessen-ende-maerz\/","title":{"rendered":"Impfst\u00fctzpunkte im Landkreis Esslingen schlie\u00dfen Ende M\u00e4rz"},"content":{"rendered":"<h5 style=\"text-align: justify;\"><strong>Unkompliziert vor Ort zur vierten Impfung<\/strong><\/h5>\n<p style=\"text-align: justify;\">Kreis Esslingen.| Die sechs Impfst\u00fctzpunkte im Landkreis Esslingen schlie\u00dfen Ende M\u00e4rz. Bis dahin kann man sich an den St\u00fctzpunkten, die es in Esslingen, N\u00fcrtingen, Ostfildern, Filderstadt, Kirchheim und Plochingen gibt, noch gegen Corona impfen lassen. Insbesondere Menschen ab 70 Jahren, Besch\u00e4ftigte in medizinischen Einrichtungen und Pflegeeinrichtungen, Bewohner und Betreute in Pflegeeinrichtungen sowie Menschen mit Immunschw\u00e4che ab 5 Jahren k\u00f6nnen sich dort unkompliziert in den n\u00e4chsten beiden Wochen die f\u00fcr diese Personengruppen empfohlene zweite Auffrischungsimpfung, die zweite Booster-Impfung, verabreichen lassen.<\/p>\n<p style=\"text-align: justify;\">Diese zweite Auffrischungsimpfung soll bei gesundheitlich gef\u00e4hrdeten Personengruppen fr\u00fchestens drei Monate nach der ersten Auffrischungsimpfung erfolgen. Personal in medizinischen und pflegerischen Einrichtungen soll die zweite Auffrischungsimpfung fr\u00fchestens sechs Monate nach der ersten Booster-Impfung erhalten. Eine einzelne Impfdosis ist ausreichend. Personen, die nach erfolgter erster Auffrischungsimpfung eine Corona-Infektion durchgemacht haben, wird in der Regel vorerst keine weitere Impfung empfohlen.<\/p>\n<p style=\"text-align: justify;\"><strong>Rund um die Impfung<\/strong><\/p>\n<p style=\"text-align: justify;\">Auch Erst- und Zweitimpfungen sowie die erste Booster-Impfung mit den mRNA-Impfstoffen sind weiterhin in den sechs Impfst\u00fctzpunkten m\u00f6glich. Der neue Protein-Impfstoff \u201eNuvaxovid\u201c der Firma Novavax wird in den beiden St\u00fctzpunkten in Esslingen und N\u00fcrtingen angeboten.<\/p>\n<p style=\"text-align: justify;\">Zur Impfung werden der Personalausweis, wenn m\u00f6glich der Impfausweis und die Krankenkassenkarte, ben\u00f6tigt. Bei Zweit- und Auffrischungsimpfungen muss der Nachweis der bisherigen Covid-19-Impfungen mitgebracht werden. Personen unter 16 Jahren k\u00f6nnen nur in Begleitung eines Sorgeberechtigten geimpft werden.<\/p>\n<p style=\"text-align: justify;\">Einen Impftermin kann man online unter <a href=\"http:\/\/www.malteser-neckar-alb.de\/impfen.html\" target=\"_blank\" rel=\"noopener\">www.malteser-neckar-alb.de\/impfen.html<\/a> oder <a href=\"http:\/\/www.landkreis-esslingen.de\" target=\"_blank\" rel=\"noopener\">www.landkreis-esslingen.de<\/a> reservieren oder ohne Termin einen der Impfst\u00fctzpunkte aufsuchen. Wer einen Termin bucht, muss die Terminbest\u00e4tigung ausgedruckt oder digital vorlegen.<\/p>\n<p style=\"text-align: justify;\">Seit das Impfangebot ab Ende November 2021 auf die Impfst\u00fctzpunkte verteilt wurde, haben die Impfteams im Landkreis insgesamt 64.240 Impfungen verabreicht. Dabei handelte es sich zu rund 81 Prozent um dritte oder vierte Impfungen, also Auffrischungsimpfungen. Knapp 10 Prozent waren Erstimpfungen, etwa 9 Prozent Zweitimpfungen. W\u00e4hrend es zu Spitzenzeiten im November und Dezember vergangenen Jahres durchschnittlich bis zu 870 Impfungen pro Tag waren, wurden in der gesamten vergangenen Woche noch 626 Menschen geimpft.<\/p>\n<p style=\"text-align: justify;\"><strong>Weiterhin Impfung bei niedergelassenen \u00c4rzten, Apotheken und Impfbus<\/strong><\/p>\n<p style=\"text-align: justify;\">Zum 1. April reduziert das Land Baden-W\u00fcrttemberg die Impfinfrastruktur weiter und reagiert damit auf einen gesunkenen Bedarf. Pro Stadt- und Landkreis soll f\u00fcr die folgenden sechs Monate ein Impfteam als Grundversorgung vorgehalten werden. Im Landkreis Esslingen wird mit diesem Team der bekannte Impfbus weiterbetrieben, der damit auch weiterhin flexibel und gezielt eingesetzt werden kann. Die Impfangebote der niedergelassenen \u00c4rzte und Apotheken laufen ebenfalls weiter. Die niedergelassenen \u00c4rzte in derzeit 332 Praxen im Kreis sind \u00fcber <a href=\"http:\/\/www.arztsuche-bw.de\" target=\"_blank\" rel=\"noopener\">www.arztsuche-bw.de<\/a> zu finden. Impfende Apotheken lassen sich \u00fcber die Homepage der Landesapothekerkammer unter <a href=\"http:\/\/www.lak-bw.de\" target=\"_blank\" rel=\"noopener\">www.lak-bw.de<\/a> ermitteln.<\/p>\n<hr \/>\n<p style=\"text-align: justify;\">\n","protected":false},"excerpt":{"rendered":"<p>Unkompliziert vor Ort zur vierten Impfung Kreis Esslingen.| Die sechs Impfst\u00fctzpunkte im Landkreis Esslingen schlie\u00dfen Ende M\u00e4rz. Bis dahin kann man sich an den St\u00fctzpunkten, die es in Esslingen, N\u00fcrtingen, Ostfildern, Filderstadt, Kirchheim und Plochingen gibt, noch gegen Corona impfen lassen. Insbesondere Menschen ab 70 Jahren, Besch\u00e4ftigte in medizinischen Einrichtungen und Pflegeeinrichtungen, Bewohner und Betreute [&hellip;]<\/p>\n","protected":false},"author":4,"featured_media":0,"comment_status":"closed","ping_status":"open","sticky":false,"template":"","format":"standard","meta":{"inline_featured_image":false,"_exactmetrics_skip_tracking":false,"_exactmetrics_sitenote_active":false,"_exactmetrics_sitenote_note":"","_exactmetrics_sitenote_category":0,"footnotes":""},"categories":[59,2247],"tags":[14857,14440,17214,68],"class_list":{"0":"post-145424","1":"post","2":"type-post","3":"status-publish","4":"format-standard","6":"category-aktuell","7":"category-kreis-esslingen","8":"tag-die-webzeitung","9":"tag-esslingen","10":"tag-impfstuetzpunkt","11":"tag-online-zeitung"},"image_feature":null,"author_name":"Redaktion","pure_taxonomies":{"categories":[{"term_id":59,"name":"Aktuell","slug":"aktuell","term_group":0,"term_taxonomy_id":60,"taxonomy":"category","description":"","parent":0,"count":1018,"filter":"raw","image":""},{"term_id":2247,"name":"Kreis Esslingen","slug":"kreis-esslingen","term_group":0,"term_taxonomy_id":2260,"taxonomy":"category","description":"Informationen aus dem Landkreis Esslingen","parent":171,"count":214,"filter":"raw","image":""}],"tags":[{"term_id":14857,"name":"Die-Webzeitung","slug":"die-webzeitung","term_group":0,"term_taxonomy_id":14876,"taxonomy":"post_tag","description":"","parent":0,"count":3628,"filter":"raw","image":""},{"term_id":14440,"name":"Esslingen","slug":"esslingen","term_group":0,"term_taxonomy_id":3885,"taxonomy":"post_tag","description":"","parent":0,"count":202,"filter":"raw","image":""},{"term_id":17214,"name":"Impfst\u00fctzpunkt","slug":"impfstuetzpunkt","term_group":0,"term_taxonomy_id":17233,"taxonomy":"post_tag","description":"","parent":0,"count":2,"filter":"raw","image":""},{"term_id":68,"name":"Online-Zeitung","slug":"online-zeitung","term_group":0,"term_taxonomy_id":69,"taxonomy":"post_tag","description":"","parent":0,"count":3598,"filter":"raw","image":""}]},"_links":{"self":[{"href":"https:\/\/die-webzeitung.de\/stuttgart\/wp-json\/wp\/v2\/posts\/145424","targetHints":{"allow":["GET"]}}],"collection":[{"href":"https:\/\/die-webzeitung.de\/stuttgart\/wp-json\/wp\/v2\/posts"}],"about":[{"href":"https:\/\/die-webzeitung.de\/stuttgart\/wp-json\/wp\/v2\/types\/post"}],"author":[{"embeddable":true,"href":"https:\/\/die-webzeitung.de\/stuttgart\/wp-json\/wp\/v2\/users\/4"}],"replies":[{"embeddable":true,"href":"https:\/\/die-webzeitung.de\/stuttgart\/wp-json\/wp\/v2\/comments?post=145424"}],"version-history":[{"count":1,"href":"https:\/\/die-webzeitung.de\/stuttgart\/wp-json\/wp\/v2\/posts\/145424\/revisions"}],"predecessor-version":[{"id":145425,"href":"https:\/\/die-webzeitung.de\/stuttgart\/wp-json\/wp\/v2\/posts\/145424\/revisions\/145425"}],"wp:attachment":[{"href":"https:\/\/die-webzeitung.de\/stuttgart\/wp-json\/wp\/v2\/media?parent=145424"}],"wp:term":[{"taxonomy":"category","embeddable":true,"href":"https:\/\/die-webzeitung.de\/stuttgart\/wp-json\/wp\/v2\/categories?post=145424"},{"taxonomy":"post_tag","embeddable":true,"href":"https:\/\/die-webzeitung.de\/stuttgart\/wp-json\/wp\/v2\/tags?post=145424"}],"curies":[{"name":"wp","href":"https:\/\/api.w.org\/{rel}","templated":true}]}}