{"id":145399,"date":"2022-03-15T14:46:32","date_gmt":"2022-03-15T13:46:32","guid":{"rendered":"https:\/\/die-webzeitung.de\/stuttgart\/?p=145399"},"modified":"2022-03-15T14:46:32","modified_gmt":"2022-03-15T13:46:32","slug":"kreisimpfstuetzpunkt-kis-oeffnet-seine-tore-im-stern-center","status":"publish","type":"post","link":"https:\/\/die-webzeitung.de\/stuttgart\/2022\/03\/15\/kreisimpfstuetzpunkt-kis-oeffnet-seine-tore-im-stern-center\/","title":{"rendered":"Kreisimpfst\u00fctzpunkt (KIS) \u00f6ffnet seine Tore im Stern-Center"},"content":{"rendered":"<h5 style=\"text-align: justify;\"><strong>Ab 15. M\u00e4rz 2022 in der Sindelfinger Innenstadt<\/strong><\/h5>\n<p style=\"text-align: justify;\">Kreis B\u00f6blingen.| Der KIS ist umgezogen, der Mietvertrag mit der Messe Sindelfingen ist ausgelaufen. Ab Dienstag, 15. M\u00e4rz, sind die T\u00fcren im 1. Obergeschoss des Stern-Centers in der Sindelfinger Innenstadt (Mercedesstr. 12, 71063 Sindelfingen) ge\u00f6ffnet.<\/p>\n<p style=\"text-align: justify;\">Montag von 10 bis 14 Uhr, Dienstag bis Freitag von 15 bis 19 Uhr, Samstag von 12 bis 18 Uhr. Sonntags ist der KIS geschlossen. Die \u00d6ffnungszeiten sowie der Link zur Terminvereinbarung finden sich unter <a href=\"http:\/\/www.lrabb.de\" target=\"_blank\" rel=\"noopener\">www.lrabb.de<\/a>. Impfen ohne Terminvereinbarung ist jederzeit m\u00f6glich; einzige Ausnahme ist das Impfen von Kindern, hierf\u00fcr m\u00fcssen Termine gebucht werden.<\/p>\n<p style=\"text-align: justify;\">Am neuen Standort ist die Fl\u00e4che deutlich kleiner als die in der Messe Sindelfingen, es sind aber immer noch 6 Impfstra\u00dfen im neuen KIS. Und \u2013 was gleich bleibt: Alle Impfstoffe sind verf\u00fcgbar. Der Landkreis stellt, wie bisher, die Infrastruktur zur Verf\u00fcgung. Impfen wird dort weiterhin das Netzwerk aus \u00c4rzte- und Apothekerschaft.<\/p>\n<p style=\"text-align: justify;\">Der noch relativ neue Impfstoff Novavax wird ebenfalls in zwei Impfungen im Abstand von drei Wochen verabreicht. Auf der Homepage des Landkreises, Stichwort Informationen zur Corona-Impfung, sind Infos zum Impfstoff verlinkt. Und \u00fcbrigens \u2013 auch Gefl\u00fcchtete aus der Ukraine k\u00f6nnen selbstverst\u00e4ndlich unkompliziert und ohne Termin im KIS zum Impfen kommen.<\/p>\n<hr \/>\n<p style=\"text-align: justify;\">\n","protected":false},"excerpt":{"rendered":"<p>Ab 15. M\u00e4rz 2022 in der Sindelfinger Innenstadt Kreis B\u00f6blingen.| Der KIS ist umgezogen, der Mietvertrag mit der Messe Sindelfingen ist ausgelaufen. Ab Dienstag, 15. M\u00e4rz, sind die T\u00fcren im 1. Obergeschoss des Stern-Centers in der Sindelfinger Innenstadt (Mercedesstr. 12, 71063 Sindelfingen) ge\u00f6ffnet. Montag von 10 bis 14 Uhr, Dienstag bis Freitag von 15 bis [&hellip;]<\/p>\n","protected":false},"author":4,"featured_media":145400,"comment_status":"closed","ping_status":"open","sticky":false,"template":"","format":"standard","meta":{"inline_featured_image":false,"_exactmetrics_skip_tracking":false,"_exactmetrics_sitenote_active":false,"_exactmetrics_sitenote_note":"","_exactmetrics_sitenote_category":0,"footnotes":""},"categories":[59,2246],"tags":[3061,14857,9326,5,17220,68,7532],"class_list":{"0":"post-145399","1":"post","2":"type-post","3":"status-publish","4":"format-standard","5":"has-post-thumbnail","7":"category-aktuell","8":"category-kreis-boeblingen","9":"tag-boblingen","10":"tag-die-webzeitung","11":"tag-impfen","12":"tag-internetzeitung","13":"tag-kis","14":"tag-online-zeitung","15":"tag-sindelfingen"},"image_feature":"https:\/\/die-webzeitung.de\/stuttgart\/wp-content\/uploads\/sites\/4\/2022\/03\/kis.jpg","author_name":"Redaktion","pure_taxonomies":{"categories":[{"term_id":59,"name":"Aktuell","slug":"aktuell","term_group":0,"term_taxonomy_id":60,"taxonomy":"category","description":"","parent":0,"count":1018,"filter":"raw","image":""},{"term_id":2246,"name":"Kreis B\u00f6blingen","slug":"kreis-boeblingen","term_group":0,"term_taxonomy_id":2259,"taxonomy":"category","description":"","parent":171,"count":197,"filter":"raw","image":""}],"tags":[{"term_id":3061,"name":"B\u00f6blingen","slug":"boblingen","term_group":0,"term_taxonomy_id":3075,"taxonomy":"post_tag","description":"","parent":0,"count":260,"filter":"raw","image":""},{"term_id":14857,"name":"Die-Webzeitung","slug":"die-webzeitung","term_group":0,"term_taxonomy_id":14876,"taxonomy":"post_tag","description":"","parent":0,"count":3628,"filter":"raw","image":""},{"term_id":9326,"name":"Impfen","slug":"impfen","term_group":0,"term_taxonomy_id":9354,"taxonomy":"post_tag","description":"","parent":0,"count":9,"filter":"raw","image":""},{"term_id":5,"name":"Internetzeitung","slug":"internetzeitung","term_group":0,"term_taxonomy_id":5,"taxonomy":"post_tag","description":"","parent":0,"count":1461,"filter":"raw","image":""},{"term_id":17220,"name":"KIS","slug":"kis","term_group":0,"term_taxonomy_id":17239,"taxonomy":"post_tag","description":"","parent":0,"count":4,"filter":"raw","image":""},{"term_id":68,"name":"Online-Zeitung","slug":"online-zeitung","term_group":0,"term_taxonomy_id":69,"taxonomy":"post_tag","description":"","parent":0,"count":3598,"filter":"raw","image":""},{"term_id":7532,"name":"Sindelfingen","slug":"sindelfingen","term_group":0,"term_taxonomy_id":7554,"taxonomy":"post_tag","description":"","parent":0,"count":8,"filter":"raw","image":""}]},"_links":{"self":[{"href":"https:\/\/die-webzeitung.de\/stuttgart\/wp-json\/wp\/v2\/posts\/145399","targetHints":{"allow":["GET"]}}],"collection":[{"href":"https:\/\/die-webzeitung.de\/stuttgart\/wp-json\/wp\/v2\/posts"}],"about":[{"href":"https:\/\/die-webzeitung.de\/stuttgart\/wp-json\/wp\/v2\/types\/post"}],"author":[{"embeddable":true,"href":"https:\/\/die-webzeitung.de\/stuttgart\/wp-json\/wp\/v2\/users\/4"}],"replies":[{"embeddable":true,"href":"https:\/\/die-webzeitung.de\/stuttgart\/wp-json\/wp\/v2\/comments?post=145399"}],"version-history":[{"count":1,"href":"https:\/\/die-webzeitung.de\/stuttgart\/wp-json\/wp\/v2\/posts\/145399\/revisions"}],"predecessor-version":[{"id":145401,"href":"https:\/\/die-webzeitung.de\/stuttgart\/wp-json\/wp\/v2\/posts\/145399\/revisions\/145401"}],"wp:featuredmedia":[{"embeddable":true,"href":"https:\/\/die-webzeitung.de\/stuttgart\/wp-json\/wp\/v2\/media\/145400"}],"wp:attachment":[{"href":"https:\/\/die-webzeitung.de\/stuttgart\/wp-json\/wp\/v2\/media?parent=145399"}],"wp:term":[{"taxonomy":"category","embeddable":true,"href":"https:\/\/die-webzeitung.de\/stuttgart\/wp-json\/wp\/v2\/categories?post=145399"},{"taxonomy":"post_tag","embeddable":true,"href":"https:\/\/die-webzeitung.de\/stuttgart\/wp-json\/wp\/v2\/tags?post=145399"}],"curies":[{"name":"wp","href":"https:\/\/api.w.org\/{rel}","templated":true}]}}