{"id":145378,"date":"2022-03-13T18:00:14","date_gmt":"2022-03-13T17:00:14","guid":{"rendered":"https:\/\/die-webzeitung.de\/stuttgart\/?p=145378"},"modified":"2022-03-13T18:00:14","modified_gmt":"2022-03-13T17:00:14","slug":"145378","status":"publish","type":"post","link":"https:\/\/die-webzeitung.de\/stuttgart\/2022\/03\/13\/145378\/","title":{"rendered":"Hilfe f\u00fcr Schutzsuchende: Stuttgart nutzt verst\u00e4rkt Hallen"},"content":{"rendered":"<h5 style=\"text-align: justify;\"><strong>\u201eZustrom in nie gekanntem Ausma\u00df\u201c<\/strong><\/h5>\n<p style=\"text-align: justify;\">Stuttgart.| Die Stadt Stuttgart nutzt nun verst\u00e4rkt Hallen f\u00fcr die Erstaufnahme der ukrainischen Schutzsuchenden. So wird schrittweise die Nutzung einer Nebenhalle der Porsche-Arena erm\u00f6glicht und die Nutzung der Messe Stuttgart weiter ernsthaft gepr\u00fcft. Derzeit beherbergt die Stadt rund 1.000 Menschen aus der Ukraine.<\/p>\n<p style=\"text-align: justify;\">Nach der Sitzung des Koordinierungsstabs Ukraine sagte Oberb\u00fcrgermeister Dr. Frank Nopper: \u201eImmer mehr Kriegsfl\u00fcchtlinge aus der Ukraine kommen in Stuttgart an. Die Hilfsbereitschaft der Blaulicht-Organisationen und der Bev\u00f6lkerung ist gro\u00dfartig.<\/p>\n<p style=\"text-align: justify;\">Gegenw\u00e4rtig haben wir Unterbringung und Versorgung gut im Griff. Wir m\u00fcssen daf\u00fcr sorgen, dass die Kriegsfl\u00fcchtlinge im Land vern\u00fcnftig verteilt werden und nicht nur in Stuttgart und anderen Gro\u00dfst\u00e4dten untergebracht werden.\u201c<\/p>\n<p style=\"text-align: justify;\">Die B\u00fcrgermeisterin f\u00fcr Soziales und gesellschaftliche Integration, Dr. Alexandra Su\u00dfmann betonte: \u201eWir erleben einen Zustrom in einem nie gekannten Ausma\u00df. Unser Herz ist offen. Wir versuchen, alles m\u00f6glich zu machen. Da immer mehr Menschen nach Stuttgart kommen, passen wir unsere Planungen tagt\u00e4glich an und belegen jetzt zus\u00e4tzlich Hallen. Wir brauchen schnell eine gleichm\u00e4\u00dfige Verteilung auf alle Stadt- und Landkreise.\u201c<\/p>\n<p style=\"text-align: justify;\">Als Notfalll\u00f6sung wurde die Turn- und Versammlungshalle in Stuttgart-M\u00fcnster belegt mit dem Ziel, sie zeitnah wieder zu r\u00e4umen. Die Verwaltung kann zum jetzigen Zeitpunkt nicht versprechen, dass Turnhallen in der Stadt dauerhaft von einer Belegung ausgenommen bleiben. Der Leiter der Branddirektion, Dr. Georg Belge, sagte: \u201eMit rund 40 ehrenamtlichen Einsatzkr\u00e4ften der Feuerwehr haben wir die Halle in M\u00fcnster gestern zur Erstaufnahme umgebaut. Es war beeindruckend zu sehen, wie viele Hilfsangebote wir aus der Bev\u00f6lkerung erhalten haben.\u201c<\/p>\n<p style=\"text-align: justify;\">Die Stadt bereitet eine Erstaufnahmestruktur vor, um schnell die weiteren Schritte in die Wege leiten zu k\u00f6nnen.<\/p>\n<hr \/>\n<p style=\"text-align: justify;\">\n","protected":false},"excerpt":{"rendered":"<p>\u201eZustrom in nie gekanntem Ausma\u00df\u201c Stuttgart.| Die Stadt Stuttgart nutzt nun verst\u00e4rkt Hallen f\u00fcr die Erstaufnahme der ukrainischen Schutzsuchenden. So wird schrittweise die Nutzung einer Nebenhalle der Porsche-Arena erm\u00f6glicht und die Nutzung der Messe Stuttgart weiter ernsthaft gepr\u00fcft. Derzeit beherbergt die Stadt rund 1.000 Menschen aus der Ukraine. Nach der Sitzung des Koordinierungsstabs Ukraine sagte [&hellip;]<\/p>\n","protected":false},"author":4,"featured_media":145265,"comment_status":"closed","ping_status":"open","sticky":false,"template":"","format":"standard","meta":{"inline_featured_image":false,"_exactmetrics_skip_tracking":false,"_exactmetrics_sitenote_active":false,"_exactmetrics_sitenote_note":"","_exactmetrics_sitenote_category":0,"footnotes":""},"categories":[59,2239],"tags":[14857,17329,11132,5,68,9,275,2117],"class_list":{"0":"post-145378","1":"post","2":"type-post","3":"status-publish","4":"format-standard","5":"has-post-thumbnail","7":"category-aktuell","8":"category-stuttgart-lokal","9":"tag-die-webzeitung","10":"tag-erstaufnahme","11":"tag-fluchtlinge","12":"tag-internetzeitung","13":"tag-online-zeitung","14":"tag-schaumedia","15":"tag-stuttgart","16":"tag-ukraine"},"image_feature":"https:\/\/die-webzeitung.de\/stuttgart\/wp-content\/uploads\/sites\/4\/2022\/03\/ukraine-flag.png","author_name":"Redaktion","pure_taxonomies":{"categories":[{"term_id":59,"name":"Aktuell","slug":"aktuell","term_group":0,"term_taxonomy_id":60,"taxonomy":"category","description":"","parent":0,"count":1018,"filter":"raw","image":""},{"term_id":2239,"name":"Stuttgart","slug":"stuttgart-lokal","term_group":0,"term_taxonomy_id":2252,"taxonomy":"category","description":"Berichte und Informationen aus Stuttgart","parent":1433,"count":943,"filter":"raw","image":""}],"tags":[{"term_id":14857,"name":"Die-Webzeitung","slug":"die-webzeitung","term_group":0,"term_taxonomy_id":14876,"taxonomy":"post_tag","description":"","parent":0,"count":3628,"filter":"raw","image":""},{"term_id":17329,"name":"Erstaufnahme","slug":"erstaufnahme","term_group":0,"term_taxonomy_id":17348,"taxonomy":"post_tag","description":"","parent":0,"count":1,"filter":"raw","image":""},{"term_id":11132,"name":"Fl\u00fcchtlinge","slug":"fluchtlinge","term_group":0,"term_taxonomy_id":11170,"taxonomy":"post_tag","description":"","parent":0,"count":6,"filter":"raw","image":""},{"term_id":5,"name":"Internetzeitung","slug":"internetzeitung","term_group":0,"term_taxonomy_id":5,"taxonomy":"post_tag","description":"","parent":0,"count":1461,"filter":"raw","image":""},{"term_id":68,"name":"Online-Zeitung","slug":"online-zeitung","term_group":0,"term_taxonomy_id":69,"taxonomy":"post_tag","description":"","parent":0,"count":3598,"filter":"raw","image":""},{"term_id":9,"name":"SchauMedia","slug":"schaumedia","term_group":0,"term_taxonomy_id":9,"taxonomy":"post_tag","description":"","parent":0,"count":1607,"filter":"raw","image":""},{"term_id":275,"name":"Stuttgart","slug":"stuttgart","term_group":0,"term_taxonomy_id":281,"taxonomy":"post_tag","description":"","parent":0,"count":1196,"filter":"raw","image":""},{"term_id":2117,"name":"Ukraine","slug":"ukraine","term_group":0,"term_taxonomy_id":2129,"taxonomy":"post_tag","description":"","parent":0,"count":8,"filter":"raw","image":""}]},"_links":{"self":[{"href":"https:\/\/die-webzeitung.de\/stuttgart\/wp-json\/wp\/v2\/posts\/145378","targetHints":{"allow":["GET"]}}],"collection":[{"href":"https:\/\/die-webzeitung.de\/stuttgart\/wp-json\/wp\/v2\/posts"}],"about":[{"href":"https:\/\/die-webzeitung.de\/stuttgart\/wp-json\/wp\/v2\/types\/post"}],"author":[{"embeddable":true,"href":"https:\/\/die-webzeitung.de\/stuttgart\/wp-json\/wp\/v2\/users\/4"}],"replies":[{"embeddable":true,"href":"https:\/\/die-webzeitung.de\/stuttgart\/wp-json\/wp\/v2\/comments?post=145378"}],"version-history":[{"count":1,"href":"https:\/\/die-webzeitung.de\/stuttgart\/wp-json\/wp\/v2\/posts\/145378\/revisions"}],"predecessor-version":[{"id":145379,"href":"https:\/\/die-webzeitung.de\/stuttgart\/wp-json\/wp\/v2\/posts\/145378\/revisions\/145379"}],"wp:featuredmedia":[{"embeddable":true,"href":"https:\/\/die-webzeitung.de\/stuttgart\/wp-json\/wp\/v2\/media\/145265"}],"wp:attachment":[{"href":"https:\/\/die-webzeitung.de\/stuttgart\/wp-json\/wp\/v2\/media?parent=145378"}],"wp:term":[{"taxonomy":"category","embeddable":true,"href":"https:\/\/die-webzeitung.de\/stuttgart\/wp-json\/wp\/v2\/categories?post=145378"},{"taxonomy":"post_tag","embeddable":true,"href":"https:\/\/die-webzeitung.de\/stuttgart\/wp-json\/wp\/v2\/tags?post=145378"}],"curies":[{"name":"wp","href":"https:\/\/api.w.org\/{rel}","templated":true}]}}