{"id":145347,"date":"2022-03-11T15:12:04","date_gmt":"2022-03-11T14:12:04","guid":{"rendered":"https:\/\/die-webzeitung.de\/stuttgart\/2022\/03\/11\/dfb-bundestag-entzieht-gerhard-schroeder-die-ehrenmitgliedschaft\/"},"modified":"2022-03-11T15:12:04","modified_gmt":"2022-03-11T14:12:04","slug":"dfb-bundestag-entzieht-gerhard-schroeder-die-ehrenmitgliedschaft","status":"publish","type":"post","link":"https:\/\/die-webzeitung.de\/stuttgart\/2022\/03\/11\/dfb-bundestag-entzieht-gerhard-schroeder-die-ehrenmitgliedschaft\/","title":{"rendered":"DFB-Bundestag entzieht Gerhard Schr\u00f6der die Ehrenmitgliedschaft"},"content":{"rendered":"<div>\n<p style=\"text-align: justify;\">Frankfurt\/Main.| Gerhard Schr\u00f6der ist nicht mehr Ehrenmitglied des Deutschen Fu\u00dfball-Bundes (DFB). Die Delegierten des 44. Ordentlichen DFB-Bundestages in Bonn sprachen sich f\u00fcr eine sofortige Aberkennung der Ehrenmitgliedschaft des Bundeskanzlers a.D. der Bundesrepublik Deutschland aus. Nach dem russischen Angriff auf die Ukraine hatten die beiden 1. DFB-Vizepr\u00e4sidenten Dr. Rainer Koch und Hans-Joachim Watzke Altbundeskanzler Schr\u00f6der in der vergangenen Woche gebeten, auf seine Funktionen in russischen Staatskonzernen zu verzichten oder seine Ehrenmitgliedschaft im DFB niederzulegen. Keiner dieser Bitten war Schr\u00f6der bis zum heutigen Freitag nachgekommen, weshalb die Delegierten des DFB-Bundestags satzungsgem\u00e4\u00df \u00fcber die Fortdauer seiner Ehrenmitgliedschaft entschieden.<\/p>\n<p style=\"text-align: justify;\">Zum deutlichen Votum des DFB-Bundestages sagten Rainer Koch und Hans-Joachim Watzke in einer gemeinsamen Erkl\u00e4rung: \u201cDer v\u00f6lkerrechtswidrige Angriff auf die Ukraine ist durch nichts zu rechtfertigen. Wer sich aus R\u00fccksicht auf pers\u00f6nliche Interessen nicht klar vom Krieg und seinem Aggressor distanziert und dar\u00fcber hinaus auch nicht die gebotenen gesch\u00e4ftlichen Konsequenzen zieht, teilt nicht die Werte des Fu\u00dfballs und des Deutschen Fu\u00dfball-Bundes. Gerhard Schr\u00f6der kann somit nicht l\u00e4nger Ehrenmitglied unseres Verbandes sein, der sich f\u00fcr Verst\u00e4ndigung zwischen den Menschen einsetzt und jede Form von Gewalt ablehnt. Dieses eindeutige Signal geht heute vom DFB-Bundestag aus. Wir erwarten auch nach Aberkennung seiner Ehrenmitgliedschaft weiter vom Bundeskanzler a.D. Gerhard Schr\u00f6der, dass er seinen Einfluss geltend macht und sich im Rahmen seiner M\u00f6glichkeiten f\u00fcr Frieden in der Ukraine einsetzt.\u201d<\/p>\n<p style=\"text-align: justify;\">Gerhard Schr\u00f6der war im Dezember 2005 in Leipzig vom DFB-Bundestag zum Ehrenmitglied des DFB ernannt worden.<\/p>\n<hr \/>\n<p style=\"text-align: justify;\">\n<\/div>\n","protected":false},"excerpt":{"rendered":"<p>Frankfurt\/Main.| Gerhard Schr\u00f6der ist nicht mehr Ehrenmitglied des Deutschen Fu\u00dfball-Bundes (DFB). Die Delegierten des 44. Ordentlichen DFB-Bundestages in Bonn sprachen sich f\u00fcr eine sofortige Aberkennung der Ehrenmitgliedschaft des Bundeskanzlers a.D. der Bundesrepublik Deutschland aus. Nach dem russischen Angriff auf die Ukraine hatten die beiden 1. DFB-Vizepr\u00e4sidenten Dr. Rainer Koch und Hans-Joachim Watzke Altbundeskanzler Schr\u00f6der in [&hellip;]<\/p>\n","protected":false},"author":4,"featured_media":0,"comment_status":"closed","ping_status":"open","sticky":false,"template":"","format":"standard","meta":{"inline_featured_image":false,"_exactmetrics_skip_tracking":false,"_exactmetrics_sitenote_active":false,"_exactmetrics_sitenote_note":"","_exactmetrics_sitenote_category":0,"footnotes":""},"categories":[110],"tags":[11983,14857,17328,68,9,11008],"class_list":{"0":"post-145347","1":"post","2":"type-post","3":"status-publish","4":"format-standard","6":"category-sport","7":"tag-dfb","8":"tag-die-webzeitung","9":"tag-ehrenmitglied","10":"tag-online-zeitung","11":"tag-schaumedia","12":"tag-schroder"},"image_feature":null,"author_name":"Redaktion","pure_taxonomies":{"categories":[{"term_id":110,"name":"Sport","slug":"sport","term_group":0,"term_taxonomy_id":112,"taxonomy":"category","description":"Sportberichte","parent":0,"count":1043,"filter":"raw","image":""}],"tags":[{"term_id":11983,"name":"DFB","slug":"dfb","term_group":0,"term_taxonomy_id":12021,"taxonomy":"post_tag","description":"","parent":0,"count":46,"filter":"raw","image":""},{"term_id":14857,"name":"Die-Webzeitung","slug":"die-webzeitung","term_group":0,"term_taxonomy_id":14876,"taxonomy":"post_tag","description":"","parent":0,"count":3628,"filter":"raw","image":""},{"term_id":17328,"name":"Ehrenmitglied","slug":"ehrenmitglied","term_group":0,"term_taxonomy_id":17347,"taxonomy":"post_tag","description":"","parent":0,"count":1,"filter":"raw","image":""},{"term_id":68,"name":"Online-Zeitung","slug":"online-zeitung","term_group":0,"term_taxonomy_id":69,"taxonomy":"post_tag","description":"","parent":0,"count":3598,"filter":"raw","image":""},{"term_id":9,"name":"SchauMedia","slug":"schaumedia","term_group":0,"term_taxonomy_id":9,"taxonomy":"post_tag","description":"","parent":0,"count":1607,"filter":"raw","image":""},{"term_id":11008,"name":"Schr\u00f6der","slug":"schroder","term_group":0,"term_taxonomy_id":11046,"taxonomy":"post_tag","description":"","parent":0,"count":1,"filter":"raw","image":""}]},"_links":{"self":[{"href":"https:\/\/die-webzeitung.de\/stuttgart\/wp-json\/wp\/v2\/posts\/145347","targetHints":{"allow":["GET"]}}],"collection":[{"href":"https:\/\/die-webzeitung.de\/stuttgart\/wp-json\/wp\/v2\/posts"}],"about":[{"href":"https:\/\/die-webzeitung.de\/stuttgart\/wp-json\/wp\/v2\/types\/post"}],"author":[{"embeddable":true,"href":"https:\/\/die-webzeitung.de\/stuttgart\/wp-json\/wp\/v2\/users\/4"}],"replies":[{"embeddable":true,"href":"https:\/\/die-webzeitung.de\/stuttgart\/wp-json\/wp\/v2\/comments?post=145347"}],"version-history":[{"count":0,"href":"https:\/\/die-webzeitung.de\/stuttgart\/wp-json\/wp\/v2\/posts\/145347\/revisions"}],"wp:attachment":[{"href":"https:\/\/die-webzeitung.de\/stuttgart\/wp-json\/wp\/v2\/media?parent=145347"}],"wp:term":[{"taxonomy":"category","embeddable":true,"href":"https:\/\/die-webzeitung.de\/stuttgart\/wp-json\/wp\/v2\/categories?post=145347"},{"taxonomy":"post_tag","embeddable":true,"href":"https:\/\/die-webzeitung.de\/stuttgart\/wp-json\/wp\/v2\/tags?post=145347"}],"curies":[{"name":"wp","href":"https:\/\/api.w.org\/{rel}","templated":true}]}}