{"id":145298,"date":"2022-03-07T17:29:03","date_gmt":"2022-03-07T16:29:03","guid":{"rendered":"https:\/\/die-webzeitung.de\/stuttgart\/?p=145298"},"modified":"2022-03-07T17:29:03","modified_gmt":"2022-03-07T16:29:03","slug":"radschnellverbindung-weil-der-stadt-leonberg","status":"publish","type":"post","link":"https:\/\/die-webzeitung.de\/stuttgart\/2022\/03\/07\/radschnellverbindung-weil-der-stadt-leonberg\/","title":{"rendered":"Radschnellverbindung Weil der Stadt &#8211; Leonberg"},"content":{"rendered":"<p style=\"text-align: justify;\"><strong>Befahrung der Teilstrecke Silberberg \u2013 Renningen \u2013 Malmsheim am Freitag, 25. M\u00e4rz 2022<\/strong><\/p>\n<p style=\"text-align: justify;\">Von Weil der Stadt \u00fcber Renningen nach Leonberg soll eine Radschnellverbindung entstehen. Dazu findet am Freitag, 25. M\u00e4rz, eine B\u00fcrgerinformation f\u00fcr die Teilstrecke Malmsheim \u2013 Renningen &#8211; Silberberg statt. Die Veranstaltung findet in Form einer gemeinsamen Befahrung per Rad durch, von 15 bis 18 Uhr. Es werden m\u00f6gliche Trassenverl\u00e4ufe besichtigt und nat\u00fcrlich k\u00f6nnen Fragen zur geplanten Radschnellverbindung gestellt werden.<\/p>\n<p style=\"text-align: justify;\">Alle interessierten B\u00fcrgerinnen und B\u00fcrger sind herzlich eingeladen, an der Befahrung teilzunehmen. Nat\u00fcrlich muss das eigene Fahrrad oder Pedelec mitgebracht werden. Treffpunkt \/ Start ist am Freitag, 25. M\u00e4rz 2022, um 15 Uhr, in Silberberg, Bahnhof Rutesheim (s\u00fcdlich der Gleise). Gegen 16.30 \/ 17 Uhr ist eine Pause geplant in der Industriestra\u00dfe (N\u00e4he Bahnhof Renningen), gegen 18 Uhr ist geplant, in Malmsheim am Parkplatz beim Bahnhof anzukommen.<\/p>\n<p style=\"text-align: justify;\">Radschnellverbindungen f\u00fchren den Radverkehr m\u00f6glichst geradlinig, kreuzungsarm und ohne Umwege auf breiten Wegen oder weitestgehend bevorrechtigt auf der Stra\u00dfe. Sie sollen eine attraktive M\u00f6glichkeit bieten, im Alltag oder auch f\u00fcr l\u00e4ngere Stecken z\u00fcgig und sicher mit dem Rad voran zu kommen.<\/p>\n<p style=\"text-align: justify;\">Im Jahr 2019 ver\u00f6ffentlichte der Landkreis B\u00f6blingen eine Machbarkeitsstudie, in der unter anderem die Verbindung von Weil der Stadt nach Leonberg untersucht wurde. Aktuell hat die Vorplanung auf diesem Abschnitt begonnen. Die Machbarkeitsstudie ist auch online unter <a href=\"http:\/\/www.lrabb.de\/radverkehr\" target=\"_blank\" rel=\"noopener\">www.lrabb.de\/radverkehr<\/a>, \u201eKonzepte und Strategien rund um den Radverkehr\u201c abrufbar.<\/p>\n<hr \/>\n<p style=\"text-align: justify;\">\n","protected":false},"excerpt":{"rendered":"<p>Befahrung der Teilstrecke Silberberg \u2013 Renningen \u2013 Malmsheim am Freitag, 25. M\u00e4rz 2022 Von Weil der Stadt \u00fcber Renningen nach Leonberg soll eine Radschnellverbindung entstehen. Dazu findet am Freitag, 25. M\u00e4rz, eine B\u00fcrgerinformation f\u00fcr die Teilstrecke Malmsheim \u2013 Renningen &#8211; Silberberg statt. Die Veranstaltung findet in Form einer gemeinsamen Befahrung per Rad durch, von 15 [&hellip;]<\/p>\n","protected":false},"author":4,"featured_media":145299,"comment_status":"closed","ping_status":"open","sticky":false,"template":"","format":"standard","meta":{"inline_featured_image":false,"_exactmetrics_skip_tracking":false,"_exactmetrics_sitenote_active":false,"_exactmetrics_sitenote_note":"","_exactmetrics_sitenote_category":0,"footnotes":""},"categories":[59,2246],"tags":[3061,14857,5,2250,68,15905,17323],"class_list":{"0":"post-145298","1":"post","2":"type-post","3":"status-publish","4":"format-standard","5":"has-post-thumbnail","7":"category-aktuell","8":"category-kreis-boeblingen","9":"tag-boblingen","10":"tag-die-webzeitung","11":"tag-internetzeitung","12":"tag-leonberg-lokal","13":"tag-online-zeitung","14":"tag-radschnellweg","15":"tag-weilderstadt"},"image_feature":"https:\/\/die-webzeitung.de\/stuttgart\/wp-content\/uploads\/sites\/4\/2022\/03\/cyclist-gb4d09ce90_640.jpg","author_name":"Redaktion","pure_taxonomies":{"categories":[{"term_id":59,"name":"Aktuell","slug":"aktuell","term_group":0,"term_taxonomy_id":60,"taxonomy":"category","description":"","parent":0,"count":1018,"filter":"raw","image":""},{"term_id":2246,"name":"Kreis B\u00f6blingen","slug":"kreis-boeblingen","term_group":0,"term_taxonomy_id":2259,"taxonomy":"category","description":"","parent":171,"count":197,"filter":"raw","image":""}],"tags":[{"term_id":3061,"name":"B\u00f6blingen","slug":"boblingen","term_group":0,"term_taxonomy_id":3075,"taxonomy":"post_tag","description":"","parent":0,"count":260,"filter":"raw","image":""},{"term_id":14857,"name":"Die-Webzeitung","slug":"die-webzeitung","term_group":0,"term_taxonomy_id":14876,"taxonomy":"post_tag","description":"","parent":0,"count":3628,"filter":"raw","image":""},{"term_id":5,"name":"Internetzeitung","slug":"internetzeitung","term_group":0,"term_taxonomy_id":5,"taxonomy":"post_tag","description":"","parent":0,"count":1461,"filter":"raw","image":""},{"term_id":2250,"name":"Leonberg","slug":"leonberg-lokal","term_group":0,"term_taxonomy_id":5717,"taxonomy":"post_tag","description":"","parent":0,"count":5,"filter":"raw","image":""},{"term_id":68,"name":"Online-Zeitung","slug":"online-zeitung","term_group":0,"term_taxonomy_id":69,"taxonomy":"post_tag","description":"","parent":0,"count":3598,"filter":"raw","image":""},{"term_id":15905,"name":"Radschnellweg","slug":"radschnellweg","term_group":0,"term_taxonomy_id":15924,"taxonomy":"post_tag","description":"","parent":0,"count":7,"filter":"raw","image":""},{"term_id":17323,"name":"Weilderstadt","slug":"weilderstadt","term_group":0,"term_taxonomy_id":17342,"taxonomy":"post_tag","description":"","parent":0,"count":1,"filter":"raw","image":""}]},"_links":{"self":[{"href":"https:\/\/die-webzeitung.de\/stuttgart\/wp-json\/wp\/v2\/posts\/145298","targetHints":{"allow":["GET"]}}],"collection":[{"href":"https:\/\/die-webzeitung.de\/stuttgart\/wp-json\/wp\/v2\/posts"}],"about":[{"href":"https:\/\/die-webzeitung.de\/stuttgart\/wp-json\/wp\/v2\/types\/post"}],"author":[{"embeddable":true,"href":"https:\/\/die-webzeitung.de\/stuttgart\/wp-json\/wp\/v2\/users\/4"}],"replies":[{"embeddable":true,"href":"https:\/\/die-webzeitung.de\/stuttgart\/wp-json\/wp\/v2\/comments?post=145298"}],"version-history":[{"count":1,"href":"https:\/\/die-webzeitung.de\/stuttgart\/wp-json\/wp\/v2\/posts\/145298\/revisions"}],"predecessor-version":[{"id":145300,"href":"https:\/\/die-webzeitung.de\/stuttgart\/wp-json\/wp\/v2\/posts\/145298\/revisions\/145300"}],"wp:featuredmedia":[{"embeddable":true,"href":"https:\/\/die-webzeitung.de\/stuttgart\/wp-json\/wp\/v2\/media\/145299"}],"wp:attachment":[{"href":"https:\/\/die-webzeitung.de\/stuttgart\/wp-json\/wp\/v2\/media?parent=145298"}],"wp:term":[{"taxonomy":"category","embeddable":true,"href":"https:\/\/die-webzeitung.de\/stuttgart\/wp-json\/wp\/v2\/categories?post=145298"},{"taxonomy":"post_tag","embeddable":true,"href":"https:\/\/die-webzeitung.de\/stuttgart\/wp-json\/wp\/v2\/tags?post=145298"}],"curies":[{"name":"wp","href":"https:\/\/api.w.org\/{rel}","templated":true}]}}