{"id":145293,"date":"2022-03-07T15:17:32","date_gmt":"2022-03-07T14:17:32","guid":{"rendered":"https:\/\/die-webzeitung.de\/stuttgart\/2022\/03\/07\/163649\/"},"modified":"2022-03-07T15:17:32","modified_gmt":"2022-03-07T14:17:32","slug":"163649","status":"publish","type":"post","link":"https:\/\/die-webzeitung.de\/stuttgart\/2022\/03\/07\/163649\/","title":{"rendered":"Gegen Waspo Hannover ist nichts zu holen"},"content":{"rendered":"<p style=\"text-align: justify;\"><img loading=\"lazy\" decoding=\"async\" class=\"alignleft size-thumbnail wp-image-158196\" src=\"https:\/\/die-webzeitung.de\/ludwigsburg\/wp-content\/uploads\/sites\/5\/2020\/12\/svl-small.png\" alt=\"\" width=\"150\" height=\"150\" \/>Ludwigsburg.| Die SVL-Wasserballer haben ihr Heimspiel im Inselbad Stuttgart gegen Waspo Hannover mit 5:18 verloren. Zu deutlich verloren, das wissen auch die Spieler. Nun gilt die volle Konzentration den letzten Spielen der Vorrunde gegen Potsdam und gegen Esslingen.<\/p>\n<p style=\"text-align: justify;\">Die Partie gegen den Champions-League-Teilnehmer Waspo Hannover am Samstagnachmittag im Inselbad Stuttgart ist schnell entschieden. Nach dem ersten Viertel hei\u00dft es 0:5. Und auch im zweiten Viertel geht kaum mehr. Einzig Nino Blazevic gelingt ein Treffer, zur Halbzeit steht es 1:10.<\/p>\n<p style=\"text-align: justify;\">Im dritten Viertel hei\u00dft der einzige Torsch\u00fctze des SVL Marko Martinic. Der Zwischenstand nach drei Vierteln: 2:12. Im vierten Viertel steuern Blazevic, Mattia Ruggeri und Mateja Bosic je einen Treffer bei. Waspo indes erzielt sechs Tore. Beim Schlusspfiff hei\u00dft es 5:18. Ein gebrauchter Tag f\u00fcr den SVL und die rund 100 Zuschauer im Inselbad.<\/p>\n<p style=\"text-align: justify;\">Der SVL-Teammager Adrijan Jakovcev ist ein wenig ern\u00fcchtert, sagt: OK, das Spiel deutlich verloren, das Ergebnis sei auch gar nicht so richtig, wichtiger sei es, \u201eetwas mitzunehmen\u201c, sprich Erfahrungen zu sammeln gegen ein Top-Team. \u201eIch muss aber ehrlich sagen: wir k\u00f6nnen aus diesem Spiel gar nichts mitnehmen.\u201c Das sei \u00e4rgerlich, es sei ja in Ordnung gegen einen st\u00e4rkeren Gegner zu verlieren, aber durch so eine Niederlage nicht schlauer zu werden, das sei eben \u00e4rgerlich. Aber abwarten, vielleicht ziehen einige Spieler ja doch ihre Schl\u00fcsse aus dieser Partie.<\/p>\n<p style=\"text-align: justify;\">Der SVL-Nationalspieler Timo van der Bosch sagt nach dem Abpfiff, das Ergebnis spreche \u201ef\u00fcr sich, wir hatten keine realistische Chance auf einen Sieg.\u201c Die Mannschaft sei zu schnell viel zu weit zur\u00fcckgelegen. \u201eWir waren in allen Belangen unterlegen\u201c. Die Schiedsrichter h\u00e4tte auch \u201eein paar merkw\u00fcrdige Entscheidung getroffen, aber daran lag es heute sicher nicht\u201c. Die Partie gegen Hannover sei kein Spiel, \u201edas wir gewinnen mussten, von daher ist noch alles gut\u201c. Aber klar, der SVL h\u00e4tte sich besser verkaufen sollen.<\/p>\n<p style=\"text-align: justify;\">Der SVL-Kapit\u00e4n und Torwart Ivan Pisk erkl\u00e4rt nach dem Abpfiff, \u201ewir h\u00e4tten mit klaren K\u00f6pfen in das Spiel einsteigen m\u00fcssen\u201c &#8211; das Spiel sei f\u00fcr Waspo von Anfang an eine leichte \u00dcbungseinheit gewesen. Der SVL-Betreuer Dieter Gscheidle fast sich kurz, spricht von \u201eeiner tr\u00e4gen Angelegenheit\u201c, die Chancenverwertung sei schlecht gewesen. Waspo habe sofort gezeigt, wer Herr im Haus ist. Der SVL-Vizepr\u00e4sident Matthias Nagel sagt, es sei klar gewesen, \u201edass wir nicht punkten werden. Man h\u00e4tte aber ein bisschen mehr erwarten k\u00f6nnen\u201c- im Angriff und in der Abwehr.<\/p>\n<p style=\"text-align: justify;\">Nun gilt die volle Konzentration den n\u00e4chsten wichtigen Spielen gegen Potsdam und gegen Esslingen. Am kommenden Samstag spielt Ludwigsburg in Potsdam, am Mittwoch darauf im Inselbad gegen Esslingen und am Samstag, 19. M\u00e4rz, im Inselbad wieder gegen Potsdam. Danach ist die Vorrunde beendet. Platz vier in der Bundesliga-Tabelle ist f\u00fcr den SVL realistisch, danach geht es in den Playoffs weiter.<\/p>\n<hr \/>\n<p style=\"text-align: justify;\">\n","protected":false},"excerpt":{"rendered":"<p>Ludwigsburg.| Die SVL-Wasserballer haben ihr Heimspiel im Inselbad Stuttgart gegen Waspo Hannover mit 5:18 verloren. Zu deutlich verloren, das wissen auch die Spieler. Nun gilt die volle Konzentration den letzten Spielen der Vorrunde gegen Potsdam und gegen Esslingen. Die Partie gegen den Champions-League-Teilnehmer Waspo Hannover am Samstagnachmittag im Inselbad Stuttgart ist schnell entschieden. Nach dem [&hellip;]<\/p>\n","protected":false},"author":4,"featured_media":145294,"comment_status":"closed","ping_status":"open","sticky":false,"template":"","format":"standard","meta":{"inline_featured_image":false,"_exactmetrics_skip_tracking":false,"_exactmetrics_sitenote_active":false,"_exactmetrics_sitenote_note":"","_exactmetrics_sitenote_category":0,"footnotes":""},"categories":[110],"tags":[131,14857,5,6,68,9,15012,14387,14388,14027],"class_list":{"0":"post-145293","1":"post","2":"type-post","3":"status-publish","4":"format-standard","5":"has-post-thumbnail","7":"category-sport","8":"tag-bundesliga","9":"tag-die-webzeitung","10":"tag-internetzeitung","11":"tag-ludwigsburg","12":"tag-online-zeitung","13":"tag-schaumedia","14":"tag-schwimmen","15":"tag-schwimmverein","16":"tag-svl","17":"tag-wasserball"},"image_feature":"https:\/\/die-webzeitung.de\/stuttgart\/wp-content\/uploads\/sites\/4\/2022\/03\/unnamed.jpg","author_name":"Redaktion","pure_taxonomies":{"categories":[{"term_id":110,"name":"Sport","slug":"sport","term_group":0,"term_taxonomy_id":112,"taxonomy":"category","description":"Sportberichte","parent":0,"count":1043,"filter":"raw","image":""}],"tags":[{"term_id":131,"name":"Bundesliga","slug":"bundesliga","term_group":0,"term_taxonomy_id":133,"taxonomy":"post_tag","description":"","parent":0,"count":699,"filter":"raw","image":""},{"term_id":14857,"name":"Die-Webzeitung","slug":"die-webzeitung","term_group":0,"term_taxonomy_id":14876,"taxonomy":"post_tag","description":"","parent":0,"count":3628,"filter":"raw","image":""},{"term_id":5,"name":"Internetzeitung","slug":"internetzeitung","term_group":0,"term_taxonomy_id":5,"taxonomy":"post_tag","description":"","parent":0,"count":1461,"filter":"raw","image":""},{"term_id":6,"name":"Ludwigsburg","slug":"ludwigsburg","term_group":0,"term_taxonomy_id":6,"taxonomy":"post_tag","description":"","parent":0,"count":180,"filter":"raw","image":""},{"term_id":68,"name":"Online-Zeitung","slug":"online-zeitung","term_group":0,"term_taxonomy_id":69,"taxonomy":"post_tag","description":"","parent":0,"count":3598,"filter":"raw","image":""},{"term_id":9,"name":"SchauMedia","slug":"schaumedia","term_group":0,"term_taxonomy_id":9,"taxonomy":"post_tag","description":"","parent":0,"count":1607,"filter":"raw","image":""},{"term_id":15012,"name":"schwimmen","slug":"schwimmen","term_group":0,"term_taxonomy_id":15031,"taxonomy":"post_tag","description":"","parent":0,"count":149,"filter":"raw","image":""},{"term_id":14387,"name":"Schwimmverein","slug":"schwimmverein","term_group":0,"term_taxonomy_id":14421,"taxonomy":"post_tag","description":"","parent":0,"count":152,"filter":"raw","image":""},{"term_id":14388,"name":"SVL","slug":"svl","term_group":0,"term_taxonomy_id":14422,"taxonomy":"post_tag","description":"","parent":0,"count":151,"filter":"raw","image":""},{"term_id":14027,"name":"Wasserball","slug":"wasserball","term_group":0,"term_taxonomy_id":14069,"taxonomy":"post_tag","description":"","parent":0,"count":132,"filter":"raw","image":""}]},"_links":{"self":[{"href":"https:\/\/die-webzeitung.de\/stuttgart\/wp-json\/wp\/v2\/posts\/145293","targetHints":{"allow":["GET"]}}],"collection":[{"href":"https:\/\/die-webzeitung.de\/stuttgart\/wp-json\/wp\/v2\/posts"}],"about":[{"href":"https:\/\/die-webzeitung.de\/stuttgart\/wp-json\/wp\/v2\/types\/post"}],"author":[{"embeddable":true,"href":"https:\/\/die-webzeitung.de\/stuttgart\/wp-json\/wp\/v2\/users\/4"}],"replies":[{"embeddable":true,"href":"https:\/\/die-webzeitung.de\/stuttgart\/wp-json\/wp\/v2\/comments?post=145293"}],"version-history":[{"count":0,"href":"https:\/\/die-webzeitung.de\/stuttgart\/wp-json\/wp\/v2\/posts\/145293\/revisions"}],"wp:featuredmedia":[{"embeddable":true,"href":"https:\/\/die-webzeitung.de\/stuttgart\/wp-json\/wp\/v2\/media\/145294"}],"wp:attachment":[{"href":"https:\/\/die-webzeitung.de\/stuttgart\/wp-json\/wp\/v2\/media?parent=145293"}],"wp:term":[{"taxonomy":"category","embeddable":true,"href":"https:\/\/die-webzeitung.de\/stuttgart\/wp-json\/wp\/v2\/categories?post=145293"},{"taxonomy":"post_tag","embeddable":true,"href":"https:\/\/die-webzeitung.de\/stuttgart\/wp-json\/wp\/v2\/tags?post=145293"}],"curies":[{"name":"wp","href":"https:\/\/api.w.org\/{rel}","templated":true}]}}