{"id":145268,"date":"2022-03-05T16:34:25","date_gmt":"2022-03-05T15:34:25","guid":{"rendered":"https:\/\/die-webzeitung.de\/stuttgart\/2022\/03\/05\/zwei-detonationen-in-ludwigsburg-und-umgebung\/"},"modified":"2022-03-06T10:49:00","modified_gmt":"2022-03-06T09:49:00","slug":"zwei-detonationen-in-ludwigsburg-und-umgebung","status":"publish","type":"post","link":"https:\/\/die-webzeitung.de\/stuttgart\/2022\/03\/05\/zwei-detonationen-in-ludwigsburg-und-umgebung\/","title":{"rendered":"Zwei Detonationen im Gro\u00dfraum Stuttgart und Umgebung"},"content":{"rendered":"<h5 id=\"anker19378353\" class=\"c-h1\" style=\"text-align: justify;\"><strong> Keine Gefahrensituation<\/strong><\/h5>\n<p class=\"c-text\" style=\"text-align: justify;\">Ludwigsburg.| F\u00fcr zahlreiche Anrufe sorgten heute zwei laute Detonationen, die gegen 14.10 Uhr in Ludwigsburg und weit dar\u00fcber hinaus zu h\u00f6ren waren. Es handelte sich um den \u00dcberschall-Knall zweier Abfangj\u00e4ger der Luftwaffe und es bestand keine Gefahrensituation, teilt die Polizei mit.<\/p>\n<p style=\"text-align: justify;\">Die Abfangj\u00e4ger waren offensichtlich als Unterst\u00fctzung auf dem Weg zu einem zivilen Flugzeug das Funkprobleme hatte, die sich dann aber erledigten.<\/p>\n<hr \/>\n<p id=\"anker19378354\" class=\"c-text\" style=\"text-align: justify;\">\n","protected":false},"excerpt":{"rendered":"<p>Keine Gefahrensituation Ludwigsburg.| F\u00fcr zahlreiche Anrufe sorgten heute zwei laute Detonationen, die gegen 14.10 Uhr in Ludwigsburg und weit dar\u00fcber hinaus zu h\u00f6ren waren. Es handelte sich um den \u00dcberschall-Knall zweier Abfangj\u00e4ger der Luftwaffe und es bestand keine Gefahrensituation, teilt die Polizei mit. Die Abfangj\u00e4ger waren offensichtlich als Unterst\u00fctzung auf dem Weg zu einem zivilen [&hellip;]<\/p>\n","protected":false},"author":4,"featured_media":145269,"comment_status":"closed","ping_status":"open","sticky":false,"template":"","format":"standard","meta":{"inline_featured_image":false,"_exactmetrics_skip_tracking":false,"_exactmetrics_sitenote_active":false,"_exactmetrics_sitenote_note":"","_exactmetrics_sitenote_category":0,"footnotes":""},"categories":[59],"tags":[17317,9774,14857,17318,5,17319,6,68,17320],"class_list":{"0":"post-145268","1":"post","2":"type-post","3":"status-publish","4":"format-standard","5":"has-post-thumbnail","7":"category-aktuell","8":"tag-abfangjaeger","9":"tag-bundeswehr","10":"tag-die-webzeitung","11":"tag-eurofighter","12":"tag-internetzeitung","13":"tag-knall","14":"tag-ludwigsburg","15":"tag-online-zeitung","16":"tag-schallmauer"},"image_feature":"https:\/\/die-webzeitung.de\/stuttgart\/wp-content\/uploads\/sites\/4\/2022\/03\/eurofighter-g19baea842_640.jpg","author_name":"Redaktion","pure_taxonomies":{"categories":[{"term_id":59,"name":"Aktuell","slug":"aktuell","term_group":0,"term_taxonomy_id":60,"taxonomy":"category","description":"","parent":0,"count":1018,"filter":"raw","image":""}],"tags":[{"term_id":17317,"name":"Abfangj\u00e4ger","slug":"abfangjaeger","term_group":0,"term_taxonomy_id":17336,"taxonomy":"post_tag","description":"","parent":0,"count":1,"filter":"raw","image":""},{"term_id":9774,"name":"Bundeswehr","slug":"bundeswehr","term_group":0,"term_taxonomy_id":9805,"taxonomy":"post_tag","description":"","parent":0,"count":4,"filter":"raw","image":""},{"term_id":14857,"name":"Die-Webzeitung","slug":"die-webzeitung","term_group":0,"term_taxonomy_id":14876,"taxonomy":"post_tag","description":"","parent":0,"count":3628,"filter":"raw","image":""},{"term_id":17318,"name":"Eurofighter","slug":"eurofighter","term_group":0,"term_taxonomy_id":17337,"taxonomy":"post_tag","description":"","parent":0,"count":1,"filter":"raw","image":""},{"term_id":5,"name":"Internetzeitung","slug":"internetzeitung","term_group":0,"term_taxonomy_id":5,"taxonomy":"post_tag","description":"","parent":0,"count":1461,"filter":"raw","image":""},{"term_id":17319,"name":"Knall","slug":"knall","term_group":0,"term_taxonomy_id":17338,"taxonomy":"post_tag","description":"","parent":0,"count":1,"filter":"raw","image":""},{"term_id":6,"name":"Ludwigsburg","slug":"ludwigsburg","term_group":0,"term_taxonomy_id":6,"taxonomy":"post_tag","description":"","parent":0,"count":180,"filter":"raw","image":""},{"term_id":68,"name":"Online-Zeitung","slug":"online-zeitung","term_group":0,"term_taxonomy_id":69,"taxonomy":"post_tag","description":"","parent":0,"count":3598,"filter":"raw","image":""},{"term_id":17320,"name":"Schallmauer","slug":"schallmauer","term_group":0,"term_taxonomy_id":17339,"taxonomy":"post_tag","description":"","parent":0,"count":1,"filter":"raw","image":""}]},"_links":{"self":[{"href":"https:\/\/die-webzeitung.de\/stuttgart\/wp-json\/wp\/v2\/posts\/145268","targetHints":{"allow":["GET"]}}],"collection":[{"href":"https:\/\/die-webzeitung.de\/stuttgart\/wp-json\/wp\/v2\/posts"}],"about":[{"href":"https:\/\/die-webzeitung.de\/stuttgart\/wp-json\/wp\/v2\/types\/post"}],"author":[{"embeddable":true,"href":"https:\/\/die-webzeitung.de\/stuttgart\/wp-json\/wp\/v2\/users\/4"}],"replies":[{"embeddable":true,"href":"https:\/\/die-webzeitung.de\/stuttgart\/wp-json\/wp\/v2\/comments?post=145268"}],"version-history":[{"count":1,"href":"https:\/\/die-webzeitung.de\/stuttgart\/wp-json\/wp\/v2\/posts\/145268\/revisions"}],"predecessor-version":[{"id":145270,"href":"https:\/\/die-webzeitung.de\/stuttgart\/wp-json\/wp\/v2\/posts\/145268\/revisions\/145270"}],"wp:featuredmedia":[{"embeddable":true,"href":"https:\/\/die-webzeitung.de\/stuttgart\/wp-json\/wp\/v2\/media\/145269"}],"wp:attachment":[{"href":"https:\/\/die-webzeitung.de\/stuttgart\/wp-json\/wp\/v2\/media?parent=145268"}],"wp:term":[{"taxonomy":"category","embeddable":true,"href":"https:\/\/die-webzeitung.de\/stuttgart\/wp-json\/wp\/v2\/categories?post=145268"},{"taxonomy":"post_tag","embeddable":true,"href":"https:\/\/die-webzeitung.de\/stuttgart\/wp-json\/wp\/v2\/tags?post=145268"}],"curies":[{"name":"wp","href":"https:\/\/api.w.org\/{rel}","templated":true}]}}