{"id":145225,"date":"2022-03-01T16:01:20","date_gmt":"2022-03-01T15:01:20","guid":{"rendered":"https:\/\/die-webzeitung.de\/stuttgart\/?p=145225"},"modified":"2022-03-01T16:01:20","modified_gmt":"2022-03-01T15:01:20","slug":"novavax-ab-03-maerz-verfuegbar","status":"publish","type":"post","link":"https:\/\/die-webzeitung.de\/stuttgart\/2022\/03\/01\/novavax-ab-03-maerz-verfuegbar\/","title":{"rendered":"Novavax ab 03. M\u00e4rz verf\u00fcgbar"},"content":{"rendered":"<h5 style=\"text-align: justify;\"><strong>Vierte Impfung im Kreis Esslingen mit mRNA-Impfstoff m\u00f6glich<\/strong><\/h5>\n<p style=\"text-align: justify;\">Kreis Esslingen.| Das Landratsamt Esslingen erm\u00f6glicht gemeinsam mit dem Malteser Hilfsdienst, Apotheken und den niedergelassenen \u00c4rzten in der Fl\u00e4che des Landkreises viele niederschwellige Impfangebote.<\/p>\n<p style=\"text-align: justify;\">Ab Donnerstag, dem 03. M\u00e4rz, wird der neue Protein-Impfstoff \u201eNuvaxovid\u201c der Firma Novavax in den beiden Impfst\u00fctzpunkten in Esslingen am Neckar und N\u00fcrtingen angeboten. Termine sind f\u00fcr jedermann unter <a href=\"http:\/\/www.malteser-neckar-alb.de\/impfen.html\" target=\"_blank\" rel=\"noopener\">www.malteser-neckar-alb.de\/impfen.html<\/a> oder <a href=\"http:\/\/www.landkreis-esslingen.de\" target=\"_blank\" rel=\"noopener\">www.landkreis-esslingen.de<\/a> buchbar.<\/p>\n<p style=\"text-align: justify;\">Dem Landkreis Esslingen wurden 8.200 Impfdosen zugeteilt. Ein Teil der zu erwartenden Impfstoffmenge soll vorrangig der Personengruppe vorbehalten sein, die der ab Mitte M\u00e4rz geltenden einrichtungsbezogenen Impfpflicht nach dem Infektionsschutzgesetz unterf\u00e4llt. Dabei handelt es sich zum Beispiel um Besch\u00e4ftigte der Pflegeeinrichtungen, Krankenh\u00e4user oder Pflegedienste. Dieser Personengruppe wurde bereits Gelegenheit gegeben, sich vorab zu registrieren.<\/p>\n<p style=\"text-align: justify;\">Zwischenzeitlich empfiehlt die St\u00e4ndige Impfkommission (STIKO) f\u00fcr bestimmte Personengruppen eine zweite Auffrischungsimpfung (= zweite Booster-Impfung), also die insgesamt vierte Impfung. Zu diesen geh\u00f6ren Menschen ab 70 Jahren, Bewohner und Betreute in Einrichtungen der Pflege, Menschen mit Immunschw\u00e4che ab 5 Jahren, sowie T\u00e4tige in medizinischen Einrichtungen und Pflegeeinrichtungen.<\/p>\n<p style=\"text-align: justify;\">Diese zweite Auffrischungsimpfung soll bei gesundheitlich gef\u00e4hrdeten Personengruppen fr\u00fchestens drei Monate nach der ersten Auffrischungsimpfung erfolgen. Personal in medizinischen und pflegerischen Einrichtungen soll die zweite Auffrischungsimpfung fr\u00fchestens nach sechs Monaten nach der ersten Booster-Impfung erhalten.\u00a0Eine einzelne Impfdosis ist ausreichend. Personen, die nach erfolgter erster Auffrischungsimpfung eine Corona-Infektion durchgemacht haben, wird in der Regel vorerst keine weitere Impfung empfohlen.<\/p>\n<p style=\"text-align: justify;\">\u201eWir bieten im Landkreis derzeit an sieben Tagen in der Woche Impfungen an, zudem impfen viele \u00c4rzte und mehrere Apotheken. Das Angebot ist gro\u00df und leicht zu erreichen \u2013 bitte nehmen Sie es wahr. Trotz aller bevorstehenden Lockerungen m\u00fcssen wir die Impfquote weiter steigern, auch um f\u00fcr weitere Wellen, insbesondere im Herbst und Winter, gewappnet zu sein. Sch\u00fctzen Sie sich und andere und lassen Sie sich gegen Corona impfen.\u201c, appelliert Peter Freitag, der Gesundheitsdezernent des Landkreises Esslingen.<\/p>\n<p style=\"text-align: justify;\">Auch Erstimpfungen sowie Booster-Impfungen mit den mRNA-Impfstoffen sind weiterhin fl\u00e4chendeckend im Landkreis Esslingen m\u00f6glich, so in den sechs Impfst\u00fctzpunkten. Termine dort k\u00f6nnen jederzeit unter <a href=\"http:\/\/www.malteser-neckar-alb.de\/impfen.html\" target=\"_blank\" rel=\"noopener\">www.malteser-neckar-alb.de\/impfen.html<\/a> oder <a href=\"http:\/\/www.landkreis-esslingen.de\" target=\"_blank\" rel=\"noopener\">www.landkreis-esslingen.de<\/a> gebucht werden. Alle Impfst\u00fctzpunkte k\u00f6nnen aber auch ohne Termin besucht werden.<\/p>\n<p style=\"text-align: justify;\"><strong>\u00d6ffnungszeiten:<br \/>\n<\/strong>Die Impfst\u00fctzpunkte in Esslingen am Neckar und N\u00fcrtingen sind t\u00e4glich von 11 bis 18 Uhr ge\u00f6ffnet.<\/p>\n<p style=\"text-align: justify;\">Die weiteren Standorte sind an bestimmten Tagen jeweils von 12.30 bis 18 Uhr ge\u00f6ffnet:<\/p>\n<ul style=\"text-align: justify;\">\n<li>Filderstadt: samstags\/ sonntags\/ montags,<\/li>\n<li>Kirchheim unter Teck: dienstags,<\/li>\n<li>Ostfildern: donnerstags\/ freitags\/ samstags<\/li>\n<li>Plochingen: mittwochs.<\/li>\n<\/ul>\n<p style=\"text-align: justify;\">Zudem impfen die niedergelassenen \u00c4rzte in derzeit 332 Praxen im Kreis und sind \u00fcber <a href=\"http:\/\/www.arztsuche-bw.de\" target=\"_blank\" rel=\"noopener\">www.arztsuche-bw.de<\/a> zu finden. Impfende Apotheken lassen sich \u00fcber die Homepage der Landesapothekerkammer unter <a href=\"http:\/\/www.lak-bw.de\" target=\"_blank\" rel=\"noopener\">www.lak-bw.de<\/a> ermitteln.<\/p>\n<p style=\"text-align: justify;\"><strong>Rund um die Impfung:<br \/>\n<\/strong>m\u00f6glich sind Erst, Zweit- und Auffrischungsimpfungen (\u201eBooster\u201c). Zum Termin werden der Personalausweis, wenn m\u00f6glich der Impfausweis und die Krankenkassenkarte, ben\u00f6tigt. Bei Zweit- und Auffrischungsimpfungen muss der Nachweis der bisherigen Covid-19-Impfungen mitgebracht werden. Wer einen Termin bucht, muss die Terminbest\u00e4tigung vorlegen (ausgedruckt oder digital). Personen unter 16 Jahren k\u00f6nnen nur in Begleitung eines Sorgeberechtigten geimpft werden.<\/p>\n<hr \/>\n<p style=\"text-align: justify;\">\n","protected":false},"excerpt":{"rendered":"<p>Vierte Impfung im Kreis Esslingen mit mRNA-Impfstoff m\u00f6glich Kreis Esslingen.| Das Landratsamt Esslingen erm\u00f6glicht gemeinsam mit dem Malteser Hilfsdienst, Apotheken und den niedergelassenen \u00c4rzten in der Fl\u00e4che des Landkreises viele niederschwellige Impfangebote. Ab Donnerstag, dem 03. M\u00e4rz, wird der neue Protein-Impfstoff \u201eNuvaxovid\u201c der Firma Novavax in den beiden Impfst\u00fctzpunkten in Esslingen am Neckar und N\u00fcrtingen [&hellip;]<\/p>\n","protected":false},"author":4,"featured_media":0,"comment_status":"closed","ping_status":"open","sticky":false,"template":"","format":"standard","meta":{"inline_featured_image":false,"_exactmetrics_skip_tracking":false,"_exactmetrics_sitenote_active":false,"_exactmetrics_sitenote_note":"","_exactmetrics_sitenote_category":0,"footnotes":""},"categories":[2247],"tags":[14857,14440,4925,17308,68],"class_list":{"0":"post-145225","1":"post","2":"type-post","3":"status-publish","4":"format-standard","6":"category-kreis-esslingen","7":"tag-die-webzeitung","8":"tag-esslingen","9":"tag-impfung","10":"tag-novavax","11":"tag-online-zeitung"},"image_feature":null,"author_name":"Redaktion","pure_taxonomies":{"categories":[{"term_id":2247,"name":"Kreis Esslingen","slug":"kreis-esslingen","term_group":0,"term_taxonomy_id":2260,"taxonomy":"category","description":"Informationen aus dem Landkreis Esslingen","parent":171,"count":214,"filter":"raw","image":""}],"tags":[{"term_id":14857,"name":"Die-Webzeitung","slug":"die-webzeitung","term_group":0,"term_taxonomy_id":14876,"taxonomy":"post_tag","description":"","parent":0,"count":3628,"filter":"raw","image":""},{"term_id":14440,"name":"Esslingen","slug":"esslingen","term_group":0,"term_taxonomy_id":3885,"taxonomy":"post_tag","description":"","parent":0,"count":202,"filter":"raw","image":""},{"term_id":4925,"name":"Impfung","slug":"impfung","term_group":0,"term_taxonomy_id":4942,"taxonomy":"post_tag","description":"","parent":0,"count":11,"filter":"raw","image":""},{"term_id":17308,"name":"Novavax","slug":"novavax","term_group":0,"term_taxonomy_id":17327,"taxonomy":"post_tag","description":"","parent":0,"count":2,"filter":"raw","image":""},{"term_id":68,"name":"Online-Zeitung","slug":"online-zeitung","term_group":0,"term_taxonomy_id":69,"taxonomy":"post_tag","description":"","parent":0,"count":3598,"filter":"raw","image":""}]},"_links":{"self":[{"href":"https:\/\/die-webzeitung.de\/stuttgart\/wp-json\/wp\/v2\/posts\/145225","targetHints":{"allow":["GET"]}}],"collection":[{"href":"https:\/\/die-webzeitung.de\/stuttgart\/wp-json\/wp\/v2\/posts"}],"about":[{"href":"https:\/\/die-webzeitung.de\/stuttgart\/wp-json\/wp\/v2\/types\/post"}],"author":[{"embeddable":true,"href":"https:\/\/die-webzeitung.de\/stuttgart\/wp-json\/wp\/v2\/users\/4"}],"replies":[{"embeddable":true,"href":"https:\/\/die-webzeitung.de\/stuttgart\/wp-json\/wp\/v2\/comments?post=145225"}],"version-history":[{"count":1,"href":"https:\/\/die-webzeitung.de\/stuttgart\/wp-json\/wp\/v2\/posts\/145225\/revisions"}],"predecessor-version":[{"id":145226,"href":"https:\/\/die-webzeitung.de\/stuttgart\/wp-json\/wp\/v2\/posts\/145225\/revisions\/145226"}],"wp:attachment":[{"href":"https:\/\/die-webzeitung.de\/stuttgart\/wp-json\/wp\/v2\/media?parent=145225"}],"wp:term":[{"taxonomy":"category","embeddable":true,"href":"https:\/\/die-webzeitung.de\/stuttgart\/wp-json\/wp\/v2\/categories?post=145225"},{"taxonomy":"post_tag","embeddable":true,"href":"https:\/\/die-webzeitung.de\/stuttgart\/wp-json\/wp\/v2\/tags?post=145225"}],"curies":[{"name":"wp","href":"https:\/\/api.w.org\/{rel}","templated":true}]}}