{"id":145172,"date":"2022-02-25T14:29:11","date_gmt":"2022-02-25T13:29:11","guid":{"rendered":"https:\/\/die-webzeitung.de\/stuttgart\/?p=145172"},"modified":"2022-02-25T14:29:11","modified_gmt":"2022-02-25T13:29:11","slug":"novavax-termine-zunaechst-nur-im-kreisimpfstuetzpunkt-kis","status":"publish","type":"post","link":"https:\/\/die-webzeitung.de\/stuttgart\/2022\/02\/25\/novavax-termine-zunaechst-nur-im-kreisimpfstuetzpunkt-kis\/","title":{"rendered":"Novavax-Termine zun\u00e4chst nur im Kreisimpfst\u00fctzpunkt (KIS)"},"content":{"rendered":"<ul>\n<li style=\"text-align: justify;\"><strong>Landkreis B\u00f6blingen befolgt die Empfehlungen des Landes<\/strong><\/li>\n<li style=\"text-align: justify;\"><strong>Gesundheitsamt ist im Gespr\u00e4ch mit den Einrichtungen mit Blick auf die einrichtungsbezogene Impfpflicht<\/strong><\/li>\n<\/ul>\n<p style=\"text-align: justify;\">Kreis B\u00f6blingen.| Ende Februar \/ Anfang M\u00e4rz wird die Auslieferung des Impfstoffs der Firma Novavax an die Landkreise erwartet. Das Land verteilt diesen ausschlie\u00dflich an die Landkreise und hat in Bezug auf die Verwendung klare Vorgaben gemacht. Mit Blick auf den Stichtag der einrichtungsbezogenen Impfpflicht (15. M\u00e4rz 2022) soll Novavax anfangs vorrangig den Besch\u00e4ftigten in medizinischen und pflegerischen Bereichen vorbehalten sein soll. Zudem muss der Landkreis selbst eine Lagerhaltung f\u00fcr die Zweitimpfung anlegen. Deshalb werden die ersten Impfdosen des neuen Impfstoffs nur im Kreisimpfst\u00fctzpunkt (KIS) selbst verimpft.<\/p>\n<p style=\"text-align: justify;\">\u201eWir halten uns an die Vorgaben des Landes\u201c, betont Landrat Roland Bernhard. \u201eIn der ersten Lieferung erwarten wir ca. 6.500 Impfdosen. Mit der vorgeschriebenen Lagerhaltung f\u00fcr die Zweitimpfung und der priorit\u00e4ren Behandlung Aller, die von der einrichtungsbezogenen Impfpflicht betroffen sind, bleiben zun\u00e4chst zu viele Unklarheiten, wie viele freie Termine es f\u00fcr den Impfstoff \u00fcberhaupt geben wird.\u201c Man werde deshalb zun\u00e4chst ausschlie\u00dflich zentral im KIS impfen. \u201eEs macht aus der ersten Lieferung keinen Sinn, Abgaben an die \u00c4rzteschaft zu versprechen, die wir dann vermutlich nicht halten k\u00f6nnen\u201c, wirbt der Landrat f\u00fcr Verst\u00e4ndnis. Die Betonung liege darauf, dass das aber nur f\u00fcr die Anfangsphase gelte.<\/p>\n<p style=\"text-align: justify;\">Mit Blick auf die einrichtungsbezogene Impfpflicht und den herannahenden Stichtag ist der Landkreis mit den Einrichtungen im Gespr\u00e4ch. Man sei in einem guten Austausch. \u00dcber ein zentrales Meldeportal sollen die Meldungen nach dem 15. M\u00e4rz eingehen. Sie werden erfasst, die Betroffenen werden angeschrieben und nochmals angemahnt. Wird dann kein entsprechender Nachweis vorgelegt, gilt es ein Betretungs- oder Besch\u00e4ftigungsverbot zu pr\u00fcfen. Dazu werden zun\u00e4chst die\/der jeweils Betroffene und die Einrichtung angeh\u00f6rt, anschlie\u00dfend wird entschieden. \u201eWir haben den hohen Anspruch an uns selbst, die individuellen Bed\u00fcrfnisse der Einrichtungen bestm\u00f6glich zu ber\u00fccksichtigen\u201c, sagt Landrat Bernhard. Man wolle das Ermessen, das man als Beh\u00f6rde habe, gr\u00f6\u00dftm\u00f6glich aus\u00fcben.<\/p>\n<p style=\"text-align: justify;\">F\u00fcr die Impfung mit Novavax, auf die man diesbez\u00fcglich noch einige Hoffnung setzt, wurden viele Einrichtungen bereits angeschrieben.Aber auch, wer auf diesem Weg bisher nichts geh\u00f6rt hat: Wenn die Novavax-Termine in der Terminvereinbarungssoftware des KIS eingestellt sind, erfolgt bei Terminbuchung eine Abfrage, ob man aus beruflichen Gr\u00fcnden f\u00fcr den Impfstoff berechtigt ist. Mit Terminen wird voraussichtlich ab KW 10 gerechnet; noch ist n\u00e4mlich das genaue Lieferdatum f\u00fcr die Impfdosen weiter unklar.<\/p>\n<p style=\"text-align: justify;\">Das Land verteilt sein Kontingent \u00fcber einen Einwohnerschl\u00fcssel unter den einzelnen Landkreisen. Generell ist Novavax nat\u00fcrlich f\u00fcr alle zug\u00e4nglich. Der Impfstoff wird in zwei Impfungen im Abstand von drei Wochen verabreicht. \u201eIch verbinde mit dem weiteren Impfangebot die Hoffnung, dass sich noch mehr Menschen f\u00fcr eine Impfung entschlie\u00dfen, die den bisherigen Impfstoffen gegen\u00fcber misstrauisch waren\u201c, so Bernhard. \u201eEine h\u00f6here Impfquote gerade in solchen Bereichen wie Altenpflegeheimen oder Einrichtungen, wo Menschen mit Behinderungen leben, ist zwingend n\u00f6tig, um diese besonders gef\u00e4hrdete Gruppe von Menschen zu sch\u00fctzen.\u201c<\/p>\n<p style=\"text-align: justify;\">In Zusammenhang mit der einrichtungsbezogenen Impfpflicht hat das Land dieser Tage einen Handlungsleitfaden erarbeitet, der praxisbezogene Hilfestellungen liefert. Dabei handelt es sich um Informationen f\u00fcr betroffene Einrichtungen und Unternehmen. Der Link dazu findet sich auf der Homepage des Landkreises. Dort finden sich auch die Infos rund um den Impfstoff Novavax und der Link zur Terminvereinbarung f\u00fcr den KIS. <a href=\"http:\/\/www.lrabb.de\" target=\"_blank\" rel=\"noopener\">www.lrabb.de<\/a>, Stichwort \u201eInformationen zur Corona-Impfung\u201c.<\/p>\n<hr \/>\n<p style=\"text-align: justify;\">\n","protected":false},"excerpt":{"rendered":"<p>Landkreis B\u00f6blingen befolgt die Empfehlungen des Landes Gesundheitsamt ist im Gespr\u00e4ch mit den Einrichtungen mit Blick auf die einrichtungsbezogene Impfpflicht Kreis B\u00f6blingen.| Ende Februar \/ Anfang M\u00e4rz wird die Auslieferung des Impfstoffs der Firma Novavax an die Landkreise erwartet. Das Land verteilt diesen ausschlie\u00dflich an die Landkreise und hat in Bezug auf die Verwendung klare [&hellip;]<\/p>\n","protected":false},"author":4,"featured_media":0,"comment_status":"closed","ping_status":"open","sticky":false,"template":"","format":"standard","meta":{"inline_featured_image":false,"_exactmetrics_skip_tracking":false,"_exactmetrics_sitenote_active":false,"_exactmetrics_sitenote_note":"","_exactmetrics_sitenote_category":0,"footnotes":""},"categories":[59,2246],"tags":[3061,16573,14857,5,17220,17307,17308,68],"class_list":{"0":"post-145172","1":"post","2":"type-post","3":"status-publish","4":"format-standard","6":"category-aktuell","7":"category-kreis-boeblingen","8":"tag-boblingen","9":"tag-corona","10":"tag-die-webzeitung","11":"tag-internetzeitung","12":"tag-kis","13":"tag-kreisimpfstuetzpunkt","14":"tag-novavax","15":"tag-online-zeitung"},"image_feature":null,"author_name":"Redaktion","pure_taxonomies":{"categories":[{"term_id":59,"name":"Aktuell","slug":"aktuell","term_group":0,"term_taxonomy_id":60,"taxonomy":"category","description":"","parent":0,"count":1018,"filter":"raw","image":""},{"term_id":2246,"name":"Kreis B\u00f6blingen","slug":"kreis-boeblingen","term_group":0,"term_taxonomy_id":2259,"taxonomy":"category","description":"","parent":171,"count":197,"filter":"raw","image":""}],"tags":[{"term_id":3061,"name":"B\u00f6blingen","slug":"boblingen","term_group":0,"term_taxonomy_id":3075,"taxonomy":"post_tag","description":"","parent":0,"count":260,"filter":"raw","image":""},{"term_id":16573,"name":"Corona","slug":"corona","term_group":0,"term_taxonomy_id":16592,"taxonomy":"post_tag","description":"","parent":0,"count":81,"filter":"raw","image":""},{"term_id":14857,"name":"Die-Webzeitung","slug":"die-webzeitung","term_group":0,"term_taxonomy_id":14876,"taxonomy":"post_tag","description":"","parent":0,"count":3628,"filter":"raw","image":""},{"term_id":5,"name":"Internetzeitung","slug":"internetzeitung","term_group":0,"term_taxonomy_id":5,"taxonomy":"post_tag","description":"","parent":0,"count":1461,"filter":"raw","image":""},{"term_id":17220,"name":"KIS","slug":"kis","term_group":0,"term_taxonomy_id":17239,"taxonomy":"post_tag","description":"","parent":0,"count":4,"filter":"raw","image":""},{"term_id":17307,"name":"Kreisimpfst\u00fctzpunkt","slug":"kreisimpfstuetzpunkt","term_group":0,"term_taxonomy_id":17326,"taxonomy":"post_tag","description":"","parent":0,"count":1,"filter":"raw","image":""},{"term_id":17308,"name":"Novavax","slug":"novavax","term_group":0,"term_taxonomy_id":17327,"taxonomy":"post_tag","description":"","parent":0,"count":2,"filter":"raw","image":""},{"term_id":68,"name":"Online-Zeitung","slug":"online-zeitung","term_group":0,"term_taxonomy_id":69,"taxonomy":"post_tag","description":"","parent":0,"count":3598,"filter":"raw","image":""}]},"_links":{"self":[{"href":"https:\/\/die-webzeitung.de\/stuttgart\/wp-json\/wp\/v2\/posts\/145172","targetHints":{"allow":["GET"]}}],"collection":[{"href":"https:\/\/die-webzeitung.de\/stuttgart\/wp-json\/wp\/v2\/posts"}],"about":[{"href":"https:\/\/die-webzeitung.de\/stuttgart\/wp-json\/wp\/v2\/types\/post"}],"author":[{"embeddable":true,"href":"https:\/\/die-webzeitung.de\/stuttgart\/wp-json\/wp\/v2\/users\/4"}],"replies":[{"embeddable":true,"href":"https:\/\/die-webzeitung.de\/stuttgart\/wp-json\/wp\/v2\/comments?post=145172"}],"version-history":[{"count":1,"href":"https:\/\/die-webzeitung.de\/stuttgart\/wp-json\/wp\/v2\/posts\/145172\/revisions"}],"predecessor-version":[{"id":145173,"href":"https:\/\/die-webzeitung.de\/stuttgart\/wp-json\/wp\/v2\/posts\/145172\/revisions\/145173"}],"wp:attachment":[{"href":"https:\/\/die-webzeitung.de\/stuttgart\/wp-json\/wp\/v2\/media?parent=145172"}],"wp:term":[{"taxonomy":"category","embeddable":true,"href":"https:\/\/die-webzeitung.de\/stuttgart\/wp-json\/wp\/v2\/categories?post=145172"},{"taxonomy":"post_tag","embeddable":true,"href":"https:\/\/die-webzeitung.de\/stuttgart\/wp-json\/wp\/v2\/tags?post=145172"}],"curies":[{"name":"wp","href":"https:\/\/api.w.org\/{rel}","templated":true}]}}