{"id":145145,"date":"2022-02-22T17:40:32","date_gmt":"2022-02-22T16:40:32","guid":{"rendered":"https:\/\/die-webzeitung.de\/stuttgart\/?p=145145"},"modified":"2022-02-22T17:40:32","modified_gmt":"2022-02-22T16:40:32","slug":"gedenktafel-am-rathaus-wird-erneut-entfernt","status":"publish","type":"post","link":"https:\/\/die-webzeitung.de\/stuttgart\/2022\/02\/22\/gedenktafel-am-rathaus-wird-erneut-entfernt\/","title":{"rendered":"Gedenktafel am Rathaus wird erneut entfernt"},"content":{"rendered":"<h5 style=\"text-align: justify;\"><strong>Stadt will den Prozess zum Thema Erinnerungskultur auf andere Weise in Gang setzen<\/strong><\/h5>\n<p style=\"text-align: justify;\">Stuttgart.| Die Landeshauptstadt Stuttgart wird das illegal am Rathaus angebrachte Schild zum Gedenken an die Opfer des Anschlags von Hanau zeitnah entfernen. Zur Anbringung des Schildes hatte sich wie schon im letzten Jahr die Initiative \u201eStuttgart gegen Rechts\u201c bekannt. Vor einem Jahr hatte die Stadtverwaltung die Tafel bereits ein erstes Mal entfernen lassen, unter anderem aus Gr\u00fcnden der Gleichbehandlung.<\/p>\n<p style=\"text-align: justify;\">Das Thema Erinnerungskultur hat f\u00fcr die Landeshauptstadt Stuttgart einen hohen Stellenwert. Die illegale Anbringung eines Schildes, das gro\u00dffl\u00e4chig fest mit dem Mauerwerk verbunden ist, ist aus Sicht der Verwaltung aber kein geeignetes Mittel, um einen Prozess zum Thema Erinnerungskultur in Gang zu setzen.<\/p>\n<p style=\"text-align: justify;\">Seit Sommer 2021 ist beim Kulturamt eine neue Koordinierungsstelle f\u00fcr Erinnerungskultur angesiedelt. Sie soll u. a. den st\u00e4dtischen Diskurs zum Thema b\u00fcndeln. In den vergangenen Monaten versuchte diese Koordinierungsstelle mehrmals, Kontakt zur Initiative &#8220;Stuttgart gegen Rechts&#8221; aufzunehmen. Bislang erhielt sie keine R\u00fcckmeldung zu einem m\u00f6glichen Gespr\u00e4chstermin.<\/p>\n<p style=\"text-align: justify;\">Gemeinsam mit einer Stuttgarter K\u00fcnstlerin hat die Koordinierungsstelle Erinnerungskultur inzwischen einen Vorschlag entwickelt, wie ein Erinnerungsort an die Opfer des Anschlags von Hanau dauerhaft eingerichtet werden k\u00f6nnte. Eine Umsetzung sollte aus Sicht der Koordinierungsstelle jedoch in Abstimmung mit den zivilgesellschaftlichen Initiativen in Stuttgart und insbesondere mit den Angeh\u00f6rigen der Opfer von Hanau erfolgen. Die Verwaltung der Landeshauptstadt ist f\u00fcr einen Austausch und eine Zusammenarbeit mit der Initiative \u201eStuttgart gegen Rechts\u201c weiterhin offen.<\/p>\n<p style=\"text-align: justify;\">Stuttgarts Oberb\u00fcrgermeister Dr. Frank Nopper stellt die grunds\u00e4tzliche Frage, ob es angemessen sei, nur an die Opfer eines einzelnen und in diesem konkreten Fall rassistisch motivierten Anschlags zu erinnern. Er regt an: \u201eWir sollten gemeinsam mit der Koordinierungsstelle Erinnerungskultur eine geeignete Form des Gedenkens f\u00fcr alle Opfer extremistischer Gewalt finden \u2013 auch f\u00fcr die Opfer von Hanau.\u201c<\/p>\n<hr \/>\n<p style=\"text-align: justify;\">\n","protected":false},"excerpt":{"rendered":"<p>Stadt will den Prozess zum Thema Erinnerungskultur auf andere Weise in Gang setzen Stuttgart.| Die Landeshauptstadt Stuttgart wird das illegal am Rathaus angebrachte Schild zum Gedenken an die Opfer des Anschlags von Hanau zeitnah entfernen. Zur Anbringung des Schildes hatte sich wie schon im letzten Jahr die Initiative \u201eStuttgart gegen Rechts\u201c bekannt. Vor einem Jahr [&hellip;]<\/p>\n","protected":false},"author":4,"featured_media":0,"comment_status":"closed","ping_status":"open","sticky":false,"template":"","format":"standard","meta":{"inline_featured_image":false,"_exactmetrics_skip_tracking":false,"_exactmetrics_sitenote_active":false,"_exactmetrics_sitenote_note":"","_exactmetrics_sitenote_category":0,"footnotes":""},"categories":[2239],"tags":[14857,17302,16567,5,68,409,9,275],"class_list":{"0":"post-145145","1":"post","2":"type-post","3":"status-publish","4":"format-standard","6":"category-stuttgart-lokal","7":"tag-die-webzeitung","8":"tag-gedenktafel","9":"tag-hanau","10":"tag-internetzeitung","11":"tag-online-zeitung","12":"tag-opfer","13":"tag-schaumedia","14":"tag-stuttgart"},"image_feature":null,"author_name":"Redaktion","pure_taxonomies":{"categories":[{"term_id":2239,"name":"Stuttgart","slug":"stuttgart-lokal","term_group":0,"term_taxonomy_id":2252,"taxonomy":"category","description":"Berichte und Informationen aus Stuttgart","parent":1433,"count":943,"filter":"raw","image":""}],"tags":[{"term_id":14857,"name":"Die-Webzeitung","slug":"die-webzeitung","term_group":0,"term_taxonomy_id":14876,"taxonomy":"post_tag","description":"","parent":0,"count":3628,"filter":"raw","image":""},{"term_id":17302,"name":"Gedenktafel","slug":"gedenktafel","term_group":0,"term_taxonomy_id":17321,"taxonomy":"post_tag","description":"","parent":0,"count":1,"filter":"raw","image":""},{"term_id":16567,"name":"Hanau","slug":"hanau","term_group":0,"term_taxonomy_id":16586,"taxonomy":"post_tag","description":"","parent":0,"count":2,"filter":"raw","image":""},{"term_id":5,"name":"Internetzeitung","slug":"internetzeitung","term_group":0,"term_taxonomy_id":5,"taxonomy":"post_tag","description":"","parent":0,"count":1461,"filter":"raw","image":""},{"term_id":68,"name":"Online-Zeitung","slug":"online-zeitung","term_group":0,"term_taxonomy_id":69,"taxonomy":"post_tag","description":"","parent":0,"count":3598,"filter":"raw","image":""},{"term_id":409,"name":"Opfer","slug":"opfer","term_group":0,"term_taxonomy_id":416,"taxonomy":"post_tag","description":"","parent":0,"count":1,"filter":"raw","image":""},{"term_id":9,"name":"SchauMedia","slug":"schaumedia","term_group":0,"term_taxonomy_id":9,"taxonomy":"post_tag","description":"","parent":0,"count":1607,"filter":"raw","image":""},{"term_id":275,"name":"Stuttgart","slug":"stuttgart","term_group":0,"term_taxonomy_id":281,"taxonomy":"post_tag","description":"","parent":0,"count":1196,"filter":"raw","image":""}]},"_links":{"self":[{"href":"https:\/\/die-webzeitung.de\/stuttgart\/wp-json\/wp\/v2\/posts\/145145","targetHints":{"allow":["GET"]}}],"collection":[{"href":"https:\/\/die-webzeitung.de\/stuttgart\/wp-json\/wp\/v2\/posts"}],"about":[{"href":"https:\/\/die-webzeitung.de\/stuttgart\/wp-json\/wp\/v2\/types\/post"}],"author":[{"embeddable":true,"href":"https:\/\/die-webzeitung.de\/stuttgart\/wp-json\/wp\/v2\/users\/4"}],"replies":[{"embeddable":true,"href":"https:\/\/die-webzeitung.de\/stuttgart\/wp-json\/wp\/v2\/comments?post=145145"}],"version-history":[{"count":2,"href":"https:\/\/die-webzeitung.de\/stuttgart\/wp-json\/wp\/v2\/posts\/145145\/revisions"}],"predecessor-version":[{"id":145147,"href":"https:\/\/die-webzeitung.de\/stuttgart\/wp-json\/wp\/v2\/posts\/145145\/revisions\/145147"}],"wp:attachment":[{"href":"https:\/\/die-webzeitung.de\/stuttgart\/wp-json\/wp\/v2\/media?parent=145145"}],"wp:term":[{"taxonomy":"category","embeddable":true,"href":"https:\/\/die-webzeitung.de\/stuttgart\/wp-json\/wp\/v2\/categories?post=145145"},{"taxonomy":"post_tag","embeddable":true,"href":"https:\/\/die-webzeitung.de\/stuttgart\/wp-json\/wp\/v2\/tags?post=145145"}],"curies":[{"name":"wp","href":"https:\/\/api.w.org\/{rel}","templated":true}]}}