{"id":145136,"date":"2022-02-21T20:45:08","date_gmt":"2022-02-21T19:45:08","guid":{"rendered":"https:\/\/die-webzeitung.de\/stuttgart\/?p=145136"},"modified":"2022-02-21T20:45:26","modified_gmt":"2022-02-21T19:45:26","slug":"feuerwehreinsaetze-bei-sturmschaeden","status":"publish","type":"post","link":"https:\/\/die-webzeitung.de\/stuttgart\/2022\/02\/21\/feuerwehreinsaetze-bei-sturmschaeden\/","title":{"rendered":"Erfolgreiche Feuerwehreins\u00e4tze bei Sturmsch\u00e4den"},"content":{"rendered":"<h5 style=\"text-align: justify;\"><strong>Ho\u0308henretter beseitigen Sturmscha\u0308den<\/strong><\/h5>\n<ul style=\"text-align: justify;\">\n<li>Flachdach und Schornstein drohen in Stuttgart-Ost auf die Stra\u00dfe zu fallen<\/li>\n<li>Absturzgefa\u0308hrdete Dachteile an der Grabkapelle auf dem Wu\u0308rttemberg<\/li>\n<li>Sieben weitere Sturmscha\u0308den im Stadtgebiet Stuttgart<\/li>\n<li>Einsatz von Ho\u0308henrettung und Feuerwehrkran in Stuttgart-Ost<\/li>\n<\/ul>\n<p style=\"text-align: justify;\">Stuttgart.| Am fru\u0308hen Montagmorgen erreichte die Integrierte Leitstelle Stuttgart gegen 05:30 Uhr die Meldung u\u0308ber ein abgerissenes Flachdach in der Stuifenstra\u00dfe in Stuttgart-Ost. Die ersten Einsatzkra\u0308fte fanden ein absturzgefa\u0308hrdetes Flachdach vor. Zudem befand sich ein Schornstein in gefa\u0308hrlicher Schieflage.<\/p>\n<p style=\"text-align: justify;\">Die Einsatzkra\u0308fte sperrten den Gefahrenbereich ab und forderten weitere Einsatzkra\u0308fte nach. Spezialisten der Ho\u0308henrettungsgruppe begaben sich auf das Dach. U\u0308ber Seile gesichert bereiteten sie den Abtransport von Flachdach und Schornstein vor. U\u0308ber einen Feuerwehrkran wurden das Flachdach und der Schornstein abgetragen und auf der Stra\u00dfe abgelegt. Nach weiteren Sicherungsma\u00dfnahmen am Dach konnte der Einsatz beendet und die Absperrma\u00dfnahmen aufgehoben werden.<\/p>\n<p style=\"text-align: justify;\"><strong>Absturzgefa\u0308hrdete Dachteile an der Grabkapelle auf dem Wu\u0308rttemberg<\/strong><br \/>\nGegen 14:30 Uhr wurden die Ho\u0308henretter der Feuerwehr Stuttgart erneut alarmiert. An der Grabkapelle auf dem Wu\u0308rttemberg hatten sich an zwei Vorda\u0308chern Teile des Flachdachs gelo\u0308st und waren absturzgefa\u0308hrdet. Durch die Ho\u0308henretter der Feuerwehr wurden die Dachteile in einem zweistu\u0308ndigen Einsatz gesichert.<\/p>\n<p style=\"text-align: justify;\"><strong>Weitere wetterbedingte Einsatzstellen<\/strong><br \/>\nIm Stadtgebiet kam es zu sieben weiteren, wetterbedingten Einsa\u0308tzen. In Neuwirtshaus, Mo\u0308nchfeld und Vaihingen mussten Ba\u0308ume mittels Kettensa\u0308gen beseitigt werden. In Bad Cannstatt wurde eine absturzgefa\u0308hrdete Jalousie durch die Besatzung einer Drehleiter demontiert und in Stuttgart-Nord wurden die Blechverkleidung eines Kamines gesichert.<\/p>\n<hr \/>\n<p style=\"text-align: justify;\">\n","protected":false},"excerpt":{"rendered":"<p>Ho\u0308henretter beseitigen Sturmscha\u0308den Flachdach und Schornstein drohen in Stuttgart-Ost auf die Stra\u00dfe zu fallen Absturzgefa\u0308hrdete Dachteile an der Grabkapelle auf dem Wu\u0308rttemberg Sieben weitere Sturmscha\u0308den im Stadtgebiet Stuttgart Einsatz von Ho\u0308henrettung und Feuerwehrkran in Stuttgart-Ost Stuttgart.| Am fru\u0308hen Montagmorgen erreichte die Integrierte Leitstelle Stuttgart gegen 05:30 Uhr die Meldung u\u0308ber ein abgerissenes Flachdach in der [&hellip;]<\/p>\n","protected":false},"author":4,"featured_media":144524,"comment_status":"closed","ping_status":"open","sticky":false,"template":"","format":"standard","meta":{"inline_featured_image":false,"_exactmetrics_skip_tracking":false,"_exactmetrics_sitenote_active":false,"_exactmetrics_sitenote_note":"","_exactmetrics_sitenote_category":0,"footnotes":""},"categories":[59,2239],"tags":[14857,440,17217,5,68,7959,275],"class_list":{"0":"post-145136","1":"post","2":"type-post","3":"status-publish","4":"format-standard","5":"has-post-thumbnail","7":"category-aktuell","8":"category-stuttgart-lokal","9":"tag-die-webzeitung","10":"tag-feuerwehr","11":"tag-hoehenretter","12":"tag-internetzeitung","13":"tag-online-zeitung","14":"tag-sturmschaden","15":"tag-stuttgart"},"image_feature":"https:\/\/die-webzeitung.de\/stuttgart\/wp-content\/uploads\/sites\/4\/2021\/12\/Polizei.jpg","author_name":"Redaktion","pure_taxonomies":{"categories":[{"term_id":59,"name":"Aktuell","slug":"aktuell","term_group":0,"term_taxonomy_id":60,"taxonomy":"category","description":"","parent":0,"count":1018,"filter":"raw","image":""},{"term_id":2239,"name":"Stuttgart","slug":"stuttgart-lokal","term_group":0,"term_taxonomy_id":2252,"taxonomy":"category","description":"Berichte und Informationen aus Stuttgart","parent":1433,"count":943,"filter":"raw","image":""}],"tags":[{"term_id":14857,"name":"Die-Webzeitung","slug":"die-webzeitung","term_group":0,"term_taxonomy_id":14876,"taxonomy":"post_tag","description":"","parent":0,"count":3628,"filter":"raw","image":""},{"term_id":440,"name":"Feuerwehr","slug":"feuerwehr","term_group":0,"term_taxonomy_id":447,"taxonomy":"post_tag","description":"","parent":0,"count":23,"filter":"raw","image":""},{"term_id":17217,"name":"H\u00f6henretter","slug":"hoehenretter","term_group":0,"term_taxonomy_id":17236,"taxonomy":"post_tag","description":"","parent":0,"count":2,"filter":"raw","image":""},{"term_id":5,"name":"Internetzeitung","slug":"internetzeitung","term_group":0,"term_taxonomy_id":5,"taxonomy":"post_tag","description":"","parent":0,"count":1461,"filter":"raw","image":""},{"term_id":68,"name":"Online-Zeitung","slug":"online-zeitung","term_group":0,"term_taxonomy_id":69,"taxonomy":"post_tag","description":"","parent":0,"count":3598,"filter":"raw","image":""},{"term_id":7959,"name":"Sturmschaden","slug":"sturmschaden","term_group":0,"term_taxonomy_id":7981,"taxonomy":"post_tag","description":"","parent":0,"count":2,"filter":"raw","image":""},{"term_id":275,"name":"Stuttgart","slug":"stuttgart","term_group":0,"term_taxonomy_id":281,"taxonomy":"post_tag","description":"","parent":0,"count":1196,"filter":"raw","image":""}]},"_links":{"self":[{"href":"https:\/\/die-webzeitung.de\/stuttgart\/wp-json\/wp\/v2\/posts\/145136","targetHints":{"allow":["GET"]}}],"collection":[{"href":"https:\/\/die-webzeitung.de\/stuttgart\/wp-json\/wp\/v2\/posts"}],"about":[{"href":"https:\/\/die-webzeitung.de\/stuttgart\/wp-json\/wp\/v2\/types\/post"}],"author":[{"embeddable":true,"href":"https:\/\/die-webzeitung.de\/stuttgart\/wp-json\/wp\/v2\/users\/4"}],"replies":[{"embeddable":true,"href":"https:\/\/die-webzeitung.de\/stuttgart\/wp-json\/wp\/v2\/comments?post=145136"}],"version-history":[{"count":4,"href":"https:\/\/die-webzeitung.de\/stuttgart\/wp-json\/wp\/v2\/posts\/145136\/revisions"}],"predecessor-version":[{"id":145140,"href":"https:\/\/die-webzeitung.de\/stuttgart\/wp-json\/wp\/v2\/posts\/145136\/revisions\/145140"}],"wp:featuredmedia":[{"embeddable":true,"href":"https:\/\/die-webzeitung.de\/stuttgart\/wp-json\/wp\/v2\/media\/144524"}],"wp:attachment":[{"href":"https:\/\/die-webzeitung.de\/stuttgart\/wp-json\/wp\/v2\/media?parent=145136"}],"wp:term":[{"taxonomy":"category","embeddable":true,"href":"https:\/\/die-webzeitung.de\/stuttgart\/wp-json\/wp\/v2\/categories?post=145136"},{"taxonomy":"post_tag","embeddable":true,"href":"https:\/\/die-webzeitung.de\/stuttgart\/wp-json\/wp\/v2\/tags?post=145136"}],"curies":[{"name":"wp","href":"https:\/\/api.w.org\/{rel}","templated":true}]}}